{"id":972,"date":"2020-01-14T11:01:29","date_gmt":"2020-01-14T10:01:29","guid":{"rendered":"https:\/\/dicoaffairedreyfus.com\/?p=972"},"modified":"2020-04-08T16:36:27","modified_gmt":"2020-04-08T14:36:27","slug":"cesar-allemand","status":"publish","type":"post","link":"https:\/\/dicoaffairedreyfus.com\/index.php\/2020\/01\/14\/cesar-allemand\/","title":{"rendered":"C\u00e9sar Allemand"},"content":{"rendered":"<p class=\"Usuel\" style=\"text-align: justify;\"><span style=\"letter-spacing: -.1pt;\"><span style=\"font-size: 14pt;\">Allemand<\/span>, Prosper, <span style=\"font-size: 14pt;\">C\u00e9sar<\/span>, m<\/span><span style=\"letter-spacing: -.1pt;\">\u00e9decin et homme politique fran\u00e7ais, n\u00e9 \u00e0 Riez (Basses-Alpes) le 10 juin 1846*, d\u00e9c\u00e9d\u00e9 \u00e0 Allemagne-en-Provence le 27 janvier 1918.<\/span><\/p>\r\n<p><!--more--><\/p>\r\n<p class=\"Usuel\" style=\"text-align: justify;\"><span style=\"letter-spacing: -.1pt;\">Fils du pr\u00e9c\u00e9dent, lui aussi m\u00e9decin, maire de sa ville natale de 1879 \u00e0 1901, conseiller g\u00e9n\u00e9ral, Allemand fut \u00e9lu s\u00e9nateur des Basses-Alpes en juillet 1897 et joignit le groupe de la Gauche r\u00e9publicaine.\u00a0<\/span><span style=\"letter-spacing: -.1pt;\">Il n\u2019eut pas le courage de <a href=\"https:\/\/dicoaffairedreyfus.com\/index.php\/2020\/01\/13\/prosper-allemand\/\" target=\"_blank\" rel=\"noopener noreferrer\">son p\u00e8re<\/a> et, quand ce dernier prit courageusement la d\u00e9fense de <a href=\"https:\/\/dicoaffairedreyfus.com\/index.php\/2020\/01\/07\/joseph-reinach\/\" target=\"_blank\" rel=\"noopener noreferrer\">Reinach<\/a>, lui pr\u00e9f\u00e9ra, abandonner l\u2019ami de son p\u00e8re (voir <a href=\"https:\/\/gallica.bnf.fr\/ark:\/12148\/bpt6k7435930.item\" target=\"_blank\" rel=\"noopener noreferrer\">Telem, \u00ab&nbsp;L\u2019\u00e9lection des Basses-Alpes\u2008\u00bb, <i>Le Si\u00e8cle, <\/i>28 avril 1898<\/a>).\u00a0<\/span><span style=\"letter-spacing: -.1pt;\">Apr\u00e8s la d\u00e9couverte du <a href=\"https:\/\/dicoaffairedreyfus.com\/index.php\/2020\/01\/12\/faux-henry\/\" target=\"_blank\" rel=\"noopener noreferrer\">faux Henry<\/a>, il vota au S\u00e9nat avec les <a href=\"https:\/\/dicoaffairedreyfus.com\/index.php\/2020\/01\/14\/dreyfusard\/\" target=\"_blank\" rel=\"noopener noreferrer\">dreyfusards<\/a>, contre la <a href=\"https:\/\/dicoaffairedreyfus.com\/index.php\/2020\/01\/05\/loi-de-dessaisissement\/\" target=\"_blank\" rel=\"noopener noreferrer\">loi de dessaisissement<\/a>, condamna les <a href=\"https:\/\/dicoaffairedreyfus.com\/index.php\/2020\/01\/05\/incidents-dauteuil\/\" target=\"_blank\" rel=\"noopener noreferrer\">incidents d\u2019Auteuil<\/a> et vota l\u2019<a href=\"https:\/\/dicoaffairedreyfus.com\/index.php\/2020\/01\/09\/amnistie\/\" target=\"_blank\" rel=\"noopener noreferrer\">amnistie<\/a>.<\/span><\/p>\r\n\r\n<p class=\"has-text-align-right\" style=\"font-size: 10px; text-align: right;\"><em>Philippe Oriol<\/em><\/p>\r\n\r\n\r\n\r\n<div class=\"wp-block-image\">\r\n<figure class=\"aligncenter size-large is-resized\"><img loading=\"lazy\" decoding=\"async\" class=\"wp-image-974 aligncenter\" src=\"https:\/\/dicoaffairedreyfus.com\/wp-content\/uploads\/2020\/01\/C\u00e9sar-allemand.jpg\" alt=\"\" width=\"246\" height=\"357\" \/><\/figure>\r\n<\/div>\r\n","protected":false},"excerpt":{"rendered":"<p>Allemand, Prosper, C\u00e9sar, m\u00e9decin et homme politique fran\u00e7ais, n\u00e9 \u00e0 Riez (Basses-Alpes) le 10 juin 1846*, d\u00e9c\u00e9d\u00e9 \u00e0 Allemagne-en-Provence le 27 janvier 1918.<\/p>\n","protected":false},"author":1,"featured_media":0,"comment_status":"open","ping_status":"open","sticky":false,"template":"","format":"standard","meta":{"footnotes":""},"categories":[43,9,41,47,83,45],"tags":[87,130,86],"class_list":["post-972","post","type-post","status-publish","format-standard","hentry","category-conseiller-general","category-dreyfusard","category-homme-politique","category-maire","category-medecin","category-senateur","tag-affaire-dreyfus","tag-cesar-allemand-et-laffaire-dreyfus","tag-dictionnaire-de-laffaire-dreyfus"],"yoast_head":"<!-- This site is optimized with the Yoast SEO plugin v21.1 - https:\/\/yoast.com\/wordpress\/plugins\/seo\/ -->\n<title>C\u00e9sar Allemand - Dictionnaire de l&#039;affaire Dreyfus<\/title>\n<meta name=\"robots\" content=\"index, follow, max-snippet:-1, max-image-preview:large, max-video-preview:-1\" \/>\n<link rel=\"canonical\" href=\"https:\/\/dicoaffairedreyfus.com\/index.php\/2020\/01\/14\/cesar-allemand\/\" \/>\n<meta property=\"og:locale\" content=\"fr_FR\" \/>\n<meta property=\"og:type\" content=\"article\" \/>\n<meta property=\"og:title\" content=\"C\u00e9sar Allemand - Dictionnaire de l&#039;affaire Dreyfus\" \/>\n<meta property=\"og:description\" content=\"Allemand, Prosper, C\u00e9sar, m\u00e9decin et homme politique fran\u00e7ais, n\u00e9 \u00e0 Riez (Basses-Alpes) le 10 juin 1846*, d\u00e9c\u00e9d\u00e9 \u00e0 Allemagne-en-Provence le 27 janvier 1918.\" \/>\n<meta property=\"og:url\" content=\"https:\/\/dicoaffairedreyfus.com\/index.php\/2020\/01\/14\/cesar-allemand\/\" \/>\n<meta property=\"og:site_name\" content=\"Dictionnaire de l&#039;affaire Dreyfus\" \/>\n<meta property=\"article:published_time\" content=\"2020-01-14T10:01:29+00:00\" \/>\n<meta property=\"article:modified_time\" content=\"2020-04-08T14:36:27+00:00\" \/>\n<meta name=\"author\" content=\"ph.oriol\" \/>\n<meta name=\"twitter:card\" content=\"summary_large_image\" \/>\n<meta name=\"twitter:label1\" content=\"\u00c9crit par\" \/>\n\t<meta name=\"twitter:data1\" content=\"ph.oriol\" \/>\n\t<meta name=\"twitter:label2\" content=\"Dur\u00e9e de lecture estim\u00e9e\" \/>\n\t<meta name=\"twitter:data2\" content=\"1 minute\" \/>\n<script type=\"application\/ld+json\" class=\"yoast-schema-graph\">{\"@context\":\"https:\/\/schema.org\",\"@graph\":[{\"@type\":\"Article\",\"@id\":\"https:\/\/dicoaffairedreyfus.com\/index.php\/2020\/01\/14\/cesar-allemand\/#article\",\"isPartOf\":{\"@id\":\"https:\/\/dicoaffairedreyfus.com\/index.php\/2020\/01\/14\/cesar-allemand\/\"},\"author\":{\"name\":\"ph.oriol\",\"@id\":\"https:\/\/dicoaffairedreyfus.com\/#\/schema\/person\/eb6314936862b5f00f876026520b19ef\"},\"headline\":\"C\u00e9sar Allemand\",\"datePublished\":\"2020-01-14T10:01:29+00:00\",\"dateModified\":\"2020-04-08T14:36:27+00:00\",\"mainEntityOfPage\":{\"@id\":\"https:\/\/dicoaffairedreyfus.com\/index.php\/2020\/01\/14\/cesar-allemand\/\"},\"wordCount\":136,\"commentCount\":0,\"publisher\":{\"@id\":\"https:\/\/dicoaffairedreyfus.com\/#\/schema\/person\/eb6314936862b5f00f876026520b19ef\"},\"keywords\":[\"affaire Dreyfus\",\"C\u00e9sar Allemand et l'affaire Dreyfus\",\"Dictionnaire de l&#039;affaire Dreyfus\"],\"articleSection\":[\"Conseiller g\u00e9n\u00e9ral\",\"Dreyfusard\",\"Homme politique\",\"Maire\",\"M\u00e9decin\",\"S\u00e9nateur\"],\"inLanguage\":\"fr-FR\",\"potentialAction\":[{\"@type\":\"CommentAction\",\"name\":\"Comment\",\"target\":[\"https:\/\/dicoaffairedreyfus.com\/index.php\/2020\/01\/14\/cesar-allemand\/#respond\"]}]},{\"@type\":\"WebPage\",\"@id\":\"https:\/\/dicoaffairedreyfus.com\/index.php\/2020\/01\/14\/cesar-allemand\/\",\"url\":\"https:\/\/dicoaffairedreyfus.com\/index.php\/2020\/01\/14\/cesar-allemand\/\",\"name\":\"C\u00e9sar Allemand - Dictionnaire de l&#039;affaire Dreyfus\",\"isPartOf\":{\"@id\":\"https:\/\/dicoaffairedreyfus.com\/#website\"},\"datePublished\":\"2020-01-14T10:01:29+00:00\",\"dateModified\":\"2020-04-08T14:36:27+00:00\",\"breadcrumb\":{\"@id\":\"https:\/\/dicoaffairedreyfus.com\/index.php\/2020\/01\/14\/cesar-allemand\/#breadcrumb\"},\"inLanguage\":\"fr-FR\",\"potentialAction\":[{\"@type\":\"ReadAction\",\"target\":[\"https:\/\/dicoaffairedreyfus.com\/index.php\/2020\/01\/14\/cesar-allemand\/\"]}]},{\"@type\":\"BreadcrumbList\",\"@id\":\"https:\/\/dicoaffairedreyfus.com\/index.php\/2020\/01\/14\/cesar-allemand\/#breadcrumb\",\"itemListElement\":[{\"@type\":\"ListItem\",\"position\":1,\"name\":\"Accueil\",\"item\":\"https:\/\/dicoaffairedreyfus.com\/\"},{\"@type\":\"ListItem\",\"position\":2,\"name\":\"C\u00e9sar Allemand\"}]},{\"@type\":\"WebSite\",\"@id\":\"https:\/\/dicoaffairedreyfus.com\/#website\",\"url\":\"https:\/\/dicoaffairedreyfus.com\/\",\"name\":\"Dictionnaire de l&#039;affaire Dreyfus\",\"description\":\"Tout sur l&#039;affaire Dreyfus\",\"publisher\":{\"@id\":\"https:\/\/dicoaffairedreyfus.com\/#\/schema\/person\/eb6314936862b5f00f876026520b19ef\"},\"potentialAction\":[{\"@type\":\"SearchAction\",\"target\":{\"@type\":\"EntryPoint\",\"urlTemplate\":\"https:\/\/dicoaffairedreyfus.com\/?s={search_term_string}\"},\"query-input\":\"required name=search_term_string\"}],\"inLanguage\":\"fr-FR\"},{\"@type\":[\"Person\",\"Organization\"],\"@id\":\"https:\/\/dicoaffairedreyfus.com\/#\/schema\/person\/eb6314936862b5f00f876026520b19ef\",\"name\":\"ph.oriol\",\"image\":{\"@type\":\"ImageObject\",\"inLanguage\":\"fr-FR\",\"@id\":\"https:\/\/dicoaffairedreyfus.com\/#\/schema\/person\/image\/\",\"url\":\"https:\/\/secure.gravatar.com\/avatar\/90cd184f47237a6b9abd891ba824fbed?s=96&d=mm&r=g\",\"contentUrl\":\"https:\/\/secure.gravatar.com\/avatar\/90cd184f47237a6b9abd891ba824fbed?s=96&d=mm&r=g\",\"caption\":\"ph.oriol\"},\"logo\":{\"@id\":\"https:\/\/dicoaffairedreyfus.com\/#\/schema\/person\/image\/\"},\"sameAs\":[\"http:\/\/affaire-dreyfus.com\/\"]}]}<\/script>\n<!-- \/ Yoast SEO plugin. -->","yoast_head_json":{"title":"C\u00e9sar Allemand - Dictionnaire de l&#039;affaire Dreyfus","robots":{"index":"index","follow":"follow","max-snippet":"max-snippet:-1","max-image-preview":"max-image-preview:large","max-video-preview":"max-video-preview:-1"},"canonical":"https:\/\/dicoaffairedreyfus.com\/index.php\/2020\/01\/14\/cesar-allemand\/","og_locale":"fr_FR","og_type":"article","og_title":"C\u00e9sar Allemand - Dictionnaire de l&#039;affaire Dreyfus","og_description":"Allemand, Prosper, C\u00e9sar, m\u00e9decin et homme politique fran\u00e7ais, n\u00e9 \u00e0 Riez (Basses-Alpes) le 10 juin 1846*, d\u00e9c\u00e9d\u00e9 \u00e0 Allemagne-en-Provence le 27 janvier 1918.","og_url":"https:\/\/dicoaffairedreyfus.com\/index.php\/2020\/01\/14\/cesar-allemand\/","og_site_name":"Dictionnaire de l&#039;affaire Dreyfus","article_published_time":"2020-01-14T10:01:29+00:00","article_modified_time":"2020-04-08T14:36:27+00:00","author":"ph.oriol","twitter_card":"summary_large_image","twitter_misc":{"\u00c9crit par":"ph.oriol","Dur\u00e9e de lecture estim\u00e9e":"1 minute"},"schema":{"@context":"https:\/\/schema.org","@graph":[{"@type":"Article","@id":"https:\/\/dicoaffairedreyfus.com\/index.php\/2020\/01\/14\/cesar-allemand\/#article","isPartOf":{"@id":"https:\/\/dicoaffairedreyfus.com\/index.php\/2020\/01\/14\/cesar-allemand\/"},"author":{"name":"ph.oriol","@id":"https:\/\/dicoaffairedreyfus.com\/#\/schema\/person\/eb6314936862b5f00f876026520b19ef"},"headline":"C\u00e9sar Allemand","datePublished":"2020-01-14T10:01:29+00:00","dateModified":"2020-04-08T14:36:27+00:00","mainEntityOfPage":{"@id":"https:\/\/dicoaffairedreyfus.com\/index.php\/2020\/01\/14\/cesar-allemand\/"},"wordCount":136,"commentCount":0,"publisher":{"@id":"https:\/\/dicoaffairedreyfus.com\/#\/schema\/person\/eb6314936862b5f00f876026520b19ef"},"keywords":["affaire Dreyfus","C\u00e9sar Allemand et l'affaire Dreyfus","Dictionnaire de l&#039;affaire Dreyfus"],"articleSection":["Conseiller g\u00e9n\u00e9ral","Dreyfusard","Homme politique","Maire","M\u00e9decin","S\u00e9nateur"],"inLanguage":"fr-FR","potentialAction":[{"@type":"CommentAction","name":"Comment","target":["https:\/\/dicoaffairedreyfus.com\/index.php\/2020\/01\/14\/cesar-allemand\/#respond"]}]},{"@type":"WebPage","@id":"https:\/\/dicoaffairedreyfus.com\/index.php\/2020\/01\/14\/cesar-allemand\/","url":"https:\/\/dicoaffairedreyfus.com\/index.php\/2020\/01\/14\/cesar-allemand\/","name":"C\u00e9sar Allemand - Dictionnaire de l&#039;affaire Dreyfus","isPartOf":{"@id":"https:\/\/dicoaffairedreyfus.com\/#website"},"datePublished":"2020-01-14T10:01:29+00:00","dateModified":"2020-04-08T14:36:27+00:00","breadcrumb":{"@id":"https:\/\/dicoaffairedreyfus.com\/index.php\/2020\/01\/14\/cesar-allemand\/#breadcrumb"},"inLanguage":"fr-FR","potentialAction":[{"@type":"ReadAction","target":["https:\/\/dicoaffairedreyfus.com\/index.php\/2020\/01\/14\/cesar-allemand\/"]}]},{"@type":"BreadcrumbList","@id":"https:\/\/dicoaffairedreyfus.com\/index.php\/2020\/01\/14\/cesar-allemand\/#breadcrumb","itemListElement":[{"@type":"ListItem","position":1,"name":"Accueil","item":"https:\/\/dicoaffairedreyfus.com\/"},{"@type":"ListItem","position":2,"name":"C\u00e9sar Allemand"}]},{"@type":"WebSite","@id":"https:\/\/dicoaffairedreyfus.com\/#website","url":"https:\/\/dicoaffairedreyfus.com\/","name":"Dictionnaire de l&#039;affaire Dreyfus","description":"Tout sur l&#039;affaire Dreyfus","publisher":{"@id":"https:\/\/dicoaffairedreyfus.com\/#\/schema\/person\/eb6314936862b5f00f876026520b19ef"},"potentialAction":[{"@type":"SearchAction","target":{"@type":"EntryPoint","urlTemplate":"https:\/\/dicoaffairedreyfus.com\/?s={search_term_string}"},"query-input":"required name=search_term_string"}],"inLanguage":"fr-FR"},{"@type":["Person","Organization"],"@id":"https:\/\/dicoaffairedreyfus.com\/#\/schema\/person\/eb6314936862b5f00f876026520b19ef","name":"ph.oriol","image":{"@type":"ImageObject","inLanguage":"fr-FR","@id":"https:\/\/dicoaffairedreyfus.com\/#\/schema\/person\/image\/","url":"https:\/\/secure.gravatar.com\/avatar\/90cd184f47237a6b9abd891ba824fbed?s=96&d=mm&r=g","contentUrl":"https:\/\/secure.gravatar.com\/avatar\/90cd184f47237a6b9abd891ba824fbed?s=96&d=mm&r=g","caption":"ph.oriol"},"logo":{"@id":"https:\/\/dicoaffairedreyfus.com\/#\/schema\/person\/image\/"},"sameAs":["http:\/\/affaire-dreyfus.com\/"]}]}},"_links":{"self":[{"href":"https:\/\/dicoaffairedreyfus.com\/index.php\/wp-json\/wp\/v2\/posts\/972","targetHints":{"allow":["GET"]}}],"collection":[{"href":"https:\/\/dicoaffairedreyfus.com\/index.php\/wp-json\/wp\/v2\/posts"}],"about":[{"href":"https:\/\/dicoaffairedreyfus.com\/index.php\/wp-json\/wp\/v2\/types\/post"}],"author":[{"embeddable":true,"href":"https:\/\/dicoaffairedreyfus.com\/index.php\/wp-json\/wp\/v2\/users\/1"}],"replies":[{"embeddable":true,"href":"https:\/\/dicoaffairedreyfus.com\/index.php\/wp-json\/wp\/v2\/comments?post=972"}],"version-history":[{"count":6,"href":"https:\/\/dicoaffairedreyfus.com\/index.php\/wp-json\/wp\/v2\/posts\/972\/revisions"}],"predecessor-version":[{"id":1622,"href":"https:\/\/dicoaffairedreyfus.com\/index.php\/wp-json\/wp\/v2\/posts\/972\/revisions\/1622"}],"wp:attachment":[{"href":"https:\/\/dicoaffairedreyfus.com\/index.php\/wp-json\/wp\/v2\/media?parent=972"}],"wp:term":[{"taxonomy":"category","embeddable":true,"href":"https:\/\/dicoaffairedreyfus.com\/index.php\/wp-json\/wp\/v2\/categories?post=972"},{"taxonomy":"post_tag","embeddable":true,"href":"https:\/\/dicoaffairedreyfus.com\/index.php\/wp-json\/wp\/v2\/tags?post=972"}],"curies":[{"name":"wp","href":"https:\/\/api.w.org\/{rel}","templated":true}]}}