{"id":8214,"date":"2022-07-27T20:42:23","date_gmt":"2022-07-27T18:42:23","guid":{"rendered":"https:\/\/dicoaffairedreyfus.com\/?p=8214"},"modified":"2022-07-28T00:37:20","modified_gmt":"2022-07-27T22:37:20","slug":"henri-de-breon","status":"publish","type":"post","link":"https:\/\/dicoaffairedreyfus.com\/index.php\/2022\/07\/27\/henri-de-breon\/","title":{"rendered":"Henri de Br\u00e9on"},"content":{"rendered":"<p class=\"Usuel\" style=\"text-align: justify;\"><span style=\"font-size: 14pt; letter-spacing: -0.1pt;\">Br\u00e9on<\/span><span style=\"font-size: 12.0pt; letter-spacing: -.1pt;\">,<b> <\/b><span style=\"font-size: 14pt;\">Henri<\/span><\/span><span style=\"letter-spacing: -.1pt;\">, Guillaume<\/span><span style=\"font-size: 12.0pt; letter-spacing: -.1pt;\"> d<span style=\"font-size: 14pt;\">e Lancrau de<\/span>, <\/span><span style=\"letter-spacing: -.1pt;\">cur\u00e9 fran\u00e7ais, n\u00e9 \u00e0 Sill\u00e9-le-Guillaume (Sarthe) le 29 mai 1842*, d\u00e9c\u00e9d\u00e9 \u00e0 Paris le 7 octobre 1902.<\/span><\/p>\r\n<p><!--more--><\/p>\r\n<p class=\"Usuel\" style=\"text-align: justify;\"><span style=\"letter-spacing: -.1pt;\">Fr\u00e8re du <a href=\"https:\/\/dicoaffairedreyfus.com\/index.php\/2022\/07\/27\/commandant-charles-de-breon\/\" target=\"_blank\" rel=\"noopener noreferrer\">pr\u00e9c\u00e9dent<\/a>, ordonn\u00e9 pr\u00eatre \u00e0 Paris en 1866, successivement vicaire \u00e0 Saint-Philippe-du-Roule, \u00e0 Saint-Pierre de Chaillot, \u00e0 Saint-Augustin, \u00e0 Sainte-Clotilde, il fut nomm\u00e9 en 1894 \u00e0 Saint-Germain l\u2019Auxerrois. Proche du <a href=\"https:\/\/dicoaffairedreyfus.com\/index.php\/2022\/07\/28\/comite-catholique-pour-la-defense-du-droit\/\" target=\"_blank\" rel=\"noopener noreferrer\">Comit\u00e9 catholique pour la d\u00e9fense du droit<\/a> (Pierrard, p. 151), il fut \u00e0 plusieurs reprises mis en cause par <a href=\"https:\/\/dicoaffairedreyfus.com\/index.php\/2020\/01\/05\/la-libre-parole\/\" target=\"_blank\" rel=\"noopener noreferrer\"><i>La Libre Parole<\/i><\/a><i> <\/i>qui l\u2019accusa d\u2019avoir influenc\u00e9 le vote d\u2019acquittement de son fr\u00e8re \u00e0 <a href=\"https:\/\/dicoaffairedreyfus.com\/index.php\/2020\/01\/05\/proces-de-rennes\/\" target=\"_blank\" rel=\"noopener noreferrer\">Rennes<\/a> pour, sur la promesse \u00ab&nbsp;d\u2019un agent de M.\u2008<a href=\"https:\/\/dicoaffairedreyfus.com\/index.php\/2020\/01\/05\/rene-waldeck-rousseau\/\" target=\"_blank\" rel=\"noopener noreferrer\">Waldeck-Rousseau<\/a>&nbsp;\u00bb, pr\u00e9server son \u00e9glise des <a href=\"https:\/\/dicoaffairedreyfus.com\/index.php\/2022\/07\/27\/pillage-de-leglise-saint-joseph\/\" target=\"_blank\" rel=\"noopener noreferrer\">pillages anarchistes<\/a>. L\u2019abb\u00e9 de Br\u00e9on se d\u00e9fendit de cette accusation, par une lettre \u00e0 <i>La Libre Parole <\/i>publi\u00e9e le 1<sup>er<\/sup> novembre 1899 (<a href=\"https:\/\/www.retronews.fr\/journal\/la-libre-parole\/1-novembre-1899\/691\/2721215\/3\" target=\"_blank\" rel=\"noopener noreferrer\">\u00ab&nbsp;Correspondance&nbsp;\u00bb <\/a>).<\/span><br \/>D\u00e9sign\u00e9 \u00e0 la cure de la Madeleine en ao\u00fbt 1901, son agr\u00e9ment sera refus\u00e9 par le gouvernement.<\/p>\r\n<p style=\"font-size: 12px; text-align: justify;\">Sources et bibliographie&nbsp;: <span style=\"letter-spacing: -.1pt;\">on pourra consulter, aux archives de la Pr\u00e9fecture de Police, son dossier (Ba 980).<\/span><\/p>\r\n\r\n<p class=\"has-text-align-right\" style=\"font-size: 10px; text-align: right;\"><em>Philippe Oriol<\/em><\/p>\r\n<p>&nbsp;<\/p>","protected":false},"excerpt":{"rendered":"<p>Br\u00e9on, Henri, Guillaume de Lancrau de, cur\u00e9 fran\u00e7ais, n\u00e9 \u00e0 Sill\u00e9-le-Guillaume (Sarthe) le 29 mai 1842*, d\u00e9c\u00e9d\u00e9 \u00e0 Paris le 7 octobre 1902.<\/p>\n","protected":false},"author":1,"featured_media":0,"comment_status":"open","ping_status":"open","sticky":false,"template":"","format":"standard","meta":{"footnotes":""},"categories":[1],"tags":[],"class_list":["post-8214","post","type-post","status-publish","format-standard","hentry","category-divers"],"yoast_head":"<!-- This site is optimized with the Yoast SEO plugin v21.1 - https:\/\/yoast.com\/wordpress\/plugins\/seo\/ -->\n<title>Henri de Br\u00e9on - Dictionnaire de l&#039;affaire Dreyfus<\/title>\n<meta name=\"robots\" content=\"index, follow, max-snippet:-1, max-image-preview:large, max-video-preview:-1\" \/>\n<link rel=\"canonical\" href=\"https:\/\/dicoaffairedreyfus.com\/index.php\/2022\/07\/27\/henri-de-breon\/\" \/>\n<meta property=\"og:locale\" content=\"fr_FR\" \/>\n<meta property=\"og:type\" content=\"article\" \/>\n<meta property=\"og:title\" content=\"Henri de Br\u00e9on - Dictionnaire de l&#039;affaire Dreyfus\" \/>\n<meta property=\"og:description\" content=\"Br\u00e9on, Henri, Guillaume de Lancrau de, cur\u00e9 fran\u00e7ais, n\u00e9 \u00e0 Sill\u00e9-le-Guillaume (Sarthe) le 29 mai 1842*, d\u00e9c\u00e9d\u00e9 \u00e0 Paris le 7 octobre 1902.\" \/>\n<meta property=\"og:url\" content=\"https:\/\/dicoaffairedreyfus.com\/index.php\/2022\/07\/27\/henri-de-breon\/\" \/>\n<meta property=\"og:site_name\" content=\"Dictionnaire de l&#039;affaire Dreyfus\" \/>\n<meta property=\"article:published_time\" content=\"2022-07-27T18:42:23+00:00\" \/>\n<meta property=\"article:modified_time\" content=\"2022-07-27T22:37:20+00:00\" \/>\n<meta name=\"author\" content=\"ph.oriol\" \/>\n<meta name=\"twitter:card\" content=\"summary_large_image\" \/>\n<meta name=\"twitter:label1\" content=\"\u00c9crit par\" \/>\n\t<meta name=\"twitter:data1\" content=\"ph.oriol\" \/>\n\t<meta name=\"twitter:label2\" content=\"Dur\u00e9e de lecture estim\u00e9e\" \/>\n\t<meta name=\"twitter:data2\" content=\"1 minute\" \/>\n<script type=\"application\/ld+json\" class=\"yoast-schema-graph\">{\"@context\":\"https:\/\/schema.org\",\"@graph\":[{\"@type\":\"Article\",\"@id\":\"https:\/\/dicoaffairedreyfus.com\/index.php\/2022\/07\/27\/henri-de-breon\/#article\",\"isPartOf\":{\"@id\":\"https:\/\/dicoaffairedreyfus.com\/index.php\/2022\/07\/27\/henri-de-breon\/\"},\"author\":{\"name\":\"ph.oriol\",\"@id\":\"https:\/\/dicoaffairedreyfus.com\/#\/schema\/person\/eb6314936862b5f00f876026520b19ef\"},\"headline\":\"Henri de Br\u00e9on\",\"datePublished\":\"2022-07-27T18:42:23+00:00\",\"dateModified\":\"2022-07-27T22:37:20+00:00\",\"mainEntityOfPage\":{\"@id\":\"https:\/\/dicoaffairedreyfus.com\/index.php\/2022\/07\/27\/henri-de-breon\/\"},\"wordCount\":168,\"commentCount\":0,\"publisher\":{\"@id\":\"https:\/\/dicoaffairedreyfus.com\/#\/schema\/person\/eb6314936862b5f00f876026520b19ef\"},\"articleSection\":[\"0Divers\"],\"inLanguage\":\"fr-FR\",\"potentialAction\":[{\"@type\":\"CommentAction\",\"name\":\"Comment\",\"target\":[\"https:\/\/dicoaffairedreyfus.com\/index.php\/2022\/07\/27\/henri-de-breon\/#respond\"]}]},{\"@type\":\"WebPage\",\"@id\":\"https:\/\/dicoaffairedreyfus.com\/index.php\/2022\/07\/27\/henri-de-breon\/\",\"url\":\"https:\/\/dicoaffairedreyfus.com\/index.php\/2022\/07\/27\/henri-de-breon\/\",\"name\":\"Henri de Br\u00e9on - Dictionnaire de l&#039;affaire Dreyfus\",\"isPartOf\":{\"@id\":\"https:\/\/dicoaffairedreyfus.com\/#website\"},\"datePublished\":\"2022-07-27T18:42:23+00:00\",\"dateModified\":\"2022-07-27T22:37:20+00:00\",\"breadcrumb\":{\"@id\":\"https:\/\/dicoaffairedreyfus.com\/index.php\/2022\/07\/27\/henri-de-breon\/#breadcrumb\"},\"inLanguage\":\"fr-FR\",\"potentialAction\":[{\"@type\":\"ReadAction\",\"target\":[\"https:\/\/dicoaffairedreyfus.com\/index.php\/2022\/07\/27\/henri-de-breon\/\"]}]},{\"@type\":\"BreadcrumbList\",\"@id\":\"https:\/\/dicoaffairedreyfus.com\/index.php\/2022\/07\/27\/henri-de-breon\/#breadcrumb\",\"itemListElement\":[{\"@type\":\"ListItem\",\"position\":1,\"name\":\"Accueil\",\"item\":\"https:\/\/dicoaffairedreyfus.com\/\"},{\"@type\":\"ListItem\",\"position\":2,\"name\":\"Henri de Br\u00e9on\"}]},{\"@type\":\"WebSite\",\"@id\":\"https:\/\/dicoaffairedreyfus.com\/#website\",\"url\":\"https:\/\/dicoaffairedreyfus.com\/\",\"name\":\"Dictionnaire de l&#039;affaire Dreyfus\",\"description\":\"Tout sur l&#039;affaire Dreyfus\",\"publisher\":{\"@id\":\"https:\/\/dicoaffairedreyfus.com\/#\/schema\/person\/eb6314936862b5f00f876026520b19ef\"},\"potentialAction\":[{\"@type\":\"SearchAction\",\"target\":{\"@type\":\"EntryPoint\",\"urlTemplate\":\"https:\/\/dicoaffairedreyfus.com\/?s={search_term_string}\"},\"query-input\":\"required name=search_term_string\"}],\"inLanguage\":\"fr-FR\"},{\"@type\":[\"Person\",\"Organization\"],\"@id\":\"https:\/\/dicoaffairedreyfus.com\/#\/schema\/person\/eb6314936862b5f00f876026520b19ef\",\"name\":\"ph.oriol\",\"image\":{\"@type\":\"ImageObject\",\"inLanguage\":\"fr-FR\",\"@id\":\"https:\/\/dicoaffairedreyfus.com\/#\/schema\/person\/image\/\",\"url\":\"https:\/\/secure.gravatar.com\/avatar\/90cd184f47237a6b9abd891ba824fbed?s=96&d=mm&r=g\",\"contentUrl\":\"https:\/\/secure.gravatar.com\/avatar\/90cd184f47237a6b9abd891ba824fbed?s=96&d=mm&r=g\",\"caption\":\"ph.oriol\"},\"logo\":{\"@id\":\"https:\/\/dicoaffairedreyfus.com\/#\/schema\/person\/image\/\"},\"sameAs\":[\"http:\/\/affaire-dreyfus.com\/\"]}]}<\/script>\n<!-- \/ Yoast SEO plugin. -->","yoast_head_json":{"title":"Henri de Br\u00e9on - Dictionnaire de l&#039;affaire Dreyfus","robots":{"index":"index","follow":"follow","max-snippet":"max-snippet:-1","max-image-preview":"max-image-preview:large","max-video-preview":"max-video-preview:-1"},"canonical":"https:\/\/dicoaffairedreyfus.com\/index.php\/2022\/07\/27\/henri-de-breon\/","og_locale":"fr_FR","og_type":"article","og_title":"Henri de Br\u00e9on - Dictionnaire de l&#039;affaire Dreyfus","og_description":"Br\u00e9on, Henri, Guillaume de Lancrau de, cur\u00e9 fran\u00e7ais, n\u00e9 \u00e0 Sill\u00e9-le-Guillaume (Sarthe) le 29 mai 1842*, d\u00e9c\u00e9d\u00e9 \u00e0 Paris le 7 octobre 1902.","og_url":"https:\/\/dicoaffairedreyfus.com\/index.php\/2022\/07\/27\/henri-de-breon\/","og_site_name":"Dictionnaire de l&#039;affaire Dreyfus","article_published_time":"2022-07-27T18:42:23+00:00","article_modified_time":"2022-07-27T22:37:20+00:00","author":"ph.oriol","twitter_card":"summary_large_image","twitter_misc":{"\u00c9crit par":"ph.oriol","Dur\u00e9e de lecture estim\u00e9e":"1 minute"},"schema":{"@context":"https:\/\/schema.org","@graph":[{"@type":"Article","@id":"https:\/\/dicoaffairedreyfus.com\/index.php\/2022\/07\/27\/henri-de-breon\/#article","isPartOf":{"@id":"https:\/\/dicoaffairedreyfus.com\/index.php\/2022\/07\/27\/henri-de-breon\/"},"author":{"name":"ph.oriol","@id":"https:\/\/dicoaffairedreyfus.com\/#\/schema\/person\/eb6314936862b5f00f876026520b19ef"},"headline":"Henri de Br\u00e9on","datePublished":"2022-07-27T18:42:23+00:00","dateModified":"2022-07-27T22:37:20+00:00","mainEntityOfPage":{"@id":"https:\/\/dicoaffairedreyfus.com\/index.php\/2022\/07\/27\/henri-de-breon\/"},"wordCount":168,"commentCount":0,"publisher":{"@id":"https:\/\/dicoaffairedreyfus.com\/#\/schema\/person\/eb6314936862b5f00f876026520b19ef"},"articleSection":["0Divers"],"inLanguage":"fr-FR","potentialAction":[{"@type":"CommentAction","name":"Comment","target":["https:\/\/dicoaffairedreyfus.com\/index.php\/2022\/07\/27\/henri-de-breon\/#respond"]}]},{"@type":"WebPage","@id":"https:\/\/dicoaffairedreyfus.com\/index.php\/2022\/07\/27\/henri-de-breon\/","url":"https:\/\/dicoaffairedreyfus.com\/index.php\/2022\/07\/27\/henri-de-breon\/","name":"Henri de Br\u00e9on - Dictionnaire de l&#039;affaire Dreyfus","isPartOf":{"@id":"https:\/\/dicoaffairedreyfus.com\/#website"},"datePublished":"2022-07-27T18:42:23+00:00","dateModified":"2022-07-27T22:37:20+00:00","breadcrumb":{"@id":"https:\/\/dicoaffairedreyfus.com\/index.php\/2022\/07\/27\/henri-de-breon\/#breadcrumb"},"inLanguage":"fr-FR","potentialAction":[{"@type":"ReadAction","target":["https:\/\/dicoaffairedreyfus.com\/index.php\/2022\/07\/27\/henri-de-breon\/"]}]},{"@type":"BreadcrumbList","@id":"https:\/\/dicoaffairedreyfus.com\/index.php\/2022\/07\/27\/henri-de-breon\/#breadcrumb","itemListElement":[{"@type":"ListItem","position":1,"name":"Accueil","item":"https:\/\/dicoaffairedreyfus.com\/"},{"@type":"ListItem","position":2,"name":"Henri de Br\u00e9on"}]},{"@type":"WebSite","@id":"https:\/\/dicoaffairedreyfus.com\/#website","url":"https:\/\/dicoaffairedreyfus.com\/","name":"Dictionnaire de l&#039;affaire Dreyfus","description":"Tout sur l&#039;affaire Dreyfus","publisher":{"@id":"https:\/\/dicoaffairedreyfus.com\/#\/schema\/person\/eb6314936862b5f00f876026520b19ef"},"potentialAction":[{"@type":"SearchAction","target":{"@type":"EntryPoint","urlTemplate":"https:\/\/dicoaffairedreyfus.com\/?s={search_term_string}"},"query-input":"required name=search_term_string"}],"inLanguage":"fr-FR"},{"@type":["Person","Organization"],"@id":"https:\/\/dicoaffairedreyfus.com\/#\/schema\/person\/eb6314936862b5f00f876026520b19ef","name":"ph.oriol","image":{"@type":"ImageObject","inLanguage":"fr-FR","@id":"https:\/\/dicoaffairedreyfus.com\/#\/schema\/person\/image\/","url":"https:\/\/secure.gravatar.com\/avatar\/90cd184f47237a6b9abd891ba824fbed?s=96&d=mm&r=g","contentUrl":"https:\/\/secure.gravatar.com\/avatar\/90cd184f47237a6b9abd891ba824fbed?s=96&d=mm&r=g","caption":"ph.oriol"},"logo":{"@id":"https:\/\/dicoaffairedreyfus.com\/#\/schema\/person\/image\/"},"sameAs":["http:\/\/affaire-dreyfus.com\/"]}]}},"_links":{"self":[{"href":"https:\/\/dicoaffairedreyfus.com\/index.php\/wp-json\/wp\/v2\/posts\/8214","targetHints":{"allow":["GET"]}}],"collection":[{"href":"https:\/\/dicoaffairedreyfus.com\/index.php\/wp-json\/wp\/v2\/posts"}],"about":[{"href":"https:\/\/dicoaffairedreyfus.com\/index.php\/wp-json\/wp\/v2\/types\/post"}],"author":[{"embeddable":true,"href":"https:\/\/dicoaffairedreyfus.com\/index.php\/wp-json\/wp\/v2\/users\/1"}],"replies":[{"embeddable":true,"href":"https:\/\/dicoaffairedreyfus.com\/index.php\/wp-json\/wp\/v2\/comments?post=8214"}],"version-history":[{"count":5,"href":"https:\/\/dicoaffairedreyfus.com\/index.php\/wp-json\/wp\/v2\/posts\/8214\/revisions"}],"predecessor-version":[{"id":8230,"href":"https:\/\/dicoaffairedreyfus.com\/index.php\/wp-json\/wp\/v2\/posts\/8214\/revisions\/8230"}],"wp:attachment":[{"href":"https:\/\/dicoaffairedreyfus.com\/index.php\/wp-json\/wp\/v2\/media?parent=8214"}],"wp:term":[{"taxonomy":"category","embeddable":true,"href":"https:\/\/dicoaffairedreyfus.com\/index.php\/wp-json\/wp\/v2\/categories?post=8214"},{"taxonomy":"post_tag","embeddable":true,"href":"https:\/\/dicoaffairedreyfus.com\/index.php\/wp-json\/wp\/v2\/tags?post=8214"}],"curies":[{"name":"wp","href":"https:\/\/api.w.org\/{rel}","templated":true}]}}