{"id":8198,"date":"2022-07-27T18:52:28","date_gmt":"2022-07-27T16:52:28","guid":{"rendered":"https:\/\/dicoaffairedreyfus.com\/?p=8198"},"modified":"2022-07-28T00:08:33","modified_gmt":"2022-07-27T22:08:33","slug":"commandant-charles-de-breon","status":"publish","type":"post","link":"https:\/\/dicoaffairedreyfus.com\/index.php\/2022\/07\/27\/commandant-charles-de-breon\/","title":{"rendered":"Commandant Charles de Br\u00e9on"},"content":{"rendered":"<p style=\"text-align: justify;\"><span style=\"font-size: 14pt;\">Br\u00e9on<\/span>, <span style=\"font-size: 14pt;\">Charles<\/span>, Fran\u00e7ois <span style=\"font-size: 14pt;\">de Lancrau de<\/span>, militaire fran\u00e7ais, n\u00e9 \u00e0 Goven (Ille-et-Vilaine) le 20 mars 1846*, d\u00e9c\u00e9d\u00e9 \u00e0 Goven le 4 d\u00e9cembre 1927.<\/p>\r\n<p><!--more--><\/p>\r\n<p style=\"text-align: justify;\">Polytechnicien (1866), \u00e9l\u00e8ve \u00e0 l\u2019\u00c9cole d\u2019application de l\u2019artillerie et du g\u00e9nie (1868), lieutenant en 1870, capitaine en 1874, de Br\u00e9on \u00e9tait chef d\u2019escadron depuis 1888.<br \/>Juge au <a href=\"https:\/\/dicoaffairedreyfus.com\/index.php\/2020\/01\/05\/proces-de-rennes\/\" target=\"_blank\" rel=\"noopener noreferrer\">proc\u00e8s de Rennes<\/a> \u2013 qui peut-\u00eatre avait song\u00e9 \u00e0 d\u00e9missioner pour ne pas \u00eatre juge (lettre de\u00a0<a href=\"https:\/\/dicoaffairedreyfus.com\/index.php\/2020\/02\/01\/victor-basch\/\" target=\"_blank\" rel=\"noopener noreferrer\">Victor Basch<\/a>\u00a0\u00e0\u00a0<a href=\"https:\/\/dicoaffairedreyfus.com\/index.php\/2020\/01\/07\/joseph-reinach\/\" target=\"_blank\" rel=\"noopener noreferrer\">Joseph Reinach<\/a>\u00a0du 30 juin 1899 dans Basch,\u00a0<em>Le Deuxi\u00e8me Proc\u00e8s Dreyfus. Rennes dans la tourmente. Correspondances<\/em>, Paris, Berg international, 2003, p. 81) \u2013, fut attaqu\u00e9 par la presse <a href=\"https:\/\/dicoaffairedreyfus.com\/index.php\/2020\/01\/14\/dreyfusard\/\" target=\"_blank\" rel=\"noopener noreferrer\">dreyfusarde<\/a> qui craignait le parti-pris de ce souscripteur du <a href=\"https:\/\/dicoaffairedreyfus.com\/index.php\/2020\/01\/05\/monument-henry\/\" target=\"_blank\" rel=\"noopener noreferrer\">monument Henry<\/a> (3<sup>e<\/sup> liste). Mais ce fervent catholique, \u00ab&nbsp;r\u00e9actionnaire \u00e0 tout crin mais [&#8230;] parfait honn\u00eate homme&nbsp;\u00bb (lettre de\u00a0Victor Basch\u00a0\u00e0\u00a0Joseph Reinach du 22 juillet 1899 dans <i>ibid.<\/i>, p. 111), qui allait prier entre chaque suspension d\u2019audiences, votera, avec <a href=\"https:\/\/dicoaffairedreyfus.com\/index.php\/2020\/01\/10\/colonel-albert-jouaust\/\" target=\"_blank\" rel=\"noopener noreferrer\">Jouaust<\/a>, l\u2019acquittement de <a href=\"https:\/\/dicoaffairedreyfus.com\/index.php\/2020\/01\/05\/alfred-dreyfus\/\" target=\"_blank\" rel=\"noopener noreferrer\">Dreyfus<\/a>. Le 30 octobre 1899, <a href=\"https:\/\/dicoaffairedreyfus.com\/index.php\/2020\/02\/05\/raoul-allier\/\" target=\"_blank\" rel=\"noopener noreferrer\">Raoul Allier<\/a>, dans <em>Le Si\u00e8cle, <\/em>lui rendra un vibrant hommage&nbsp;:<\/p>\r\n<blockquote>\r\n<p style=\"text-align: justify;\">Ouvrez \u00e0 la page 2 le livre de M.\u2008<a href=\"https:\/\/dicoaffairedreyfus.com\/index.php\/2020\/01\/29\/pierre-quillard\/\" target=\"_blank\" rel=\"noopener noreferrer\">Pierre Quillard<\/a> [<em>Le Monument Henry<\/em>].\u2008Le second nom qu\u2019on y lit est celui-ci&nbsp;: commandant Br\u00e9on. Je ne sais rien de plus tragique que la rencontre de ce nom dans ce document.\u2008Ainsi, il \u00e9tait r\u00e9serv\u00e9 \u00e0 un des souscripteurs des listes inf\u00e2mes de si\u00e9ger parmi les juges de Dreyfus. Il a si\u00e9g\u00e9.\u2008Il a d\u00e9pouill\u00e9 les documents qui lui ont \u00e9t\u00e9 soumis. Il a entendu les accusations hautaines, fielleuses, sans preuves, des ennemis de l\u2019accus\u00e9.\u2008Il a vu le martyr, il a \u00e9cout\u00e9 ses protestations d\u2019innocence, il a devin\u00e9 le forfait commis contre ce camarade.\u2008Il a fr\u00e9mi d\u2019horreur devant la seule pens\u00e9e de cette d\u00e9couverte.\u2008En t\u00e2tonnant, l\u2019angoisse au c\u0153ur, il a essay\u00e9 de se reconna\u00eetre dans ce drame.\u2008Il aurait voulu trouver les preuves de cette culpabilit\u00e9 proclam\u00e9e par les grands chefs. Il ne les a pas trouv\u00e9es et il a eu le courage de dire&nbsp;: \u00ab&nbsp;Dreyfus est innocent&nbsp;\u00bb. Par son seul resplendissement, la v\u00e9rit\u00e9 a vaincu cette \u00e2me d\u2019homme.<br \/>Si le nom de Dreyfus est d\u00e9sormais un symbole, celui du commandant de Br\u00e9on doit en devenir un \u00e0 son tour. Ce qu\u2019il repr\u00e9sente, c\u2019est l\u2019esp\u00e9rance ind\u00e9fectible qui, dans les jours les plus sombres, c\u2019est la confiance dans la force de l\u2019esprit libre&nbsp;; c\u2019est le r\u00eave l\u00e9gitime, obligatoire, le r\u00eave qui se r\u00e9alisera, t\u00f4t ou tard, d\u2019une France r\u00e9concili\u00e9e par la seule V\u00e9rit\u00e9&nbsp;\u00bb (<a href=\"https:\/\/gallica.bnf.fr\/ark:\/12148\/bpt6k744150h\/f1.image\" target=\"_blank\" rel=\"noopener noreferrer\">\u00ab&nbsp;Les Listes rouges&nbsp;\u00bb<\/a>).<\/p>\r\n<\/blockquote>\r\n<p style=\"text-align: justify;\">Mis en quarantaine apr\u00e8s ce vote (<a href=\"https:\/\/www.retronews.fr\/journal\/la-patrie-1841-1937\/31-octobre-1899\/2935\/4570251\/2\" target=\"_blank\" rel=\"noopener noreferrer\">\u00ab&nbsp;En quarantaine&nbsp;\u00bb, <em>La Patrie<\/em>, 31 octobre 1899<\/a>), il fut attaqu\u00e9 par la presse nationaliste. <a href=\"https:\/\/dicoaffairedreyfus.com\/index.php\/2020\/01\/05\/la-libre-parole\/\" target=\"_blank\" rel=\"noopener noreferrer\"><em>La Libre Parole<\/em><\/a>, toujours inventive, trouva ainsi l&rsquo;explication de ce vote auquel elle n&rsquo;avait longtemps pas voulu croire \u2013 n\u00e9cessairement \u00ab&nbsp;la piti\u00e9 fort respectable du catholique [avait \u00e9t\u00e9] prim\u00e9e par l&rsquo;indignation salutaire d&rsquo;un officier, fils d&rsquo;officier, contre la horde d&rsquo;exotiques lanc\u00e9e \u00e0 l&rsquo;assaut de la France sous le commandement de Dreyfus (<a href=\"https:\/\/dicoaffairedreyfus.com\/index.php\/2020\/02\/22\/jean-drault\/\" target=\"_blank\" rel=\"noopener noreferrer\">Jean Drault<\/a>, <a href=\"https:\/\/www.retronews.fr\/journal\/la-libre-parole\/11-septembre-1899\/691\/1965213\/1\" target=\"_blank\" rel=\"noopener noreferrer\">\u00ab&nbsp;L&rsquo;arm\u00e9e de Cond\u00e9&nbsp;\u00bb, 11 septembre 1899<\/a>). Si de Br\u00e9on avait vot\u00e9 l&rsquo;acquittement, c&rsquo;est parce que <a href=\"https:\/\/dicoaffairedreyfus.com\/index.php\/2022\/07\/27\/henri-de-breon\/\" target=\"_blank\" rel=\"noopener noreferrer\">son fr\u00e8re<\/a>, \u00ab&nbsp;cur\u00e9 d&rsquo;une importante paroisse \u00e0 Paris&nbsp;\u00bb, lui avait fait part du march\u00e9 que le gouvernement lui avait mis en mains&nbsp;: \u00ab&nbsp;J&rsquo;ai la promesse d\u2019un agent de M. Waldeck-Rousseau que si tu acquittes Dreyfus, mon \u00e9glise \u00e9vitera le sort de l\u2019<a href=\"https:\/\/dicoaffairedreyfus.com\/index.php\/2022\/07\/27\/pillage-de-leglise-saint-joseph\/\" target=\"_blank\" rel=\"noopener noreferrer\">\u00e9glise Saint-Joseph<\/a>, qui attend plusieurs autres \u00e9glises catholiques&nbsp;\u00bb (Jean Drault, \u00ab&nbsp;Jouaust et de Br\u00e9on&nbsp;\u00bb, 31 octobre 1899)&#8230; une invention qu&rsquo;Henri de Br\u00e9on d\u00e9mentira (<a href=\"https:\/\/www.retronews.fr\/journal\/la-libre-parole\/1-novembre-1899\/691\/2721215\/3\" target=\"_blank\" rel=\"noopener noreferrer\">\u00ab&nbsp;Correspondance&nbsp;\u00bb, <em>La Libre Parole<\/em>, 1<sup>er<\/sup> novembre<\/a>).<br \/>Toute la presse antidreyfusarde ne fut pourtant pas sur ce registre, et il faut citer l&rsquo;exemple du <em>Patriote Breton <\/em>qui, le 3 novembre 1899, rendit hommage \u00e0 sa conduite&nbsp;: \u00ab&nbsp;celle d\u2019un bon et loyal officier&nbsp;: il a c\u00e9d\u00e9 aux instances de sa concience.\u2008Il a fait son devoir.\u2008Il a bien fait.\u2008Son vote, loin de le d\u00e9consid\u00e9rer \u2013 bien que malheureux \u2013 l\u2019exalte et l\u2019honore&nbsp;\u00bb (L.\u2008D., \u00ab&nbsp;Jouaust et de Br\u00e9on&nbsp;\u00bb).\u00a0<\/p>\r\n\r\n<p style=\"font-size: 12px; text-align: justify;\">Sources et bibliographie&nbsp;: on consultera son dossier militaire conserv\u00e9 au SHD sous la cote \u00a0[\u00e0 compl\u00e9ter]&nbsp;; son dossier de la L\u00e9gion d\u2019honneur sous la cote&nbsp;: <a href=\"https:\/\/www.leonore.archives-nationales.culture.gouv.fr\/ui\/notice\/210461\" target=\"_blank\" rel=\"noopener noreferrer\">LH\/1464\/80<\/a>. On pourra lire avec profit l&rsquo;\u00e9tude d&rsquo;Andr\u00e9 H\u00e9lard&nbsp;: \u00ab&nbsp;Au c\u0153ur de l&rsquo;affaire Dreyfus&nbsp;: le colonel Jouaust et le commandant de Br\u00e9on,\u00a0<em>ou \u201cles deux\u201d&nbsp;\u00bb<\/em>,\u00a0<em>Bulletin et M\u00e9moires de la Soci\u00e9t\u00e9 arch\u00e9ologique et historique du d\u00e9partement d&rsquo;Ille-et-Vilaine<\/em>, tome CV, 2002, p. 215-241.<\/p>\r\n\r\n<p class=\"has-text-align-right\" style=\"font-size: 10px; text-align: right;\"><em>Philippe Oriol<\/em><\/p>\r\n<p><img loading=\"lazy\" decoding=\"async\" class=\"size-large wp-image-8227 aligncenter\" src=\"https:\/\/dicoaffairedreyfus.com\/wp-content\/uploads\/2022\/07\/Br\u00e9on-704x1024.jpg\" alt=\"\" width=\"625\" height=\"909\" srcset=\"https:\/\/dicoaffairedreyfus.com\/wp-content\/uploads\/2022\/07\/Br\u00e9on-704x1024.jpg 704w, https:\/\/dicoaffairedreyfus.com\/wp-content\/uploads\/2022\/07\/Br\u00e9on-206x300.jpg 206w, https:\/\/dicoaffairedreyfus.com\/wp-content\/uploads\/2022\/07\/Br\u00e9on-768x1117.jpg 768w, https:\/\/dicoaffairedreyfus.com\/wp-content\/uploads\/2022\/07\/Br\u00e9on-1056x1536.jpg 1056w, https:\/\/dicoaffairedreyfus.com\/wp-content\/uploads\/2022\/07\/Br\u00e9on-624x908.jpg 624w, https:\/\/dicoaffairedreyfus.com\/wp-content\/uploads\/2022\/07\/Br\u00e9on.jpg 1299w\" sizes=\"auto, (max-width: 625px) 100vw, 625px\" \/> <img loading=\"lazy\" decoding=\"async\" class=\"alignnone size-large wp-image-8228\" src=\"https:\/\/dicoaffairedreyfus.com\/wp-content\/uploads\/2022\/07\/IMG_20220727_0001-705x1024.jpg\" alt=\"\" width=\"625\" height=\"908\" srcset=\"https:\/\/dicoaffairedreyfus.com\/wp-content\/uploads\/2022\/07\/IMG_20220727_0001-705x1024.jpg 705w, https:\/\/dicoaffairedreyfus.com\/wp-content\/uploads\/2022\/07\/IMG_20220727_0001-207x300.jpg 207w, https:\/\/dicoaffairedreyfus.com\/wp-content\/uploads\/2022\/07\/IMG_20220727_0001-624x906.jpg 624w, https:\/\/dicoaffairedreyfus.com\/wp-content\/uploads\/2022\/07\/IMG_20220727_0001-rotated.jpg 752w\" sizes=\"auto, (max-width: 625px) 100vw, 625px\" \/><\/p>\r\n<p>&nbsp;<\/p>\r\n","protected":false},"excerpt":{"rendered":"<p>Br\u00e9on, Charles, Fran\u00e7ois de Lancrau de, militaire fran\u00e7ais, n\u00e9 \u00e0 Goven (Ille-et-Vilaine) le 20 mars 1846*, d\u00e9c\u00e9d\u00e9 \u00e0 Goven le 4 d\u00e9cembre 1927.<\/p>\n","protected":false},"author":1,"featured_media":0,"comment_status":"open","ping_status":"open","sticky":false,"template":"","format":"standard","meta":{"footnotes":""},"categories":[76,51],"tags":[87,418,86],"class_list":["post-8198","post","type-post","status-publish","format-standard","hentry","category-ille-et-vilaine","category-militaire","tag-affaire-dreyfus","tag-de-breon-et-laffaire-dreyfus","tag-dictionnaire-de-laffaire-dreyfus"],"yoast_head":"<!-- This site is optimized with the Yoast SEO plugin v21.1 - https:\/\/yoast.com\/wordpress\/plugins\/seo\/ -->\n<title>Commandant Charles de Br\u00e9on - Dictionnaire de l&#039;affaire Dreyfus<\/title>\n<meta name=\"robots\" content=\"index, follow, max-snippet:-1, max-image-preview:large, max-video-preview:-1\" \/>\n<link rel=\"canonical\" href=\"https:\/\/dicoaffairedreyfus.com\/index.php\/2022\/07\/27\/commandant-charles-de-breon\/\" \/>\n<meta property=\"og:locale\" content=\"fr_FR\" \/>\n<meta property=\"og:type\" content=\"article\" \/>\n<meta property=\"og:title\" content=\"Commandant Charles de Br\u00e9on - Dictionnaire de l&#039;affaire Dreyfus\" \/>\n<meta property=\"og:description\" content=\"Br\u00e9on, Charles, Fran\u00e7ois de Lancrau de, militaire fran\u00e7ais, n\u00e9 \u00e0 Goven (Ille-et-Vilaine) le 20 mars 1846*, d\u00e9c\u00e9d\u00e9 \u00e0 Goven le 4 d\u00e9cembre 1927.\" \/>\n<meta property=\"og:url\" content=\"https:\/\/dicoaffairedreyfus.com\/index.php\/2022\/07\/27\/commandant-charles-de-breon\/\" \/>\n<meta property=\"og:site_name\" content=\"Dictionnaire de l&#039;affaire Dreyfus\" \/>\n<meta property=\"article:published_time\" content=\"2022-07-27T16:52:28+00:00\" \/>\n<meta property=\"article:modified_time\" content=\"2022-07-27T22:08:33+00:00\" \/>\n<meta property=\"og:image\" content=\"https:\/\/dicoaffairedreyfus.com\/wp-content\/uploads\/2022\/07\/IMG_20220727_0001-705x1024.jpg\" \/>\n<meta name=\"author\" content=\"ph.oriol\" \/>\n<meta name=\"twitter:card\" content=\"summary_large_image\" \/>\n<meta name=\"twitter:label1\" content=\"\u00c9crit par\" \/>\n\t<meta name=\"twitter:data1\" content=\"ph.oriol\" \/>\n\t<meta name=\"twitter:label2\" content=\"Dur\u00e9e de lecture estim\u00e9e\" \/>\n\t<meta name=\"twitter:data2\" content=\"4 minutes\" \/>\n<script type=\"application\/ld+json\" class=\"yoast-schema-graph\">{\"@context\":\"https:\/\/schema.org\",\"@graph\":[{\"@type\":\"Article\",\"@id\":\"https:\/\/dicoaffairedreyfus.com\/index.php\/2022\/07\/27\/commandant-charles-de-breon\/#article\",\"isPartOf\":{\"@id\":\"https:\/\/dicoaffairedreyfus.com\/index.php\/2022\/07\/27\/commandant-charles-de-breon\/\"},\"author\":{\"name\":\"ph.oriol\",\"@id\":\"https:\/\/dicoaffairedreyfus.com\/#\/schema\/person\/eb6314936862b5f00f876026520b19ef\"},\"headline\":\"Commandant Charles de Br\u00e9on\",\"datePublished\":\"2022-07-27T16:52:28+00:00\",\"dateModified\":\"2022-07-27T22:08:33+00:00\",\"mainEntityOfPage\":{\"@id\":\"https:\/\/dicoaffairedreyfus.com\/index.php\/2022\/07\/27\/commandant-charles-de-breon\/\"},\"wordCount\":755,\"commentCount\":0,\"publisher\":{\"@id\":\"https:\/\/dicoaffairedreyfus.com\/#\/schema\/person\/eb6314936862b5f00f876026520b19ef\"},\"keywords\":[\"affaire Dreyfus\",\"de Br\u00e9on et l'affaire Dreyfus\",\"Dictionnaire de l&#039;affaire Dreyfus\"],\"articleSection\":[\"Ille-et-Vilaine\",\"Militaire\"],\"inLanguage\":\"fr-FR\",\"potentialAction\":[{\"@type\":\"CommentAction\",\"name\":\"Comment\",\"target\":[\"https:\/\/dicoaffairedreyfus.com\/index.php\/2022\/07\/27\/commandant-charles-de-breon\/#respond\"]}]},{\"@type\":\"WebPage\",\"@id\":\"https:\/\/dicoaffairedreyfus.com\/index.php\/2022\/07\/27\/commandant-charles-de-breon\/\",\"url\":\"https:\/\/dicoaffairedreyfus.com\/index.php\/2022\/07\/27\/commandant-charles-de-breon\/\",\"name\":\"Commandant Charles de Br\u00e9on - Dictionnaire de l&#039;affaire Dreyfus\",\"isPartOf\":{\"@id\":\"https:\/\/dicoaffairedreyfus.com\/#website\"},\"datePublished\":\"2022-07-27T16:52:28+00:00\",\"dateModified\":\"2022-07-27T22:08:33+00:00\",\"breadcrumb\":{\"@id\":\"https:\/\/dicoaffairedreyfus.com\/index.php\/2022\/07\/27\/commandant-charles-de-breon\/#breadcrumb\"},\"inLanguage\":\"fr-FR\",\"potentialAction\":[{\"@type\":\"ReadAction\",\"target\":[\"https:\/\/dicoaffairedreyfus.com\/index.php\/2022\/07\/27\/commandant-charles-de-breon\/\"]}]},{\"@type\":\"BreadcrumbList\",\"@id\":\"https:\/\/dicoaffairedreyfus.com\/index.php\/2022\/07\/27\/commandant-charles-de-breon\/#breadcrumb\",\"itemListElement\":[{\"@type\":\"ListItem\",\"position\":1,\"name\":\"Accueil\",\"item\":\"https:\/\/dicoaffairedreyfus.com\/\"},{\"@type\":\"ListItem\",\"position\":2,\"name\":\"Commandant Charles de Br\u00e9on\"}]},{\"@type\":\"WebSite\",\"@id\":\"https:\/\/dicoaffairedreyfus.com\/#website\",\"url\":\"https:\/\/dicoaffairedreyfus.com\/\",\"name\":\"Dictionnaire de l&#039;affaire Dreyfus\",\"description\":\"Tout sur l&#039;affaire Dreyfus\",\"publisher\":{\"@id\":\"https:\/\/dicoaffairedreyfus.com\/#\/schema\/person\/eb6314936862b5f00f876026520b19ef\"},\"potentialAction\":[{\"@type\":\"SearchAction\",\"target\":{\"@type\":\"EntryPoint\",\"urlTemplate\":\"https:\/\/dicoaffairedreyfus.com\/?s={search_term_string}\"},\"query-input\":\"required name=search_term_string\"}],\"inLanguage\":\"fr-FR\"},{\"@type\":[\"Person\",\"Organization\"],\"@id\":\"https:\/\/dicoaffairedreyfus.com\/#\/schema\/person\/eb6314936862b5f00f876026520b19ef\",\"name\":\"ph.oriol\",\"image\":{\"@type\":\"ImageObject\",\"inLanguage\":\"fr-FR\",\"@id\":\"https:\/\/dicoaffairedreyfus.com\/#\/schema\/person\/image\/\",\"url\":\"https:\/\/secure.gravatar.com\/avatar\/90cd184f47237a6b9abd891ba824fbed?s=96&d=mm&r=g\",\"contentUrl\":\"https:\/\/secure.gravatar.com\/avatar\/90cd184f47237a6b9abd891ba824fbed?s=96&d=mm&r=g\",\"caption\":\"ph.oriol\"},\"logo\":{\"@id\":\"https:\/\/dicoaffairedreyfus.com\/#\/schema\/person\/image\/\"},\"sameAs\":[\"http:\/\/affaire-dreyfus.com\/\"]}]}<\/script>\n<!-- \/ Yoast SEO plugin. -->","yoast_head_json":{"title":"Commandant Charles de Br\u00e9on - Dictionnaire de l&#039;affaire Dreyfus","robots":{"index":"index","follow":"follow","max-snippet":"max-snippet:-1","max-image-preview":"max-image-preview:large","max-video-preview":"max-video-preview:-1"},"canonical":"https:\/\/dicoaffairedreyfus.com\/index.php\/2022\/07\/27\/commandant-charles-de-breon\/","og_locale":"fr_FR","og_type":"article","og_title":"Commandant Charles de Br\u00e9on - Dictionnaire de l&#039;affaire Dreyfus","og_description":"Br\u00e9on, Charles, Fran\u00e7ois de Lancrau de, militaire fran\u00e7ais, n\u00e9 \u00e0 Goven (Ille-et-Vilaine) le 20 mars 1846*, d\u00e9c\u00e9d\u00e9 \u00e0 Goven le 4 d\u00e9cembre 1927.","og_url":"https:\/\/dicoaffairedreyfus.com\/index.php\/2022\/07\/27\/commandant-charles-de-breon\/","og_site_name":"Dictionnaire de l&#039;affaire Dreyfus","article_published_time":"2022-07-27T16:52:28+00:00","article_modified_time":"2022-07-27T22:08:33+00:00","og_image":[{"url":"https:\/\/dicoaffairedreyfus.com\/wp-content\/uploads\/2022\/07\/IMG_20220727_0001-705x1024.jpg"}],"author":"ph.oriol","twitter_card":"summary_large_image","twitter_misc":{"\u00c9crit par":"ph.oriol","Dur\u00e9e de lecture estim\u00e9e":"4 minutes"},"schema":{"@context":"https:\/\/schema.org","@graph":[{"@type":"Article","@id":"https:\/\/dicoaffairedreyfus.com\/index.php\/2022\/07\/27\/commandant-charles-de-breon\/#article","isPartOf":{"@id":"https:\/\/dicoaffairedreyfus.com\/index.php\/2022\/07\/27\/commandant-charles-de-breon\/"},"author":{"name":"ph.oriol","@id":"https:\/\/dicoaffairedreyfus.com\/#\/schema\/person\/eb6314936862b5f00f876026520b19ef"},"headline":"Commandant Charles de Br\u00e9on","datePublished":"2022-07-27T16:52:28+00:00","dateModified":"2022-07-27T22:08:33+00:00","mainEntityOfPage":{"@id":"https:\/\/dicoaffairedreyfus.com\/index.php\/2022\/07\/27\/commandant-charles-de-breon\/"},"wordCount":755,"commentCount":0,"publisher":{"@id":"https:\/\/dicoaffairedreyfus.com\/#\/schema\/person\/eb6314936862b5f00f876026520b19ef"},"keywords":["affaire Dreyfus","de Br\u00e9on et l'affaire Dreyfus","Dictionnaire de l&#039;affaire Dreyfus"],"articleSection":["Ille-et-Vilaine","Militaire"],"inLanguage":"fr-FR","potentialAction":[{"@type":"CommentAction","name":"Comment","target":["https:\/\/dicoaffairedreyfus.com\/index.php\/2022\/07\/27\/commandant-charles-de-breon\/#respond"]}]},{"@type":"WebPage","@id":"https:\/\/dicoaffairedreyfus.com\/index.php\/2022\/07\/27\/commandant-charles-de-breon\/","url":"https:\/\/dicoaffairedreyfus.com\/index.php\/2022\/07\/27\/commandant-charles-de-breon\/","name":"Commandant Charles de Br\u00e9on - Dictionnaire de l&#039;affaire Dreyfus","isPartOf":{"@id":"https:\/\/dicoaffairedreyfus.com\/#website"},"datePublished":"2022-07-27T16:52:28+00:00","dateModified":"2022-07-27T22:08:33+00:00","breadcrumb":{"@id":"https:\/\/dicoaffairedreyfus.com\/index.php\/2022\/07\/27\/commandant-charles-de-breon\/#breadcrumb"},"inLanguage":"fr-FR","potentialAction":[{"@type":"ReadAction","target":["https:\/\/dicoaffairedreyfus.com\/index.php\/2022\/07\/27\/commandant-charles-de-breon\/"]}]},{"@type":"BreadcrumbList","@id":"https:\/\/dicoaffairedreyfus.com\/index.php\/2022\/07\/27\/commandant-charles-de-breon\/#breadcrumb","itemListElement":[{"@type":"ListItem","position":1,"name":"Accueil","item":"https:\/\/dicoaffairedreyfus.com\/"},{"@type":"ListItem","position":2,"name":"Commandant Charles de Br\u00e9on"}]},{"@type":"WebSite","@id":"https:\/\/dicoaffairedreyfus.com\/#website","url":"https:\/\/dicoaffairedreyfus.com\/","name":"Dictionnaire de l&#039;affaire Dreyfus","description":"Tout sur l&#039;affaire Dreyfus","publisher":{"@id":"https:\/\/dicoaffairedreyfus.com\/#\/schema\/person\/eb6314936862b5f00f876026520b19ef"},"potentialAction":[{"@type":"SearchAction","target":{"@type":"EntryPoint","urlTemplate":"https:\/\/dicoaffairedreyfus.com\/?s={search_term_string}"},"query-input":"required name=search_term_string"}],"inLanguage":"fr-FR"},{"@type":["Person","Organization"],"@id":"https:\/\/dicoaffairedreyfus.com\/#\/schema\/person\/eb6314936862b5f00f876026520b19ef","name":"ph.oriol","image":{"@type":"ImageObject","inLanguage":"fr-FR","@id":"https:\/\/dicoaffairedreyfus.com\/#\/schema\/person\/image\/","url":"https:\/\/secure.gravatar.com\/avatar\/90cd184f47237a6b9abd891ba824fbed?s=96&d=mm&r=g","contentUrl":"https:\/\/secure.gravatar.com\/avatar\/90cd184f47237a6b9abd891ba824fbed?s=96&d=mm&r=g","caption":"ph.oriol"},"logo":{"@id":"https:\/\/dicoaffairedreyfus.com\/#\/schema\/person\/image\/"},"sameAs":["http:\/\/affaire-dreyfus.com\/"]}]}},"_links":{"self":[{"href":"https:\/\/dicoaffairedreyfus.com\/index.php\/wp-json\/wp\/v2\/posts\/8198","targetHints":{"allow":["GET"]}}],"collection":[{"href":"https:\/\/dicoaffairedreyfus.com\/index.php\/wp-json\/wp\/v2\/posts"}],"about":[{"href":"https:\/\/dicoaffairedreyfus.com\/index.php\/wp-json\/wp\/v2\/types\/post"}],"author":[{"embeddable":true,"href":"https:\/\/dicoaffairedreyfus.com\/index.php\/wp-json\/wp\/v2\/users\/1"}],"replies":[{"embeddable":true,"href":"https:\/\/dicoaffairedreyfus.com\/index.php\/wp-json\/wp\/v2\/comments?post=8198"}],"version-history":[{"count":11,"href":"https:\/\/dicoaffairedreyfus.com\/index.php\/wp-json\/wp\/v2\/posts\/8198\/revisions"}],"predecessor-version":[{"id":8229,"href":"https:\/\/dicoaffairedreyfus.com\/index.php\/wp-json\/wp\/v2\/posts\/8198\/revisions\/8229"}],"wp:attachment":[{"href":"https:\/\/dicoaffairedreyfus.com\/index.php\/wp-json\/wp\/v2\/media?parent=8198"}],"wp:term":[{"taxonomy":"category","embeddable":true,"href":"https:\/\/dicoaffairedreyfus.com\/index.php\/wp-json\/wp\/v2\/categories?post=8198"},{"taxonomy":"post_tag","embeddable":true,"href":"https:\/\/dicoaffairedreyfus.com\/index.php\/wp-json\/wp\/v2\/tags?post=8198"}],"curies":[{"name":"wp","href":"https:\/\/api.w.org\/{rel}","templated":true}]}}