{"id":7848,"date":"2022-02-25T20:01:48","date_gmt":"2022-02-25T19:01:48","guid":{"rendered":"https:\/\/dicoaffairedreyfus.com\/?p=7848"},"modified":"2022-07-28T13:13:11","modified_gmt":"2022-07-28T11:13:11","slug":"alfred-autier","status":"publish","type":"post","link":"https:\/\/dicoaffairedreyfus.com\/index.php\/2022\/02\/25\/alfred-autier\/","title":{"rendered":"Alfred Autier"},"content":{"rendered":"<p style=\"text-align: justify;\"><span style=\"font-size: 14pt;\">Autier<\/span>, <span style=\"font-size: 14pt;\">Alfred<\/span>, propri\u00e9taire et homme politique fran\u00e7ais, dont les dates nous sont inconnues.<\/p>\r\n<p style=\"text-align: justify;\"><!--more--><\/p>\r\n<p style=\"text-align: justify;\">Maire de Sainte-M\u00e9n\u00e9hould de 1892 \u00e0 1904, conseiller g\u00e9n\u00e9ral de 1893 \u00e0 1904, il fut de ces cinquante-neuf maire qui firent enlever dans leur commune le placard <a href=\"https:\/\/dicoaffairedreyfus.com\/index.php\/2022\/02\/24\/anonyme-dreyfus-est-un-traitre\/\" target=\"_blank\" rel=\"noopener noreferrer\"><em>Dreyfus est un tra\u00eetre<\/em><\/a> de la <a href=\"https:\/\/dicoaffairedreyfus.com\/index.php\/2020\/02\/18\/ligue-des-patriotes\/\" target=\"_blank\" rel=\"noopener noreferrer\">Ligue des Patriotes<\/a>. \u00c0 ce titre, cet \u00ab&nbsp;ancien\u00a0 r\u00e9actionnaire militant&nbsp;\u00bb (<a href=\"https:\/\/www.retronews.fr\/journal\/l-independant-remois\/11-fevrier-1899\/651\/2330695\/2\" target=\"_blank\" rel=\"noopener noreferrer\">\u00ab&nbsp;Chronique du d\u00e9partement&nbsp;\u00bb, <em>L&rsquo;Ind\u00e9pendant r\u00e9mois<\/em>, 11 f\u00e9vrier 1899<\/a>), ce \u00ab&nbsp;bonapartiste devenu radical&nbsp;\u00bb (<a href=\"https:\/\/www.retronews.fr\/journal\/l-independant-remois\/4-decembre-1902\/651\/2332549\/1\" target=\"_blank\" rel=\"noopener noreferrer\">\u00ab&nbsp;\u00c0 Sainte-M\u00e9n\u00e9hould&nbsp;\u00bb, <em>L&rsquo;Ind\u00e9pendant r\u00e9mois<\/em>, 4 d\u00e9cembre 1902<\/a>), <span style=\"font-size: 1rem;\">fut d\u00e9nonc\u00e9 comme <\/span><a style=\"font-size: 1rem;\" href=\"https:\/\/dicoaffairedreyfus.com\/index.php\/2020\/01\/14\/dreyfusard\/\" target=\"_blank\" rel=\"noopener noreferrer\">dreyfusard<\/a><span style=\"font-size: 1rem;\"> par <\/span><a href=\"https:\/\/dicoaffairedreyfus.com\/index.php\/2020\/02\/29\/lintransigeant\/\" target=\"_blank\" rel=\"noopener noreferrer\"><em style=\"font-size: 1rem;\">L&rsquo;Intransigeant<\/em><\/a> (<a href=\"https:\/\/gallica.bnf.fr\/ark:\/12148\/bpt6k7814242\/f1.item.zoom#\" target=\"_blank\" rel=\"noopener noreferrer\">\u00ab&nbsp;Maires dreyfusards&nbsp;\u00bb 28 novembre 1898<\/a>)<span style=\"font-size: 1rem;\">. <\/span>Nous avons malheureusement trop peu de renseignements \u00e0 son sujet pour donner les raisons pour lesquelles il s&rsquo;opposa \u00e0 cet affichage et ce qu&rsquo;\u00e9taient ses sentiments relativement \u00e0 l&rsquo;Affaire.<\/p>\r\n\r\n<p class=\"has-text-align-right\" style=\"font-size: 10px; text-align: right;\"><em>Philippe Oriol<\/em><\/p>","protected":false},"excerpt":{"rendered":"<p>Autier, Alfred, propri\u00e9taire et homme politique fran\u00e7ais, dont les dates nous sont inconnues.<\/p>\n","protected":false},"author":1,"featured_media":0,"comment_status":"open","ping_status":"open","sticky":false,"template":"","format":"standard","meta":{"footnotes":""},"categories":[43,41,47,287],"tags":[87,86],"class_list":["post-7848","post","type-post","status-publish","format-standard","hentry","category-conseiller-general","category-homme-politique","category-maire","category-marne","tag-affaire-dreyfus","tag-dictionnaire-de-laffaire-dreyfus"],"yoast_head":"<!-- This site is optimized with the Yoast SEO plugin v21.1 - https:\/\/yoast.com\/wordpress\/plugins\/seo\/ -->\n<title>Alfred Autier - Dictionnaire de l&#039;affaire Dreyfus<\/title>\n<meta name=\"robots\" content=\"index, follow, max-snippet:-1, max-image-preview:large, max-video-preview:-1\" \/>\n<link rel=\"canonical\" href=\"https:\/\/dicoaffairedreyfus.com\/index.php\/2022\/02\/25\/alfred-autier\/\" \/>\n<meta property=\"og:locale\" content=\"fr_FR\" \/>\n<meta property=\"og:type\" content=\"article\" \/>\n<meta property=\"og:title\" content=\"Alfred Autier - Dictionnaire de l&#039;affaire Dreyfus\" \/>\n<meta property=\"og:description\" content=\"Autier, Alfred, propri\u00e9taire et homme politique fran\u00e7ais, dont les dates nous sont inconnues.\" \/>\n<meta property=\"og:url\" content=\"https:\/\/dicoaffairedreyfus.com\/index.php\/2022\/02\/25\/alfred-autier\/\" \/>\n<meta property=\"og:site_name\" content=\"Dictionnaire de l&#039;affaire Dreyfus\" \/>\n<meta property=\"article:published_time\" content=\"2022-02-25T19:01:48+00:00\" \/>\n<meta property=\"article:modified_time\" content=\"2022-07-28T11:13:11+00:00\" \/>\n<meta name=\"author\" content=\"ph.oriol\" \/>\n<meta name=\"twitter:card\" content=\"summary_large_image\" \/>\n<meta name=\"twitter:label1\" content=\"\u00c9crit par\" \/>\n\t<meta name=\"twitter:data1\" content=\"ph.oriol\" \/>\n\t<meta name=\"twitter:label2\" content=\"Dur\u00e9e de lecture estim\u00e9e\" \/>\n\t<meta name=\"twitter:data2\" content=\"1 minute\" \/>\n<script type=\"application\/ld+json\" class=\"yoast-schema-graph\">{\"@context\":\"https:\/\/schema.org\",\"@graph\":[{\"@type\":\"Article\",\"@id\":\"https:\/\/dicoaffairedreyfus.com\/index.php\/2022\/02\/25\/alfred-autier\/#article\",\"isPartOf\":{\"@id\":\"https:\/\/dicoaffairedreyfus.com\/index.php\/2022\/02\/25\/alfred-autier\/\"},\"author\":{\"name\":\"ph.oriol\",\"@id\":\"https:\/\/dicoaffairedreyfus.com\/#\/schema\/person\/eb6314936862b5f00f876026520b19ef\"},\"headline\":\"Alfred Autier\",\"datePublished\":\"2022-02-25T19:01:48+00:00\",\"dateModified\":\"2022-07-28T11:13:11+00:00\",\"mainEntityOfPage\":{\"@id\":\"https:\/\/dicoaffairedreyfus.com\/index.php\/2022\/02\/25\/alfred-autier\/\"},\"wordCount\":121,\"commentCount\":0,\"publisher\":{\"@id\":\"https:\/\/dicoaffairedreyfus.com\/#\/schema\/person\/eb6314936862b5f00f876026520b19ef\"},\"keywords\":[\"affaire Dreyfus\",\"Dictionnaire de l&#039;affaire Dreyfus\"],\"articleSection\":[\"Conseiller g\u00e9n\u00e9ral\",\"Homme politique\",\"Maire\",\"Marne\"],\"inLanguage\":\"fr-FR\",\"potentialAction\":[{\"@type\":\"CommentAction\",\"name\":\"Comment\",\"target\":[\"https:\/\/dicoaffairedreyfus.com\/index.php\/2022\/02\/25\/alfred-autier\/#respond\"]}]},{\"@type\":\"WebPage\",\"@id\":\"https:\/\/dicoaffairedreyfus.com\/index.php\/2022\/02\/25\/alfred-autier\/\",\"url\":\"https:\/\/dicoaffairedreyfus.com\/index.php\/2022\/02\/25\/alfred-autier\/\",\"name\":\"Alfred Autier - Dictionnaire de l&#039;affaire Dreyfus\",\"isPartOf\":{\"@id\":\"https:\/\/dicoaffairedreyfus.com\/#website\"},\"datePublished\":\"2022-02-25T19:01:48+00:00\",\"dateModified\":\"2022-07-28T11:13:11+00:00\",\"breadcrumb\":{\"@id\":\"https:\/\/dicoaffairedreyfus.com\/index.php\/2022\/02\/25\/alfred-autier\/#breadcrumb\"},\"inLanguage\":\"fr-FR\",\"potentialAction\":[{\"@type\":\"ReadAction\",\"target\":[\"https:\/\/dicoaffairedreyfus.com\/index.php\/2022\/02\/25\/alfred-autier\/\"]}]},{\"@type\":\"BreadcrumbList\",\"@id\":\"https:\/\/dicoaffairedreyfus.com\/index.php\/2022\/02\/25\/alfred-autier\/#breadcrumb\",\"itemListElement\":[{\"@type\":\"ListItem\",\"position\":1,\"name\":\"Accueil\",\"item\":\"https:\/\/dicoaffairedreyfus.com\/\"},{\"@type\":\"ListItem\",\"position\":2,\"name\":\"Alfred Autier\"}]},{\"@type\":\"WebSite\",\"@id\":\"https:\/\/dicoaffairedreyfus.com\/#website\",\"url\":\"https:\/\/dicoaffairedreyfus.com\/\",\"name\":\"Dictionnaire de l&#039;affaire Dreyfus\",\"description\":\"Tout sur l&#039;affaire Dreyfus\",\"publisher\":{\"@id\":\"https:\/\/dicoaffairedreyfus.com\/#\/schema\/person\/eb6314936862b5f00f876026520b19ef\"},\"potentialAction\":[{\"@type\":\"SearchAction\",\"target\":{\"@type\":\"EntryPoint\",\"urlTemplate\":\"https:\/\/dicoaffairedreyfus.com\/?s={search_term_string}\"},\"query-input\":\"required name=search_term_string\"}],\"inLanguage\":\"fr-FR\"},{\"@type\":[\"Person\",\"Organization\"],\"@id\":\"https:\/\/dicoaffairedreyfus.com\/#\/schema\/person\/eb6314936862b5f00f876026520b19ef\",\"name\":\"ph.oriol\",\"image\":{\"@type\":\"ImageObject\",\"inLanguage\":\"fr-FR\",\"@id\":\"https:\/\/dicoaffairedreyfus.com\/#\/schema\/person\/image\/\",\"url\":\"https:\/\/secure.gravatar.com\/avatar\/90cd184f47237a6b9abd891ba824fbed?s=96&d=mm&r=g\",\"contentUrl\":\"https:\/\/secure.gravatar.com\/avatar\/90cd184f47237a6b9abd891ba824fbed?s=96&d=mm&r=g\",\"caption\":\"ph.oriol\"},\"logo\":{\"@id\":\"https:\/\/dicoaffairedreyfus.com\/#\/schema\/person\/image\/\"},\"sameAs\":[\"http:\/\/affaire-dreyfus.com\/\"]}]}<\/script>\n<!-- \/ Yoast SEO plugin. -->","yoast_head_json":{"title":"Alfred Autier - Dictionnaire de l&#039;affaire Dreyfus","robots":{"index":"index","follow":"follow","max-snippet":"max-snippet:-1","max-image-preview":"max-image-preview:large","max-video-preview":"max-video-preview:-1"},"canonical":"https:\/\/dicoaffairedreyfus.com\/index.php\/2022\/02\/25\/alfred-autier\/","og_locale":"fr_FR","og_type":"article","og_title":"Alfred Autier - Dictionnaire de l&#039;affaire Dreyfus","og_description":"Autier, Alfred, propri\u00e9taire et homme politique fran\u00e7ais, dont les dates nous sont inconnues.","og_url":"https:\/\/dicoaffairedreyfus.com\/index.php\/2022\/02\/25\/alfred-autier\/","og_site_name":"Dictionnaire de l&#039;affaire Dreyfus","article_published_time":"2022-02-25T19:01:48+00:00","article_modified_time":"2022-07-28T11:13:11+00:00","author":"ph.oriol","twitter_card":"summary_large_image","twitter_misc":{"\u00c9crit par":"ph.oriol","Dur\u00e9e de lecture estim\u00e9e":"1 minute"},"schema":{"@context":"https:\/\/schema.org","@graph":[{"@type":"Article","@id":"https:\/\/dicoaffairedreyfus.com\/index.php\/2022\/02\/25\/alfred-autier\/#article","isPartOf":{"@id":"https:\/\/dicoaffairedreyfus.com\/index.php\/2022\/02\/25\/alfred-autier\/"},"author":{"name":"ph.oriol","@id":"https:\/\/dicoaffairedreyfus.com\/#\/schema\/person\/eb6314936862b5f00f876026520b19ef"},"headline":"Alfred Autier","datePublished":"2022-02-25T19:01:48+00:00","dateModified":"2022-07-28T11:13:11+00:00","mainEntityOfPage":{"@id":"https:\/\/dicoaffairedreyfus.com\/index.php\/2022\/02\/25\/alfred-autier\/"},"wordCount":121,"commentCount":0,"publisher":{"@id":"https:\/\/dicoaffairedreyfus.com\/#\/schema\/person\/eb6314936862b5f00f876026520b19ef"},"keywords":["affaire Dreyfus","Dictionnaire de l&#039;affaire Dreyfus"],"articleSection":["Conseiller g\u00e9n\u00e9ral","Homme politique","Maire","Marne"],"inLanguage":"fr-FR","potentialAction":[{"@type":"CommentAction","name":"Comment","target":["https:\/\/dicoaffairedreyfus.com\/index.php\/2022\/02\/25\/alfred-autier\/#respond"]}]},{"@type":"WebPage","@id":"https:\/\/dicoaffairedreyfus.com\/index.php\/2022\/02\/25\/alfred-autier\/","url":"https:\/\/dicoaffairedreyfus.com\/index.php\/2022\/02\/25\/alfred-autier\/","name":"Alfred Autier - Dictionnaire de l&#039;affaire Dreyfus","isPartOf":{"@id":"https:\/\/dicoaffairedreyfus.com\/#website"},"datePublished":"2022-02-25T19:01:48+00:00","dateModified":"2022-07-28T11:13:11+00:00","breadcrumb":{"@id":"https:\/\/dicoaffairedreyfus.com\/index.php\/2022\/02\/25\/alfred-autier\/#breadcrumb"},"inLanguage":"fr-FR","potentialAction":[{"@type":"ReadAction","target":["https:\/\/dicoaffairedreyfus.com\/index.php\/2022\/02\/25\/alfred-autier\/"]}]},{"@type":"BreadcrumbList","@id":"https:\/\/dicoaffairedreyfus.com\/index.php\/2022\/02\/25\/alfred-autier\/#breadcrumb","itemListElement":[{"@type":"ListItem","position":1,"name":"Accueil","item":"https:\/\/dicoaffairedreyfus.com\/"},{"@type":"ListItem","position":2,"name":"Alfred Autier"}]},{"@type":"WebSite","@id":"https:\/\/dicoaffairedreyfus.com\/#website","url":"https:\/\/dicoaffairedreyfus.com\/","name":"Dictionnaire de l&#039;affaire Dreyfus","description":"Tout sur l&#039;affaire Dreyfus","publisher":{"@id":"https:\/\/dicoaffairedreyfus.com\/#\/schema\/person\/eb6314936862b5f00f876026520b19ef"},"potentialAction":[{"@type":"SearchAction","target":{"@type":"EntryPoint","urlTemplate":"https:\/\/dicoaffairedreyfus.com\/?s={search_term_string}"},"query-input":"required name=search_term_string"}],"inLanguage":"fr-FR"},{"@type":["Person","Organization"],"@id":"https:\/\/dicoaffairedreyfus.com\/#\/schema\/person\/eb6314936862b5f00f876026520b19ef","name":"ph.oriol","image":{"@type":"ImageObject","inLanguage":"fr-FR","@id":"https:\/\/dicoaffairedreyfus.com\/#\/schema\/person\/image\/","url":"https:\/\/secure.gravatar.com\/avatar\/90cd184f47237a6b9abd891ba824fbed?s=96&d=mm&r=g","contentUrl":"https:\/\/secure.gravatar.com\/avatar\/90cd184f47237a6b9abd891ba824fbed?s=96&d=mm&r=g","caption":"ph.oriol"},"logo":{"@id":"https:\/\/dicoaffairedreyfus.com\/#\/schema\/person\/image\/"},"sameAs":["http:\/\/affaire-dreyfus.com\/"]}]}},"_links":{"self":[{"href":"https:\/\/dicoaffairedreyfus.com\/index.php\/wp-json\/wp\/v2\/posts\/7848","targetHints":{"allow":["GET"]}}],"collection":[{"href":"https:\/\/dicoaffairedreyfus.com\/index.php\/wp-json\/wp\/v2\/posts"}],"about":[{"href":"https:\/\/dicoaffairedreyfus.com\/index.php\/wp-json\/wp\/v2\/types\/post"}],"author":[{"embeddable":true,"href":"https:\/\/dicoaffairedreyfus.com\/index.php\/wp-json\/wp\/v2\/users\/1"}],"replies":[{"embeddable":true,"href":"https:\/\/dicoaffairedreyfus.com\/index.php\/wp-json\/wp\/v2\/comments?post=7848"}],"version-history":[{"count":8,"href":"https:\/\/dicoaffairedreyfus.com\/index.php\/wp-json\/wp\/v2\/posts\/7848\/revisions"}],"predecessor-version":[{"id":8235,"href":"https:\/\/dicoaffairedreyfus.com\/index.php\/wp-json\/wp\/v2\/posts\/7848\/revisions\/8235"}],"wp:attachment":[{"href":"https:\/\/dicoaffairedreyfus.com\/index.php\/wp-json\/wp\/v2\/media?parent=7848"}],"wp:term":[{"taxonomy":"category","embeddable":true,"href":"https:\/\/dicoaffairedreyfus.com\/index.php\/wp-json\/wp\/v2\/categories?post=7848"},{"taxonomy":"post_tag","embeddable":true,"href":"https:\/\/dicoaffairedreyfus.com\/index.php\/wp-json\/wp\/v2\/tags?post=7848"}],"curies":[{"name":"wp","href":"https:\/\/api.w.org\/{rel}","templated":true}]}}