{"id":7782,"date":"2022-02-18T22:40:48","date_gmt":"2022-02-18T21:40:48","guid":{"rendered":"https:\/\/dicoaffairedreyfus.com\/?p=7782"},"modified":"2026-04-19T22:52:05","modified_gmt":"2026-04-19T20:52:05","slug":"anonyme-as-tu-vu-zola-ah-la-sale-bete-y-sest-tire-des-pattes","status":"publish","type":"post","link":"https:\/\/dicoaffairedreyfus.com\/index.php\/2022\/02\/18\/anonyme-as-tu-vu-zola-ah-la-sale-bete-y-sest-tire-des-pattes\/","title":{"rendered":"As-tu vu Zola&nbsp;? Ah&nbsp;! la sale b\u00eate&nbsp;! Y s&rsquo;est tir\u00e9 des pattes&nbsp;!"},"content":{"rendered":"<p style=\"text-align: justify;\">En ao\u00fbt ou septembre 1898, L\u00e9on Baudot, 20, rue Domat \u00e0 Paris publiait un placard intitul\u00e9&nbsp;: <em>As-tu vu Zola&nbsp;? Ah&nbsp;! la sale b\u00eate&nbsp;! Y s&rsquo;est tir\u00e9 des pattes&nbsp;!\u00a0<\/em><\/p>\r\n<p><!--more--><\/p>\r\n<p style=\"text-align: justify;\">Sur le dessin, montrant le d\u00e9part de Zola apr\u00e8s son <a href=\"https:\/\/dicoaffairedreyfus.com\/index.php\/2020\/01\/05\/proces-zola\/\" target=\"_blank\" rel=\"noopener\">troisi\u00e8me proc\u00e8s<\/a>, dessin dont l&rsquo;auteur demeure inconnu, on reconna\u00eetra, de gauche \u00e0 droite&nbsp;: <a href=\"https:\/\/dicoaffairedreyfus.com\/index.php\/2020\/02\/08\/hommage-des-artistes-a-picquart\/\" target=\"_blank\" rel=\"noopener\">Picquart<\/a>, <a href=\"https:\/\/dicoaffairedreyfus.com\/index.php\/2020\/01\/10\/georges-clemenceau\/\" target=\"_blank\" rel=\"noopener\">Clemenceau<\/a>, <a href=\"https:\/\/dicoaffairedreyfus.com\/index.php\/2020\/01\/05\/emile-zola\/\" target=\"_blank\" rel=\"noopener noreferrer\">Zola<\/a>, <a href=\"https:\/\/dicoaffairedreyfus.com\/index.php\/2020\/01\/07\/auguste-scheurer-kestner\/\" target=\"_blank\" rel=\"noopener\">Scheurer-Kestner<\/a> et <a href=\"https:\/\/dicoaffairedreyfus.com\/index.php\/2020\/01\/10\/fernand-labori\/\" target=\"_blank\" rel=\"noopener\">Labori<\/a>.\u00a0<\/p>\r\n<p style=\"text-align: justify;\">En bas, se trouve une chanson en en six couplets, \u00ab&nbsp;Complainte \u00e0 ce sujet&nbsp;\u00bb, sur l&rsquo;air de <em>Bon voyage, mon cher Dumollet<\/em>, et dont l&rsquo;auteur est inconnu.<\/p>\r\n<p>&nbsp;<\/p>\r\n<div id=\"attachment_7794\" style=\"width: 1823px\" class=\"wp-caption aligncenter\"><img loading=\"lazy\" decoding=\"async\" aria-describedby=\"caption-attachment-7794\" class=\"wp-image-7794 size-full\" src=\"https:\/\/dicoaffairedreyfus.com\/wp-content\/uploads\/2022\/02\/M0212_AG-980-51-7-a-U.jpg\" alt=\"\" width=\"1813\" height=\"2500\" srcset=\"https:\/\/dicoaffairedreyfus.com\/wp-content\/uploads\/2022\/02\/M0212_AG-980-51-7-a-U.jpg 1813w, https:\/\/dicoaffairedreyfus.com\/wp-content\/uploads\/2022\/02\/M0212_AG-980-51-7-a-U-218x300.jpg 218w, https:\/\/dicoaffairedreyfus.com\/wp-content\/uploads\/2022\/02\/M0212_AG-980-51-7-a-U-743x1024.jpg 743w, https:\/\/dicoaffairedreyfus.com\/wp-content\/uploads\/2022\/02\/M0212_AG-980-51-7-a-U-768x1059.jpg 768w, https:\/\/dicoaffairedreyfus.com\/wp-content\/uploads\/2022\/02\/M0212_AG-980-51-7-a-U-1114x1536.jpg 1114w, https:\/\/dicoaffairedreyfus.com\/wp-content\/uploads\/2022\/02\/M0212_AG-980-51-7-a-U-1485x2048.jpg 1485w, https:\/\/dicoaffairedreyfus.com\/wp-content\/uploads\/2022\/02\/M0212_AG-980-51-7-a-U-624x860.jpg 624w\" sizes=\"auto, (max-width: 1813px) 100vw, 1813px\" \/><p id=\"caption-attachment-7794\" class=\"wp-caption-text\">Mus\u00e9e de Bretagne.<\/p><\/div>\r\n<p style=\"text-align: justify;\">Au dos, \u00e9tait reprise une chanson pr\u00e9c\u00e9demment publi\u00e9e en 1897&nbsp;: <a href=\"https:\/\/dicoaffairedreyfus.com\/index.php\/2022\/02\/18\/anonyme-le-martyr-de-lile-du-diable-victime-de-son-bedit-commerce\/\" target=\"_blank\" rel=\"noopener noreferrer\"><em>Le martyr de l\u2019\u00eele du Diable victime de son bedit commerce<\/em><\/a>.<\/p>\r\n<div id=\"attachment_9171\" style=\"width: 1818px\" class=\"wp-caption alignnone\"><img loading=\"lazy\" decoding=\"async\" aria-describedby=\"caption-attachment-9171\" class=\"wp-image-9171 size-full\" src=\"https:\/\/dicoaffairedreyfus.com\/wp-content\/uploads\/2022\/02\/M0212_AG-980-51-7-b-U.jpg\" alt=\"\" width=\"1808\" height=\"2500\" srcset=\"https:\/\/dicoaffairedreyfus.com\/wp-content\/uploads\/2022\/02\/M0212_AG-980-51-7-b-U.jpg 1808w, https:\/\/dicoaffairedreyfus.com\/wp-content\/uploads\/2022\/02\/M0212_AG-980-51-7-b-U-217x300.jpg 217w, https:\/\/dicoaffairedreyfus.com\/wp-content\/uploads\/2022\/02\/M0212_AG-980-51-7-b-U-741x1024.jpg 741w, https:\/\/dicoaffairedreyfus.com\/wp-content\/uploads\/2022\/02\/M0212_AG-980-51-7-b-U-768x1062.jpg 768w, https:\/\/dicoaffairedreyfus.com\/wp-content\/uploads\/2022\/02\/M0212_AG-980-51-7-b-U-1111x1536.jpg 1111w, https:\/\/dicoaffairedreyfus.com\/wp-content\/uploads\/2022\/02\/M0212_AG-980-51-7-b-U-1481x2048.jpg 1481w, https:\/\/dicoaffairedreyfus.com\/wp-content\/uploads\/2022\/02\/M0212_AG-980-51-7-b-U-624x863.jpg 624w\" sizes=\"auto, (max-width: 1808px) 100vw, 1808px\" \/><p id=\"caption-attachment-9171\" class=\"wp-caption-text\">Mus\u00e9e de Bretagne<\/p><\/div>\r\n<p><span style=\"font-size: 8pt;\">(pour agrandir l&rsquo;image, clic droit et ouvrir l&rsquo;image dans un nouvel onglet)<\/span><\/p>\r\n<p style=\"text-align: justify;\"><!-- \/wp:paragraph --><\/p>\r\n<!-- wp:paragraph {\"align&nbsp;:\"right\",\"customFontSize&nbsp;:10} -->\r\n<p class=\"has-text-align-right\" style=\"font-size: 10px; text-align: right;\"><em>Philippe Oriol<\/em><\/p>\r\n<p>&nbsp;<\/p>","protected":false},"excerpt":{"rendered":"<p>En ao\u00fbt ou septembre 1898, L\u00e9on Baudot, 20, rue Domat \u00e0 Paris publiait un placard intitul\u00e9&nbsp;: As-tu vu Zola&nbsp;? Ah&nbsp;! la sale b\u00eate&nbsp;! Y s&rsquo;est tir\u00e9 des pattes&nbsp;!\u00a0<\/p>\n","protected":false},"author":1,"featured_media":0,"comment_status":"open","ping_status":"open","sticky":false,"template":"","format":"standard","meta":{"footnotes":""},"categories":[8,12,444],"tags":[87,86],"class_list":["post-7782","post","type-post","status-publish","format-standard","hentry","category-antidreyfusard","category-antisemite","category-placard","tag-affaire-dreyfus","tag-dictionnaire-de-laffaire-dreyfus"],"yoast_head":"<!-- This site is optimized with the Yoast SEO plugin v21.1 - https:\/\/yoast.com\/wordpress\/plugins\/seo\/ -->\n<title>As-tu vu Zola ? Ah ! la sale b\u00eate ! Y s&#039;est tir\u00e9 des pattes ! - Dictionnaire de l&#039;affaire Dreyfus<\/title>\n<meta name=\"robots\" content=\"index, follow, max-snippet:-1, max-image-preview:large, max-video-preview:-1\" \/>\n<link rel=\"canonical\" href=\"https:\/\/dicoaffairedreyfus.com\/index.php\/2022\/02\/18\/anonyme-as-tu-vu-zola-ah-la-sale-bete-y-sest-tire-des-pattes\/\" \/>\n<meta property=\"og:locale\" content=\"fr_FR\" \/>\n<meta property=\"og:type\" content=\"article\" \/>\n<meta property=\"og:title\" content=\"As-tu vu Zola ? Ah ! la sale b\u00eate ! Y s&#039;est tir\u00e9 des pattes ! - Dictionnaire de l&#039;affaire Dreyfus\" \/>\n<meta property=\"og:description\" content=\"En ao\u00fbt ou septembre 1898, L\u00e9on Baudot, 20, rue Domat \u00e0 Paris publiait un placard intitul\u00e9&nbsp;: As-tu vu Zola&nbsp;? Ah&nbsp;! la sale b\u00eate&nbsp;! Y s&rsquo;est tir\u00e9 des pattes&nbsp;!\u00a0\" \/>\n<meta property=\"og:url\" content=\"https:\/\/dicoaffairedreyfus.com\/index.php\/2022\/02\/18\/anonyme-as-tu-vu-zola-ah-la-sale-bete-y-sest-tire-des-pattes\/\" \/>\n<meta property=\"og:site_name\" content=\"Dictionnaire de l&#039;affaire Dreyfus\" \/>\n<meta property=\"article:published_time\" content=\"2022-02-18T21:40:48+00:00\" \/>\n<meta property=\"article:modified_time\" content=\"2026-04-19T20:52:05+00:00\" \/>\n<meta property=\"og:image\" content=\"https:\/\/dicoaffairedreyfus.com\/wp-content\/uploads\/2022\/02\/M0212_AG-980-51-7-a-U.jpg\" \/>\n<meta name=\"author\" content=\"ph.oriol\" \/>\n<meta name=\"twitter:card\" content=\"summary_large_image\" \/>\n<meta name=\"twitter:label1\" content=\"\u00c9crit par\" \/>\n\t<meta name=\"twitter:data1\" content=\"ph.oriol\" \/>\n\t<meta name=\"twitter:label2\" content=\"Dur\u00e9e de lecture estim\u00e9e\" \/>\n\t<meta name=\"twitter:data2\" content=\"2 minutes\" \/>\n<script type=\"application\/ld+json\" class=\"yoast-schema-graph\">{\"@context\":\"https:\/\/schema.org\",\"@graph\":[{\"@type\":\"Article\",\"@id\":\"https:\/\/dicoaffairedreyfus.com\/index.php\/2022\/02\/18\/anonyme-as-tu-vu-zola-ah-la-sale-bete-y-sest-tire-des-pattes\/#article\",\"isPartOf\":{\"@id\":\"https:\/\/dicoaffairedreyfus.com\/index.php\/2022\/02\/18\/anonyme-as-tu-vu-zola-ah-la-sale-bete-y-sest-tire-des-pattes\/\"},\"author\":{\"name\":\"ph.oriol\",\"@id\":\"https:\/\/dicoaffairedreyfus.com\/#\/schema\/person\/eb6314936862b5f00f876026520b19ef\"},\"headline\":\"As-tu vu Zola&nbsp;? Ah&nbsp;! la sale b\u00eate&nbsp;! Y s&rsquo;est tir\u00e9 des pattes&nbsp;!\",\"datePublished\":\"2022-02-18T21:40:48+00:00\",\"dateModified\":\"2026-04-19T20:52:05+00:00\",\"mainEntityOfPage\":{\"@id\":\"https:\/\/dicoaffairedreyfus.com\/index.php\/2022\/02\/18\/anonyme-as-tu-vu-zola-ah-la-sale-bete-y-sest-tire-des-pattes\/\"},\"wordCount\":162,\"commentCount\":0,\"publisher\":{\"@id\":\"https:\/\/dicoaffairedreyfus.com\/#\/schema\/person\/eb6314936862b5f00f876026520b19ef\"},\"keywords\":[\"affaire Dreyfus\",\"Dictionnaire de l&#039;affaire Dreyfus\"],\"articleSection\":[\"Antidreyfusard\",\"Antis\u00e9mite\",\"Placard\"],\"inLanguage\":\"fr-FR\",\"potentialAction\":[{\"@type\":\"CommentAction\",\"name\":\"Comment\",\"target\":[\"https:\/\/dicoaffairedreyfus.com\/index.php\/2022\/02\/18\/anonyme-as-tu-vu-zola-ah-la-sale-bete-y-sest-tire-des-pattes\/#respond\"]}]},{\"@type\":\"WebPage\",\"@id\":\"https:\/\/dicoaffairedreyfus.com\/index.php\/2022\/02\/18\/anonyme-as-tu-vu-zola-ah-la-sale-bete-y-sest-tire-des-pattes\/\",\"url\":\"https:\/\/dicoaffairedreyfus.com\/index.php\/2022\/02\/18\/anonyme-as-tu-vu-zola-ah-la-sale-bete-y-sest-tire-des-pattes\/\",\"name\":\"As-tu vu Zola ? Ah ! la sale b\u00eate ! Y s'est tir\u00e9 des pattes ! - Dictionnaire de l&#039;affaire Dreyfus\",\"isPartOf\":{\"@id\":\"https:\/\/dicoaffairedreyfus.com\/#website\"},\"datePublished\":\"2022-02-18T21:40:48+00:00\",\"dateModified\":\"2026-04-19T20:52:05+00:00\",\"breadcrumb\":{\"@id\":\"https:\/\/dicoaffairedreyfus.com\/index.php\/2022\/02\/18\/anonyme-as-tu-vu-zola-ah-la-sale-bete-y-sest-tire-des-pattes\/#breadcrumb\"},\"inLanguage\":\"fr-FR\",\"potentialAction\":[{\"@type\":\"ReadAction\",\"target\":[\"https:\/\/dicoaffairedreyfus.com\/index.php\/2022\/02\/18\/anonyme-as-tu-vu-zola-ah-la-sale-bete-y-sest-tire-des-pattes\/\"]}]},{\"@type\":\"BreadcrumbList\",\"@id\":\"https:\/\/dicoaffairedreyfus.com\/index.php\/2022\/02\/18\/anonyme-as-tu-vu-zola-ah-la-sale-bete-y-sest-tire-des-pattes\/#breadcrumb\",\"itemListElement\":[{\"@type\":\"ListItem\",\"position\":1,\"name\":\"Accueil\",\"item\":\"https:\/\/dicoaffairedreyfus.com\/\"},{\"@type\":\"ListItem\",\"position\":2,\"name\":\"As-tu vu Zola ? Ah ! la sale b\u00eate ! Y s&rsquo;est tir\u00e9 des pattes !\"}]},{\"@type\":\"WebSite\",\"@id\":\"https:\/\/dicoaffairedreyfus.com\/#website\",\"url\":\"https:\/\/dicoaffairedreyfus.com\/\",\"name\":\"Dictionnaire de l&#039;affaire Dreyfus\",\"description\":\"Tout sur l&#039;affaire Dreyfus\",\"publisher\":{\"@id\":\"https:\/\/dicoaffairedreyfus.com\/#\/schema\/person\/eb6314936862b5f00f876026520b19ef\"},\"potentialAction\":[{\"@type\":\"SearchAction\",\"target\":{\"@type\":\"EntryPoint\",\"urlTemplate\":\"https:\/\/dicoaffairedreyfus.com\/?s={search_term_string}\"},\"query-input\":\"required name=search_term_string\"}],\"inLanguage\":\"fr-FR\"},{\"@type\":[\"Person\",\"Organization\"],\"@id\":\"https:\/\/dicoaffairedreyfus.com\/#\/schema\/person\/eb6314936862b5f00f876026520b19ef\",\"name\":\"ph.oriol\",\"image\":{\"@type\":\"ImageObject\",\"inLanguage\":\"fr-FR\",\"@id\":\"https:\/\/dicoaffairedreyfus.com\/#\/schema\/person\/image\/\",\"url\":\"https:\/\/secure.gravatar.com\/avatar\/90cd184f47237a6b9abd891ba824fbed?s=96&d=mm&r=g\",\"contentUrl\":\"https:\/\/secure.gravatar.com\/avatar\/90cd184f47237a6b9abd891ba824fbed?s=96&d=mm&r=g\",\"caption\":\"ph.oriol\"},\"logo\":{\"@id\":\"https:\/\/dicoaffairedreyfus.com\/#\/schema\/person\/image\/\"},\"sameAs\":[\"http:\/\/affaire-dreyfus.com\/\"]}]}<\/script>\n<!-- \/ Yoast SEO plugin. -->","yoast_head_json":{"title":"As-tu vu Zola ? Ah ! la sale b\u00eate ! Y s'est tir\u00e9 des pattes ! - Dictionnaire de l&#039;affaire Dreyfus","robots":{"index":"index","follow":"follow","max-snippet":"max-snippet:-1","max-image-preview":"max-image-preview:large","max-video-preview":"max-video-preview:-1"},"canonical":"https:\/\/dicoaffairedreyfus.com\/index.php\/2022\/02\/18\/anonyme-as-tu-vu-zola-ah-la-sale-bete-y-sest-tire-des-pattes\/","og_locale":"fr_FR","og_type":"article","og_title":"As-tu vu Zola ? Ah ! la sale b\u00eate ! Y s'est tir\u00e9 des pattes ! - Dictionnaire de l&#039;affaire Dreyfus","og_description":"En ao\u00fbt ou septembre 1898, L\u00e9on Baudot, 20, rue Domat \u00e0 Paris publiait un placard intitul\u00e9&nbsp;: As-tu vu Zola&nbsp;? Ah&nbsp;! la sale b\u00eate&nbsp;! Y s&rsquo;est tir\u00e9 des pattes&nbsp;!\u00a0","og_url":"https:\/\/dicoaffairedreyfus.com\/index.php\/2022\/02\/18\/anonyme-as-tu-vu-zola-ah-la-sale-bete-y-sest-tire-des-pattes\/","og_site_name":"Dictionnaire de l&#039;affaire Dreyfus","article_published_time":"2022-02-18T21:40:48+00:00","article_modified_time":"2026-04-19T20:52:05+00:00","og_image":[{"url":"https:\/\/dicoaffairedreyfus.com\/wp-content\/uploads\/2022\/02\/M0212_AG-980-51-7-a-U.jpg"}],"author":"ph.oriol","twitter_card":"summary_large_image","twitter_misc":{"\u00c9crit par":"ph.oriol","Dur\u00e9e de lecture estim\u00e9e":"2 minutes"},"schema":{"@context":"https:\/\/schema.org","@graph":[{"@type":"Article","@id":"https:\/\/dicoaffairedreyfus.com\/index.php\/2022\/02\/18\/anonyme-as-tu-vu-zola-ah-la-sale-bete-y-sest-tire-des-pattes\/#article","isPartOf":{"@id":"https:\/\/dicoaffairedreyfus.com\/index.php\/2022\/02\/18\/anonyme-as-tu-vu-zola-ah-la-sale-bete-y-sest-tire-des-pattes\/"},"author":{"name":"ph.oriol","@id":"https:\/\/dicoaffairedreyfus.com\/#\/schema\/person\/eb6314936862b5f00f876026520b19ef"},"headline":"As-tu vu Zola&nbsp;? Ah&nbsp;! la sale b\u00eate&nbsp;! Y s&rsquo;est tir\u00e9 des pattes&nbsp;!","datePublished":"2022-02-18T21:40:48+00:00","dateModified":"2026-04-19T20:52:05+00:00","mainEntityOfPage":{"@id":"https:\/\/dicoaffairedreyfus.com\/index.php\/2022\/02\/18\/anonyme-as-tu-vu-zola-ah-la-sale-bete-y-sest-tire-des-pattes\/"},"wordCount":162,"commentCount":0,"publisher":{"@id":"https:\/\/dicoaffairedreyfus.com\/#\/schema\/person\/eb6314936862b5f00f876026520b19ef"},"keywords":["affaire Dreyfus","Dictionnaire de l&#039;affaire Dreyfus"],"articleSection":["Antidreyfusard","Antis\u00e9mite","Placard"],"inLanguage":"fr-FR","potentialAction":[{"@type":"CommentAction","name":"Comment","target":["https:\/\/dicoaffairedreyfus.com\/index.php\/2022\/02\/18\/anonyme-as-tu-vu-zola-ah-la-sale-bete-y-sest-tire-des-pattes\/#respond"]}]},{"@type":"WebPage","@id":"https:\/\/dicoaffairedreyfus.com\/index.php\/2022\/02\/18\/anonyme-as-tu-vu-zola-ah-la-sale-bete-y-sest-tire-des-pattes\/","url":"https:\/\/dicoaffairedreyfus.com\/index.php\/2022\/02\/18\/anonyme-as-tu-vu-zola-ah-la-sale-bete-y-sest-tire-des-pattes\/","name":"As-tu vu Zola ? Ah ! la sale b\u00eate ! Y s'est tir\u00e9 des pattes ! - Dictionnaire de l&#039;affaire Dreyfus","isPartOf":{"@id":"https:\/\/dicoaffairedreyfus.com\/#website"},"datePublished":"2022-02-18T21:40:48+00:00","dateModified":"2026-04-19T20:52:05+00:00","breadcrumb":{"@id":"https:\/\/dicoaffairedreyfus.com\/index.php\/2022\/02\/18\/anonyme-as-tu-vu-zola-ah-la-sale-bete-y-sest-tire-des-pattes\/#breadcrumb"},"inLanguage":"fr-FR","potentialAction":[{"@type":"ReadAction","target":["https:\/\/dicoaffairedreyfus.com\/index.php\/2022\/02\/18\/anonyme-as-tu-vu-zola-ah-la-sale-bete-y-sest-tire-des-pattes\/"]}]},{"@type":"BreadcrumbList","@id":"https:\/\/dicoaffairedreyfus.com\/index.php\/2022\/02\/18\/anonyme-as-tu-vu-zola-ah-la-sale-bete-y-sest-tire-des-pattes\/#breadcrumb","itemListElement":[{"@type":"ListItem","position":1,"name":"Accueil","item":"https:\/\/dicoaffairedreyfus.com\/"},{"@type":"ListItem","position":2,"name":"As-tu vu Zola ? Ah ! la sale b\u00eate ! Y s&rsquo;est tir\u00e9 des pattes !"}]},{"@type":"WebSite","@id":"https:\/\/dicoaffairedreyfus.com\/#website","url":"https:\/\/dicoaffairedreyfus.com\/","name":"Dictionnaire de l&#039;affaire Dreyfus","description":"Tout sur l&#039;affaire Dreyfus","publisher":{"@id":"https:\/\/dicoaffairedreyfus.com\/#\/schema\/person\/eb6314936862b5f00f876026520b19ef"},"potentialAction":[{"@type":"SearchAction","target":{"@type":"EntryPoint","urlTemplate":"https:\/\/dicoaffairedreyfus.com\/?s={search_term_string}"},"query-input":"required name=search_term_string"}],"inLanguage":"fr-FR"},{"@type":["Person","Organization"],"@id":"https:\/\/dicoaffairedreyfus.com\/#\/schema\/person\/eb6314936862b5f00f876026520b19ef","name":"ph.oriol","image":{"@type":"ImageObject","inLanguage":"fr-FR","@id":"https:\/\/dicoaffairedreyfus.com\/#\/schema\/person\/image\/","url":"https:\/\/secure.gravatar.com\/avatar\/90cd184f47237a6b9abd891ba824fbed?s=96&d=mm&r=g","contentUrl":"https:\/\/secure.gravatar.com\/avatar\/90cd184f47237a6b9abd891ba824fbed?s=96&d=mm&r=g","caption":"ph.oriol"},"logo":{"@id":"https:\/\/dicoaffairedreyfus.com\/#\/schema\/person\/image\/"},"sameAs":["http:\/\/affaire-dreyfus.com\/"]}]}},"_links":{"self":[{"href":"https:\/\/dicoaffairedreyfus.com\/index.php\/wp-json\/wp\/v2\/posts\/7782","targetHints":{"allow":["GET"]}}],"collection":[{"href":"https:\/\/dicoaffairedreyfus.com\/index.php\/wp-json\/wp\/v2\/posts"}],"about":[{"href":"https:\/\/dicoaffairedreyfus.com\/index.php\/wp-json\/wp\/v2\/types\/post"}],"author":[{"embeddable":true,"href":"https:\/\/dicoaffairedreyfus.com\/index.php\/wp-json\/wp\/v2\/users\/1"}],"replies":[{"embeddable":true,"href":"https:\/\/dicoaffairedreyfus.com\/index.php\/wp-json\/wp\/v2\/comments?post=7782"}],"version-history":[{"count":14,"href":"https:\/\/dicoaffairedreyfus.com\/index.php\/wp-json\/wp\/v2\/posts\/7782\/revisions"}],"predecessor-version":[{"id":9316,"href":"https:\/\/dicoaffairedreyfus.com\/index.php\/wp-json\/wp\/v2\/posts\/7782\/revisions\/9316"}],"wp:attachment":[{"href":"https:\/\/dicoaffairedreyfus.com\/index.php\/wp-json\/wp\/v2\/media?parent=7782"}],"wp:term":[{"taxonomy":"category","embeddable":true,"href":"https:\/\/dicoaffairedreyfus.com\/index.php\/wp-json\/wp\/v2\/categories?post=7782"},{"taxonomy":"post_tag","embeddable":true,"href":"https:\/\/dicoaffairedreyfus.com\/index.php\/wp-json\/wp\/v2\/tags?post=7782"}],"curies":[{"name":"wp","href":"https:\/\/api.w.org\/{rel}","templated":true}]}}