{"id":7287,"date":"2022-01-21T22:45:26","date_gmt":"2022-01-21T21:45:26","guid":{"rendered":"https:\/\/dicoaffairedreyfus.com\/?p=7287"},"modified":"2022-06-29T14:44:30","modified_gmt":"2022-06-29T12:44:30","slug":"marcelin-berthelot","status":"publish","type":"post","link":"https:\/\/dicoaffairedreyfus.com\/index.php\/2022\/01\/21\/marcelin-berthelot\/","title":{"rendered":"Marcelin Berthelot"},"content":{"rendered":"<p style=\"text-align: justify;\"><span style=\"font-size: 14pt;\">Berthelot<\/span>, Pierre, Eug\u00e8ne, <span style=\"font-size: 14pt;\">Marcelin<\/span>\u00a0(avec un seul \u00ab&nbsp;l&nbsp;\u00bb selon l&rsquo;\u00e9tat-civil), chimiste, biologiste et homme politique fran\u00e7ais, n\u00e9 \u00e0 Paris le 25 octobre 1827*, d\u00e9c\u00e9d\u00e9 \u00e0 Paris le 18 mars 1907*.<\/p>\r\n<p><!--more--><\/p>\r\n<p style=\"text-align: justify;\">Intime de Renan, cousin de Louise Hal\u00e9vy, il entra au coll\u00e8ge de France comme pr\u00e9parateur en 1851 et obtint son doctorat en 1854. Professeur \u00e0 l\u2019\u00c9cole sup\u00e9rieure de pharmacie (1859), il devint professeur de chimie organique en 1865 au Coll\u00e8ge de France. Auteur de nombreux ouvrages, collaborateur scientifique au <a href=\"https:\/\/dicoaffairedreyfus.com\/index.php\/2020\/04\/12\/le-temps\/\" target=\"_blank\" rel=\"noopener noreferrer\"><em>Temps<\/em><\/a>, \u00e0 la <a href=\"https:\/\/dicoaffairedreyfus.com\/index.php\/2022\/01\/22\/revue-des-deux-mondes\/\" target=\"_blank\" rel=\"noopener noreferrer\"><em>Revue des Deux-Mondes<\/em><\/a>, aux <em>Annales de physique et de chimie<\/em>, il fut nomm\u00e9 inspecteur g\u00e9n\u00e9ral de l\u2019instruction publique en 1876 et devint s\u00e9nateur inamovible en 1881. Ministre de l\u2019Instruction publique dans le cabinet <a href=\"https:\/\/dicoaffairedreyfus.com\/index.php\/2022\/01\/22\/rene-goblet\/\" target=\"_blank\" rel=\"noopener noreferrer\">Goblet<\/a> (1886-1887), il sera aussi ministre des Affaires \u00e9trang\u00e8res dans le cabinet <a href=\"https:\/\/dicoaffairedreyfus.com\/index.php\/2022\/01\/22\/leon-bourgeois\/\" target=\"_blank\" rel=\"noopener noreferrer\">Bourgeois<\/a>.<br \/>Pour lui, inform\u00e9 par <a href=\"https:\/\/dicoaffairedreyfus.com\/index.php\/2020\/01\/12\/raoul-de-boisdeffre\/\" target=\"_blank\" rel=\"noopener noreferrer\">Boisdeffre<\/a> ou <a href=\"https:\/\/dicoaffairedreyfus.com\/index.php\/2020\/01\/05\/colonel-jean-sandherr\/\" target=\"_blank\" rel=\"noopener noreferrer\">Sandherr<\/a>, par <a href=\"https:\/\/dicoaffairedreyfus.com\/index.php\/2020\/01\/05\/general-auguste-mercier\/\" target=\"_blank\" rel=\"noopener noreferrer\">Mercier<\/a> peut-\u00eatre, la culpabilit\u00e9 de <a href=\"https:\/\/dicoaffairedreyfus.com\/index.php\/2020\/01\/05\/alfred-dreyfus\/\" target=\"_blank\" rel=\"noopener noreferrer\">Dreyfus<\/a> ne pouvait faire le moindre doute. En f\u00e9vrier 1895, il fut visit\u00e9 par <a href=\"https:\/\/dicoaffairedreyfus.com\/index.php\/2020\/01\/07\/auguste-scheurer-kestner\/\" target=\"_blank\" rel=\"noopener noreferrer\">Scheurer-Kestner<\/a>, son coll\u00e8gue au S\u00e9nat, qui, apr\u00e8s avoir re\u00e7u <a href=\"https:\/\/dicoaffairedreyfus.com\/index.php\/2020\/01\/25\/mathieu-dreyfus\/\" target=\"_blank\" rel=\"noopener noreferrer\">Mathieu<\/a> qui l\u2019avait touch\u00e9, avait entrepris une petite enqu\u00eate pour en savoir plus. Berthelot se montra tr\u00e8s affirmatif&nbsp;:<\/p>\r\n<blockquote>\r\n<p style=\"text-align: justify;\">On se d\u00e9fiait de Dreyfus, me dit-il. On lui glissa une pi\u00e8ce exceptionnelle. La copie de cette pi\u00e8ce fut retrouv\u00e9e \u00e0 Berlin. La preuve morale \u00e9tait acquise. C\u2019est alors qu\u2019on lui tendit le pi\u00e8ge de lui faire \u00e9crire, \u00e0 la <a href=\"https:\/\/dicoaffairedreyfus.com\/index.php\/2022\/06\/29\/scene-de-la-dictee\/\" target=\"_blank\" rel=\"noopener noreferrer\">dict\u00e9e<\/a>, la pi\u00e8ce trouv\u00e9e dans le panier \u00e0 papiers de l\u2019ambassade d\u2019Allemagne. Il y a encore certaines choses que je ne puis vous dire, ajouta-t-il&nbsp;; et je ne sais pas tout&nbsp;! Pour moi, je crois \u00e0 la culpabilit\u00e9 de Dreyfus autant qu\u2019on peut y croire en l\u2019absence de preuves \u201cpersonnelles et mat\u00e9rielles\u201d&nbsp;\u00bb (Scheurer, p. 57).<\/p>\r\n<\/blockquote>\r\n<p style=\"text-align: justify;\">C\u2019est pour cela, encore qu\u2019en 1896, il refusa de recevoir <a href=\"https:\/\/dicoaffairedreyfus.com\/index.php\/2020\/01\/09\/bernard-lazare\/\" target=\"_blank\" rel=\"noopener noreferrer\">Bernard Lazare<\/a>, dont le m\u00e9moire en d\u00e9fense venait de para\u00eetre, qui lui avait demand\u00e9 un rendez-vous (<a href=\"https:\/\/affaire-dreyfus.com\/documents\/les-souvenirs-de-bernard-lazare-sur-son-engagement-dans-laffaire-dreyfus\/\" target=\"_blank\" rel=\"noopener noreferrer\">Lazare, <\/a><em>M\u00e9moire \u00e0 Reinach)<\/em>. S\u2019il fut un des 80 s\u00e9nateurs \u00e0 voter pour Scheurer-Kestner candidat \u00e0 sa propre succession \u00e0 la vice-pr\u00e9sidence (Reinach, II, p. 845 n. 1), son sentiment n\u2019avait pas alors chang\u00e9 comme en t\u00e9moigne sa d\u00e9claration \u00e0 <a href=\"https:\/\/dicoaffairedreyfus.com\/index.php\/2020\/01\/26\/la-patrie\/\" target=\"_blank\" rel=\"noopener noreferrer\"><em>La Patrie<\/em><\/a> aux premiers jours de de f\u00e9vrier 1898&nbsp;: \u00ab&nbsp;Je d\u00e9plore toutes les infamies \u00e9crites et d\u00e9bit\u00e9es dans le but d\u2019innocenter un homme jug\u00e9 et condamn\u00e9 par le conseil de guerre&nbsp;\u00bb. Il ajoutait&nbsp;: \u00ab&nbsp;C&rsquo;est insulter et taxer de malhonn\u00eatet\u00e9 les officiers \u00e9minents qui ont, d&rsquo;abord, accus\u00e9 Dreyfus, puis ceux, dont la loyaut\u00e9 est et restera au-dessus des soup\u00e7ons, qui ont eu le triste de voir de le juger&#8230;&nbsp;\u00bb. Concernant <a href=\"https:\/\/dicoaffairedreyfus.com\/index.php\/2020\/01\/05\/emile-zola\/\" target=\"_blank\" rel=\"noopener noreferrer\">Zola<\/a> et son <a href=\"https:\/\/dicoaffairedreyfus.com\/index.php\/2020\/01\/05\/jaccuse\/\" target=\"_blank\" rel=\"noopener noreferrer\">\u00ab&nbsp;J&rsquo;Accuse&#8230;&nbsp;!&nbsp;\u00bb<\/a>, il condamnait l&#8217;emploi de ces \u00ab&nbsp;singuliers arguments pour r\u00e9clamer justice&nbsp;\u00bb et consid\u00e9rait que cette initiative \u00ab&nbsp;a plut\u00f4t \u00e9t\u00e9 funeste \u00e0 la cause qu&rsquo;il pr\u00e9tend un peu trop bruyamment d\u00e9fendre\u00a0\u00bb (<a href=\"https:\/\/www.retronews.fr\/journal\/la-patrie-1841-1937\/9-fevrier-1898\/2935\/4581309\/2\" target=\"_blank\" rel=\"noopener noreferrer\">\u00ab&nbsp;Chez M. Berthelot&nbsp;\u00bb, 9\u00a0f\u00e9vrier 1898<\/a>). Mais cela dit, Berthelot n&rsquo;en perdait pas pour autant l&rsquo;estime dans laquelle il tenait l&rsquo;\u00e9crivain dont d\u00e9j\u00e0, en 1887, il avait dit, \u00e0 la tribune de la Chambre, tout le bien qu&rsquo;il pensait de l&rsquo;\u00e9crivain et de son \u0153uvre tout en d\u00e9fendant, comme ministre de l&rsquo;Instruction publique, l&rsquo;interdiction des repr\u00e9sentations de <em>Germinal<\/em>. \u00c0 la mort de Zola, en 1902, il redira tout le bien qu&rsquo;il pensait de son \u0153uvre et, sil se garda bien de faire la moindre allusion \u00e0 l&rsquo;Affaire, r\u00e9v\u00e9lait qu&rsquo;\u00e0 deux reprises il avait propos\u00e9 son nom au comit\u00e9 su\u00e9dois pour le premier prix Nobel de litt\u00e9rature (<a href=\"https:\/\/gallica.bnf.fr\/ark:\/12148\/bpt6k7452147\/f1.item\" target=\"_blank\" rel=\"noopener noreferrer\">\u00ab&nbsp;\u00c9mile Zola. Notes et impressions. M. Berthelot&nbsp;\u00bb, 5 octobre 1902<\/a>).<br \/>Par la suite, il vota donc la <a href=\"https:\/\/dicoaffairedreyfus.com\/index.php\/2020\/01\/05\/loi-de-dessaisissement\/\" target=\"_blank\" rel=\"noopener noreferrer\">loi de dessaisissement<\/a>, condamna les <a href=\"https:\/\/dicoaffairedreyfus.com\/index.php\/2020\/01\/05\/incidents-dauteuil\/\" target=\"_blank\" rel=\"noopener noreferrer\">incidents d\u2019Auteuil<\/a>, vota l\u2019<a href=\"https:\/\/dicoaffairedreyfus.com\/index.php\/2020\/01\/09\/amnistie\/\" target=\"_blank\" rel=\"noopener noreferrer\">amnistie<\/a> et, en 1906, convaincu par l\u2019<a href=\"https:\/\/dicoaffairedreyfus.com\/index.php\/2020\/01\/09\/seconde-revision\/\" target=\"_blank\" rel=\"noopener noreferrer\">arr\u00eat de la Cour de cassation<\/a>, vota la r\u00e9int\u00e9gration de Dreyfus et de <a href=\"https:\/\/dicoaffairedreyfus.com\/index.php\/2020\/01\/05\/lieutenant-colonel-george-picquart\/\" target=\"_blank\" rel=\"noopener noreferrer\">Picquart<\/a>\u00a0et l\u2019\u00e9rection, au S\u00e9nat, des statues de Scheurer et <a href=\"https:\/\/dicoaffairedreyfus.com\/index.php\/2020\/01\/30\/ludovic-trarieux\/\" target=\"_blank\" rel=\"noopener noreferrer\">Trarieux<\/a> (r\u00e9solution <a href=\"https:\/\/dicoaffairedreyfus.com\/index.php\/2020\/02\/05\/ernest-monis\/\" target=\"_blank\" rel=\"noopener noreferrer\">Monis<\/a>). En d\u00e9cembre suivant, il votera aussi le projet de <a href=\"https:\/\/dicoaffairedreyfus.com\/index.php\/2020\/01\/05\/pantheonisation-de-zola\/\" target=\"_blank\" rel=\"noopener noreferrer\">transfert des cendres de Zola au Panth\u00e9on<\/a> (proposition de loi <a href=\"https:\/\/dicoaffairedreyfus.com\/index.php\/2020\/01\/05\/jules-louis-breton\/\" target=\"_blank\" rel=\"noopener noreferrer\">Breton<\/a>)&#8230; o\u00f9 il le pr\u00e9c\u00e9dera d&rsquo;un an.<\/p>\r\n\r\n<p style=\"font-size: 12px; text-align: justify;\"><span style=\"letter-spacing: -.1pt;\">Sources et bibliographie&nbsp;: Sur Berthelot, on pourra lire A. Boutaric, <em>Marcellin Berthelot<\/em> <em>(1827-1907)<\/em>, Paris, Payot, 1927&nbsp;; Daniel Langlois-Berthelot, <em>Marcelin Berthelot. Un savant<\/em> <em>engag\u00e9<\/em>, Paris, JC Latt\u00e8s, 2000&nbsp;; Jean Balcou (dir.), <em>Marcelin Berthelot. Sciences et politique,<\/em> Rennes, PUR, 2010. On pourra aussi consulter son dossier de la L\u00e9gion d\u2019honneur sous la cote&nbsp;: <a href=\"https:\/\/www.leonore.archives-nationales.culture.gouv.fr\/ui\/notice\/31075\" target=\"_blank\" rel=\"noopener noreferrer\">LH\/209\/76<\/a>. Notons que ce n\u2019est pas lui, contrairement \u00e0 ce que nous avons dit dans notre <em>Histoire de l\u2019affaire Dreyfus de 1894 \u00e0 nos jours <\/em>(p. 523), qui fut visit\u00e9 par Blum mais Ren\u00e9 Berthelot, ami et condisciple du futur pr\u00e9sident du Conseil.<\/span><\/p>\r\n\r\n<p class=\"has-text-align-right\" style=\"font-size: 10px; text-align: right;\"><em>Philippe Oriol<\/em><\/p>\r\n<p><img loading=\"lazy\" decoding=\"async\" class=\"aligncenter wp-image-7576 size-full\" src=\"https:\/\/dicoaffairedreyfus.com\/wp-content\/uploads\/2022\/01\/Berthelot.jpg\" alt=\"\" width=\"669\" height=\"1000\" srcset=\"https:\/\/dicoaffairedreyfus.com\/wp-content\/uploads\/2022\/01\/Berthelot.jpg 669w, https:\/\/dicoaffairedreyfus.com\/wp-content\/uploads\/2022\/01\/Berthelot-201x300.jpg 201w, https:\/\/dicoaffairedreyfus.com\/wp-content\/uploads\/2022\/01\/Berthelot-624x933.jpg 624w\" sizes=\"auto, (max-width: 669px) 100vw, 669px\" \/><\/p>\r\n<p><img loading=\"lazy\" decoding=\"async\" class=\"aligncenter wp-image-7328 size-full\" src=\"https:\/\/dicoaffairedreyfus.com\/wp-content\/uploads\/2022\/01\/Marcelin_Berthelot-scaled.jpg\" alt=\"\" width=\"2040\" height=\"2560\" srcset=\"https:\/\/dicoaffairedreyfus.com\/wp-content\/uploads\/2022\/01\/Marcelin_Berthelot-scaled.jpg 2040w, https:\/\/dicoaffairedreyfus.com\/wp-content\/uploads\/2022\/01\/Marcelin_Berthelot-239x300.jpg 239w, https:\/\/dicoaffairedreyfus.com\/wp-content\/uploads\/2022\/01\/Marcelin_Berthelot-816x1024.jpg 816w, https:\/\/dicoaffairedreyfus.com\/wp-content\/uploads\/2022\/01\/Marcelin_Berthelot-768x964.jpg 768w, https:\/\/dicoaffairedreyfus.com\/wp-content\/uploads\/2022\/01\/Marcelin_Berthelot-1224x1536.jpg 1224w, https:\/\/dicoaffairedreyfus.com\/wp-content\/uploads\/2022\/01\/Marcelin_Berthelot-1632x2048.jpg 1632w, https:\/\/dicoaffairedreyfus.com\/wp-content\/uploads\/2022\/01\/Marcelin_Berthelot-624x783.jpg 624w\" sizes=\"auto, (max-width: 2040px) 100vw, 2040px\" \/><\/p>\r\n","protected":false},"excerpt":{"rendered":"<p>Berthelot, Pierre, Eug\u00e8ne, Marcelin\u00a0(avec un seul \u00ab&nbsp;l&nbsp;\u00bb selon l&rsquo;\u00e9tat-civil), chimiste, biologiste et homme politique fran\u00e7ais, n\u00e9 \u00e0 Paris le 25 octobre 1827*, d\u00e9c\u00e9d\u00e9 \u00e0 Paris le 18 mars 1907*.<\/p>\n","protected":false},"author":1,"featured_media":0,"comment_status":"open","ping_status":"open","sticky":false,"template":"","format":"standard","meta":{"footnotes":""},"categories":[389,388,41,384,383,45],"tags":[87,86,390],"class_list":["post-7287","post","type-post","status-publish","format-standard","hentry","category-biologiste","category-chimiste","category-homme-politique","category-paris","category-seine","category-senateur","tag-affaire-dreyfus","tag-dictionnaire-de-laffaire-dreyfus","tag-marcelin-berthelot-et-laffaire-dreyfus"],"yoast_head":"<!-- This site is optimized with the Yoast SEO plugin v21.1 - https:\/\/yoast.com\/wordpress\/plugins\/seo\/ -->\n<title>Marcelin Berthelot - Dictionnaire de l&#039;affaire Dreyfus<\/title>\n<meta name=\"robots\" content=\"index, follow, max-snippet:-1, max-image-preview:large, max-video-preview:-1\" \/>\n<link rel=\"canonical\" href=\"https:\/\/dicoaffairedreyfus.com\/index.php\/2022\/01\/21\/marcelin-berthelot\/\" \/>\n<meta property=\"og:locale\" content=\"fr_FR\" \/>\n<meta property=\"og:type\" content=\"article\" \/>\n<meta property=\"og:title\" content=\"Marcelin Berthelot - Dictionnaire de l&#039;affaire Dreyfus\" \/>\n<meta property=\"og:description\" content=\"Berthelot, Pierre, Eug\u00e8ne, Marcelin\u00a0(avec un seul \u00ab&nbsp;l&nbsp;\u00bb selon l&rsquo;\u00e9tat-civil), chimiste, biologiste et homme politique fran\u00e7ais, n\u00e9 \u00e0 Paris le 25 octobre 1827*, d\u00e9c\u00e9d\u00e9 \u00e0 Paris le 18 mars 1907*.\" \/>\n<meta property=\"og:url\" content=\"https:\/\/dicoaffairedreyfus.com\/index.php\/2022\/01\/21\/marcelin-berthelot\/\" \/>\n<meta property=\"og:site_name\" content=\"Dictionnaire de l&#039;affaire Dreyfus\" \/>\n<meta property=\"article:published_time\" content=\"2022-01-21T21:45:26+00:00\" \/>\n<meta property=\"article:modified_time\" content=\"2022-06-29T12:44:30+00:00\" \/>\n<meta property=\"og:image\" content=\"https:\/\/dicoaffairedreyfus.com\/wp-content\/uploads\/2022\/01\/Berthelot.jpg\" \/>\n<meta name=\"author\" content=\"ph.oriol\" \/>\n<meta name=\"twitter:card\" content=\"summary_large_image\" \/>\n<meta name=\"twitter:label1\" content=\"\u00c9crit par\" \/>\n\t<meta name=\"twitter:data1\" content=\"ph.oriol\" \/>\n\t<meta name=\"twitter:label2\" content=\"Dur\u00e9e de lecture estim\u00e9e\" \/>\n\t<meta name=\"twitter:data2\" content=\"4 minutes\" \/>\n<script type=\"application\/ld+json\" class=\"yoast-schema-graph\">{\"@context\":\"https:\/\/schema.org\",\"@graph\":[{\"@type\":\"Article\",\"@id\":\"https:\/\/dicoaffairedreyfus.com\/index.php\/2022\/01\/21\/marcelin-berthelot\/#article\",\"isPartOf\":{\"@id\":\"https:\/\/dicoaffairedreyfus.com\/index.php\/2022\/01\/21\/marcelin-berthelot\/\"},\"author\":{\"name\":\"ph.oriol\",\"@id\":\"https:\/\/dicoaffairedreyfus.com\/#\/schema\/person\/eb6314936862b5f00f876026520b19ef\"},\"headline\":\"Marcelin Berthelot\",\"datePublished\":\"2022-01-21T21:45:26+00:00\",\"dateModified\":\"2022-06-29T12:44:30+00:00\",\"mainEntityOfPage\":{\"@id\":\"https:\/\/dicoaffairedreyfus.com\/index.php\/2022\/01\/21\/marcelin-berthelot\/\"},\"wordCount\":778,\"commentCount\":0,\"publisher\":{\"@id\":\"https:\/\/dicoaffairedreyfus.com\/#\/schema\/person\/eb6314936862b5f00f876026520b19ef\"},\"keywords\":[\"affaire Dreyfus\",\"Dictionnaire de l&#039;affaire Dreyfus\",\"Marcelin Berthelot et l'affaire Dreyfus\"],\"articleSection\":[\"Biologiste\",\"Chimiste\",\"Homme politique\",\"Paris\",\"Seine\",\"S\u00e9nateur\"],\"inLanguage\":\"fr-FR\",\"potentialAction\":[{\"@type\":\"CommentAction\",\"name\":\"Comment\",\"target\":[\"https:\/\/dicoaffairedreyfus.com\/index.php\/2022\/01\/21\/marcelin-berthelot\/#respond\"]}]},{\"@type\":\"WebPage\",\"@id\":\"https:\/\/dicoaffairedreyfus.com\/index.php\/2022\/01\/21\/marcelin-berthelot\/\",\"url\":\"https:\/\/dicoaffairedreyfus.com\/index.php\/2022\/01\/21\/marcelin-berthelot\/\",\"name\":\"Marcelin Berthelot - Dictionnaire de l&#039;affaire Dreyfus\",\"isPartOf\":{\"@id\":\"https:\/\/dicoaffairedreyfus.com\/#website\"},\"datePublished\":\"2022-01-21T21:45:26+00:00\",\"dateModified\":\"2022-06-29T12:44:30+00:00\",\"breadcrumb\":{\"@id\":\"https:\/\/dicoaffairedreyfus.com\/index.php\/2022\/01\/21\/marcelin-berthelot\/#breadcrumb\"},\"inLanguage\":\"fr-FR\",\"potentialAction\":[{\"@type\":\"ReadAction\",\"target\":[\"https:\/\/dicoaffairedreyfus.com\/index.php\/2022\/01\/21\/marcelin-berthelot\/\"]}]},{\"@type\":\"BreadcrumbList\",\"@id\":\"https:\/\/dicoaffairedreyfus.com\/index.php\/2022\/01\/21\/marcelin-berthelot\/#breadcrumb\",\"itemListElement\":[{\"@type\":\"ListItem\",\"position\":1,\"name\":\"Accueil\",\"item\":\"https:\/\/dicoaffairedreyfus.com\/\"},{\"@type\":\"ListItem\",\"position\":2,\"name\":\"Marcelin Berthelot\"}]},{\"@type\":\"WebSite\",\"@id\":\"https:\/\/dicoaffairedreyfus.com\/#website\",\"url\":\"https:\/\/dicoaffairedreyfus.com\/\",\"name\":\"Dictionnaire de l&#039;affaire Dreyfus\",\"description\":\"Tout sur l&#039;affaire Dreyfus\",\"publisher\":{\"@id\":\"https:\/\/dicoaffairedreyfus.com\/#\/schema\/person\/eb6314936862b5f00f876026520b19ef\"},\"potentialAction\":[{\"@type\":\"SearchAction\",\"target\":{\"@type\":\"EntryPoint\",\"urlTemplate\":\"https:\/\/dicoaffairedreyfus.com\/?s={search_term_string}\"},\"query-input\":\"required name=search_term_string\"}],\"inLanguage\":\"fr-FR\"},{\"@type\":[\"Person\",\"Organization\"],\"@id\":\"https:\/\/dicoaffairedreyfus.com\/#\/schema\/person\/eb6314936862b5f00f876026520b19ef\",\"name\":\"ph.oriol\",\"image\":{\"@type\":\"ImageObject\",\"inLanguage\":\"fr-FR\",\"@id\":\"https:\/\/dicoaffairedreyfus.com\/#\/schema\/person\/image\/\",\"url\":\"https:\/\/secure.gravatar.com\/avatar\/90cd184f47237a6b9abd891ba824fbed?s=96&d=mm&r=g\",\"contentUrl\":\"https:\/\/secure.gravatar.com\/avatar\/90cd184f47237a6b9abd891ba824fbed?s=96&d=mm&r=g\",\"caption\":\"ph.oriol\"},\"logo\":{\"@id\":\"https:\/\/dicoaffairedreyfus.com\/#\/schema\/person\/image\/\"},\"sameAs\":[\"http:\/\/affaire-dreyfus.com\/\"]}]}<\/script>\n<!-- \/ Yoast SEO plugin. -->","yoast_head_json":{"title":"Marcelin Berthelot - Dictionnaire de l&#039;affaire Dreyfus","robots":{"index":"index","follow":"follow","max-snippet":"max-snippet:-1","max-image-preview":"max-image-preview:large","max-video-preview":"max-video-preview:-1"},"canonical":"https:\/\/dicoaffairedreyfus.com\/index.php\/2022\/01\/21\/marcelin-berthelot\/","og_locale":"fr_FR","og_type":"article","og_title":"Marcelin Berthelot - Dictionnaire de l&#039;affaire Dreyfus","og_description":"Berthelot, Pierre, Eug\u00e8ne, Marcelin\u00a0(avec un seul \u00ab&nbsp;l&nbsp;\u00bb selon l&rsquo;\u00e9tat-civil), chimiste, biologiste et homme politique fran\u00e7ais, n\u00e9 \u00e0 Paris le 25 octobre 1827*, d\u00e9c\u00e9d\u00e9 \u00e0 Paris le 18 mars 1907*.","og_url":"https:\/\/dicoaffairedreyfus.com\/index.php\/2022\/01\/21\/marcelin-berthelot\/","og_site_name":"Dictionnaire de l&#039;affaire Dreyfus","article_published_time":"2022-01-21T21:45:26+00:00","article_modified_time":"2022-06-29T12:44:30+00:00","og_image":[{"url":"https:\/\/dicoaffairedreyfus.com\/wp-content\/uploads\/2022\/01\/Berthelot.jpg"}],"author":"ph.oriol","twitter_card":"summary_large_image","twitter_misc":{"\u00c9crit par":"ph.oriol","Dur\u00e9e de lecture estim\u00e9e":"4 minutes"},"schema":{"@context":"https:\/\/schema.org","@graph":[{"@type":"Article","@id":"https:\/\/dicoaffairedreyfus.com\/index.php\/2022\/01\/21\/marcelin-berthelot\/#article","isPartOf":{"@id":"https:\/\/dicoaffairedreyfus.com\/index.php\/2022\/01\/21\/marcelin-berthelot\/"},"author":{"name":"ph.oriol","@id":"https:\/\/dicoaffairedreyfus.com\/#\/schema\/person\/eb6314936862b5f00f876026520b19ef"},"headline":"Marcelin Berthelot","datePublished":"2022-01-21T21:45:26+00:00","dateModified":"2022-06-29T12:44:30+00:00","mainEntityOfPage":{"@id":"https:\/\/dicoaffairedreyfus.com\/index.php\/2022\/01\/21\/marcelin-berthelot\/"},"wordCount":778,"commentCount":0,"publisher":{"@id":"https:\/\/dicoaffairedreyfus.com\/#\/schema\/person\/eb6314936862b5f00f876026520b19ef"},"keywords":["affaire Dreyfus","Dictionnaire de l&#039;affaire Dreyfus","Marcelin Berthelot et l'affaire Dreyfus"],"articleSection":["Biologiste","Chimiste","Homme politique","Paris","Seine","S\u00e9nateur"],"inLanguage":"fr-FR","potentialAction":[{"@type":"CommentAction","name":"Comment","target":["https:\/\/dicoaffairedreyfus.com\/index.php\/2022\/01\/21\/marcelin-berthelot\/#respond"]}]},{"@type":"WebPage","@id":"https:\/\/dicoaffairedreyfus.com\/index.php\/2022\/01\/21\/marcelin-berthelot\/","url":"https:\/\/dicoaffairedreyfus.com\/index.php\/2022\/01\/21\/marcelin-berthelot\/","name":"Marcelin Berthelot - Dictionnaire de l&#039;affaire Dreyfus","isPartOf":{"@id":"https:\/\/dicoaffairedreyfus.com\/#website"},"datePublished":"2022-01-21T21:45:26+00:00","dateModified":"2022-06-29T12:44:30+00:00","breadcrumb":{"@id":"https:\/\/dicoaffairedreyfus.com\/index.php\/2022\/01\/21\/marcelin-berthelot\/#breadcrumb"},"inLanguage":"fr-FR","potentialAction":[{"@type":"ReadAction","target":["https:\/\/dicoaffairedreyfus.com\/index.php\/2022\/01\/21\/marcelin-berthelot\/"]}]},{"@type":"BreadcrumbList","@id":"https:\/\/dicoaffairedreyfus.com\/index.php\/2022\/01\/21\/marcelin-berthelot\/#breadcrumb","itemListElement":[{"@type":"ListItem","position":1,"name":"Accueil","item":"https:\/\/dicoaffairedreyfus.com\/"},{"@type":"ListItem","position":2,"name":"Marcelin Berthelot"}]},{"@type":"WebSite","@id":"https:\/\/dicoaffairedreyfus.com\/#website","url":"https:\/\/dicoaffairedreyfus.com\/","name":"Dictionnaire de l&#039;affaire Dreyfus","description":"Tout sur l&#039;affaire Dreyfus","publisher":{"@id":"https:\/\/dicoaffairedreyfus.com\/#\/schema\/person\/eb6314936862b5f00f876026520b19ef"},"potentialAction":[{"@type":"SearchAction","target":{"@type":"EntryPoint","urlTemplate":"https:\/\/dicoaffairedreyfus.com\/?s={search_term_string}"},"query-input":"required name=search_term_string"}],"inLanguage":"fr-FR"},{"@type":["Person","Organization"],"@id":"https:\/\/dicoaffairedreyfus.com\/#\/schema\/person\/eb6314936862b5f00f876026520b19ef","name":"ph.oriol","image":{"@type":"ImageObject","inLanguage":"fr-FR","@id":"https:\/\/dicoaffairedreyfus.com\/#\/schema\/person\/image\/","url":"https:\/\/secure.gravatar.com\/avatar\/90cd184f47237a6b9abd891ba824fbed?s=96&d=mm&r=g","contentUrl":"https:\/\/secure.gravatar.com\/avatar\/90cd184f47237a6b9abd891ba824fbed?s=96&d=mm&r=g","caption":"ph.oriol"},"logo":{"@id":"https:\/\/dicoaffairedreyfus.com\/#\/schema\/person\/image\/"},"sameAs":["http:\/\/affaire-dreyfus.com\/"]}]}},"_links":{"self":[{"href":"https:\/\/dicoaffairedreyfus.com\/index.php\/wp-json\/wp\/v2\/posts\/7287","targetHints":{"allow":["GET"]}}],"collection":[{"href":"https:\/\/dicoaffairedreyfus.com\/index.php\/wp-json\/wp\/v2\/posts"}],"about":[{"href":"https:\/\/dicoaffairedreyfus.com\/index.php\/wp-json\/wp\/v2\/types\/post"}],"author":[{"embeddable":true,"href":"https:\/\/dicoaffairedreyfus.com\/index.php\/wp-json\/wp\/v2\/users\/1"}],"replies":[{"embeddable":true,"href":"https:\/\/dicoaffairedreyfus.com\/index.php\/wp-json\/wp\/v2\/comments?post=7287"}],"version-history":[{"count":8,"href":"https:\/\/dicoaffairedreyfus.com\/index.php\/wp-json\/wp\/v2\/posts\/7287\/revisions"}],"predecessor-version":[{"id":8011,"href":"https:\/\/dicoaffairedreyfus.com\/index.php\/wp-json\/wp\/v2\/posts\/7287\/revisions\/8011"}],"wp:attachment":[{"href":"https:\/\/dicoaffairedreyfus.com\/index.php\/wp-json\/wp\/v2\/media?parent=7287"}],"wp:term":[{"taxonomy":"category","embeddable":true,"href":"https:\/\/dicoaffairedreyfus.com\/index.php\/wp-json\/wp\/v2\/categories?post=7287"},{"taxonomy":"post_tag","embeddable":true,"href":"https:\/\/dicoaffairedreyfus.com\/index.php\/wp-json\/wp\/v2\/tags?post=7287"}],"curies":[{"name":"wp","href":"https:\/\/api.w.org\/{rel}","templated":true}]}}