{"id":6162,"date":"2020-05-27T23:25:08","date_gmt":"2020-05-27T21:25:08","guid":{"rendered":"https:\/\/dicoaffairedreyfus.com\/?p=6162"},"modified":"2020-08-18T19:12:48","modified_gmt":"2020-08-18T17:12:48","slug":"daniel-bellet","status":"publish","type":"post","link":"https:\/\/dicoaffairedreyfus.com\/index.php\/2020\/05\/27\/daniel-bellet\/","title":{"rendered":"Daniel Bellet"},"content":{"rendered":"<p><span style=\"font-size: 14pt;\">Bellet<\/span>, Pierre, <span style=\"font-size: 14pt;\">Daniel<\/span>, publiciste fran\u00e7ais, n\u00e9 \u00e0 Saint-Julien-de-l&rsquo;Escap (Charente-Inf\u00e9rieure) le 30 juillet 1864*, d\u00e9c\u00e9d\u00e9 \u00e0 Maisons-Laffitte le 11 octobre 1917. <!--more--><\/p>\r\n<p style=\"text-align: justify;\">Membre de tr\u00e8s nombreuses soci\u00e9t\u00e9s savantes, auteur d&rsquo;un premier volume publi\u00e9 chez Alcan et intitul\u00e9 <em>Les\u00a0Grands ports maritimes de\u00a0<\/em><i>commerce<\/i>, Bellet, avant l&rsquo;Affaire, <span style=\"font-size: 1rem;\">collaborait aussi \u00e0 de nombreuses revues&nbsp;: <\/span><em>La Nature<\/em>, <em>Le Journal de la jeunesse<\/em>, <em>Les Annales \u00e9conomiques<\/em>, <em>Le Magazine fran\u00e7ais illustr\u00e9<\/em>, <em>Le Magasin pittoresque<\/em>, <em>Le Mus\u00e9e des familles<\/em>, <em>Le G\u00e9nie civil<\/em>, <em>Le Journal de l&rsquo;agriculture<\/em>, <em>La Vie scientifique<\/em>, la <em>Revue universelle des inventions nouvelles<\/em>, <em>Le G\u00e9nie moderne<\/em>, <em>Le Journal des voyages<\/em>, <em>L&rsquo;\u00c9conomie fran\u00e7aise<\/em>, <em>Le Moniteur maritime<\/em>, <em>La Science illustr\u00e9e<\/em>, <em>La Souverainet\u00e9 nationale<\/em>, <em>Le Journal des \u00e9conomistes<\/em>, etc. C&rsquo;est en donnant pour titre sa collaboration \u00e0 cette derni\u00e8re publication qu&rsquo;apr\u00e8s la <a href=\"https:\/\/dicoaffairedreyfus.com\/index.php\/2020\/01\/05\/proces-de-rennes\/\" target=\"_blank\" rel=\"noopener noreferrer\">seconde condamnation de Dreyfus<\/a>, il avait \u00e9crit au <a href=\"https:\/\/dicoaffairedreyfus.com\/index.php\/2020\/01\/10\/colonel-albert-jouaust\/\" target=\"_blank\" rel=\"noopener noreferrer\">colonel Jouaust<\/a> pour lui dire qu&rsquo;il \u00ab&nbsp;serai[t] tr\u00e8s oblig\u00e9 \u00e0 Monsieur le pr\u00e9sident du conseil de guerre de vouloir bien transmettre [s]es hommages aux deux, officiers ayant vot\u00e9 l&rsquo;acquittement&nbsp;\u00bb (<a href=\"https:\/\/gallica.bnf.fr\/ark:\/12148\/bpt6k7441274\/f2.item\" target=\"_blank\" rel=\"noopener noreferrer\">\u00ab&nbsp;L&rsquo;affaire Dreyfus&nbsp;\u00bb,\u00a0<em>Le Si\u00e8cle<\/em>, 7 octobre 1899<\/a>). Auparavant, il avait \u00e9crit \u00e0 Lucie Dreyfus \u00e0 trois reprises&nbsp;: en septembre 1898, au lendemain de la mort d&rsquo;<a href=\"https:\/\/dicoaffairedreyfus.com\/index.php\/2020\/01\/07\/lieutenant-colonel-joseph-henry\/\" target=\"_blank\" rel=\"noopener noreferrer\">Henry<\/a>, pour lui dire son soutien et lui faire savoir qu&rsquo;il \u00e9tait de ces \u00ab&nbsp;c\u0153urs [qui] battent des m\u00eames angoisses que votre c\u0153ur meurtri&nbsp;\u00bb (<a href=\"http:\/\/www.collections.musee-bretagne.fr\/ark:\/83011\/FLMjo144789\" target=\"_blank\" rel=\"noopener noreferrer\">5 septembre 1898<\/a>). Puis \u00e0 nouveau au d\u00e9but de f\u00e9vrier 1899, au lendemain de la discussion \u00e0 la Chambre de la loi de dessaisissement&nbsp;:\u00a0<\/p>\r\n<blockquote>\r\n<p style=\"text-align: justify;\">La France tient d\u00e9cid\u00e9ment \u00e0 se d\u00e9shonorer compl\u00e8tement, et elle applaudit ce <a href=\"https:\/\/dicoaffairedreyfus.com\/index.php\/2020\/01\/10\/felix-faure\/\" target=\"_blank\" rel=\"noopener noreferrer\">Pr\u00e9sident de la R\u00e9publique,<\/a> ce <a href=\"https:\/\/dicoaffairedreyfus.com\/index.php\/2020\/03\/10\/charles-dupuy\/\" target=\"_blank\" rel=\"noopener noreferrer\">Pr\u00e9sident du Conseil<\/a>, ce soi-disant <a href=\"https:\/\/dicoaffairedreyfus.com\/index.php\/2020\/03\/10\/georges-lebret\/\" target=\"_blank\" rel=\"noopener noreferrer\">Ministre de la Justice<\/a> qui la font descendre dans la boue, pour cacher leur participation au moins passive dans le crime le plus honteux qu\u2019on puisse imaginer.<br \/>J\u2019\u00e9prouve une joie \u00e2pre \u00e0 voir avec quelle justice vengeresse on juge au dehors ces hommes n\u00e9fastes et la l\u00e2chet\u00e9 de mes compatriotes mais ce n\u2019est point tout cela qui vous rend le pauvre martyr dont je viens de lire les lettres.<br \/>Que pouvons-nous, au milieu de cette tourbe de gens sans aucun sens de ce qui est droit ni de ce qui est inique&nbsp;? Et, me d\u00e9sesp\u00e9rant dans mon impuissance, c\u2019est un soulagement pour moi et pour ma femme que de vous dire que nous souffrons avec vous. (<a href=\"http:\/\/www.collections.musee-bretagne.fr\/ark:\/83011\/FLMjo144336\" target=\"_blank\" rel=\"noopener noreferrer\">13 f\u00e9vrier 1899<\/a>).<\/p>\r\n<\/blockquote>\r\n<p style=\"text-align: justify;\">Et enfin, en septembre suivant, au lendemain du verdict de Rennes&nbsp;: \u00ab&nbsp;Honn\u00eates gens indign\u00e9s nouvelle monstrueuse iniquit\u00e9 abandonneront pas lutte&nbsp;\u00bb (<a href=\"http:\/\/www.collections.musee-bretagne.fr\/ark:\/83011\/FLMjo142993\" target=\"_blank\" rel=\"noopener noreferrer\">9 septembre 1899<\/a>).<br \/>Nous n&rsquo;avons gu\u00e8re retrouv\u00e9 dans ses articles \u2013 la vulgarisation scientifique s&rsquo;y pr\u00eatant peu \u2013 de mentions de l&rsquo;Affaire, \u00e0 l&rsquo;exception toutefois, dans <em>Le Journal des \u00e9conomistes <\/em>d&rsquo;octobre 1899, de ce petit paragraphe \u00e0 l&rsquo;ironie mordante donn\u00e9 en introduction au compte rendu de l&rsquo;ouvrage de Persifor Frazer intitul\u00e9&nbsp;:\u00a0<em>Des Faux en \u00e9criture et de l&rsquo;\u00e9criture. M\u00e9thode scientifique nouvelle d&rsquo;analyse et d&rsquo;examen<\/em> (Guillaumin et Cie)&nbsp;:\u00a0<\/p>\r\n<blockquote>\r\n<p style=\"text-align: justify;\">Nous ne sommes plus heureusement \u00e0 l&rsquo;\u00e9poque o\u00f9 un juge osait dire, sans doute pour faire comprendre la puissance plut\u00f4t que la majest\u00e9 de la justice&nbsp;: \u00ab&nbsp;donnez-moi deux lignes de l&rsquo;\u00e9criture d&rsquo;un homme et je me charge de le faire pendre&nbsp;\u00bb. Les temps ont march\u00e9 depuis lors, la R\u00e9volution, la grande R\u00e9volution et ses immortels principes sont pass\u00e9s par l\u00e0, ils sont m\u00eame si bien pass\u00e9s, qu&rsquo;on les perd quelque peu de vue. Et certains de nos tribunaux, faisant mieux que leurs devanciers, condamnent un homme sur deux lignes (ou m\u00eame davantage) d&rsquo;une \u00e9criture qui n&rsquo;est pas la sienne, qui est reconnue par la plus haute juridiction civile et militaire de notre pays comme \u00e9tant celle d&rsquo;un autre. On conviendra qu&rsquo;en semblable occurrence une m\u00e9thode nouvelle et scientifique d&rsquo;analyse et d&rsquo;examen de l&rsquo;\u00e9criture doit \u00eatre la bienvenue de tout le monde, surtout si elle permet aux juges de s&rsquo;instruire sur la mani\u00e8re d&rsquo;attribuer scientifiquement aux gens g\u00eanants l&rsquo;\u00e9criture de leur voisin. (<a href=\"https:\/\/gallica.bnf.fr\/ark:\/12148\/bpt6k37927s\/f125.item\" target=\"_blank\" rel=\"noopener noreferrer\">\u00ab&nbsp;Comptes rendus&nbsp;\u00bb<\/a>).<\/p>\r\n<\/blockquote>\r\n<p style=\"text-align: justify;\">Par la suite, Bellet publiera de nombreux ouvrages, collaborera plus que jamais \u00e0 une impressionnante multitude de titres de presse et enseignera \u00e0 l&rsquo;\u00c9cole des sciences politiques, \u00e0 l&rsquo;\u00c9cole des hautes \u00e9tudes commerciales, \u00e0 l&rsquo;\u00c9cole commerciale de la rive gauche et aux \u00c9coles normales de Versailles.<\/p>\r\n\r\n<p style=\"font-size: 12px; text-align: justify;\">Sources et bibliographie&nbsp;: on consultera aussi son dossier de la L\u00e9gion d\u2019honneur sous la cote&nbsp;: <a href=\"http:\/\/www2.culture.gouv.fr\/LH\/LH014\/PG\/FRDAFAN83_OL0171037v001.htm\" target=\"_blank\" rel=\"noopener noreferrer\">LH\/171\/37<\/a>. Ses lettres \u00e0 Lucie sont conserv\u00e9es au Mus\u00e9e de Bretagne (la deuxi\u00e8me est du 13 et non 18 comme le dit la notice).<\/p>\r\n\r\n<p class=\"has-text-align-right\" style=\"font-size: 10px; text-align: right;\"><em>Philippe Oriol<\/em><\/p>\r\n","protected":false},"excerpt":{"rendered":"<p>Bellet, Pierre, Daniel, publiciste fran\u00e7ais, n\u00e9 \u00e0 Saint-Julien-de-l&rsquo;Escap (Charente-Inf\u00e9rieure) le 30 juillet 1864*, d\u00e9c\u00e9d\u00e9 \u00e0 Maisons-Laffitte le 11 octobre 1917.<\/p>\n","protected":false},"author":1,"featured_media":0,"comment_status":"open","ping_status":"open","sticky":false,"template":"","format":"standard","meta":{"footnotes":""},"categories":[230,9,58,56],"tags":[87,86],"class_list":["post-6162","post","type-post","status-publish","format-standard","hentry","category-charente-inferieure","category-dreyfusard","category-ecrivain","category-publiciste-journaliste","tag-affaire-dreyfus","tag-dictionnaire-de-laffaire-dreyfus"],"yoast_head":"<!-- This site is optimized with the Yoast SEO plugin v21.1 - https:\/\/yoast.com\/wordpress\/plugins\/seo\/ -->\n<title>Daniel Bellet - Dictionnaire de l&#039;affaire Dreyfus<\/title>\n<meta name=\"robots\" content=\"index, follow, max-snippet:-1, max-image-preview:large, max-video-preview:-1\" \/>\n<link rel=\"canonical\" href=\"https:\/\/dicoaffairedreyfus.com\/index.php\/2020\/05\/27\/daniel-bellet\/\" \/>\n<meta property=\"og:locale\" content=\"fr_FR\" \/>\n<meta property=\"og:type\" content=\"article\" \/>\n<meta property=\"og:title\" content=\"Daniel Bellet - Dictionnaire de l&#039;affaire Dreyfus\" \/>\n<meta property=\"og:description\" content=\"Bellet, Pierre, Daniel, publiciste fran\u00e7ais, n\u00e9 \u00e0 Saint-Julien-de-l&rsquo;Escap (Charente-Inf\u00e9rieure) le 30 juillet 1864*, d\u00e9c\u00e9d\u00e9 \u00e0 Maisons-Laffitte le 11 octobre 1917.\" \/>\n<meta property=\"og:url\" content=\"https:\/\/dicoaffairedreyfus.com\/index.php\/2020\/05\/27\/daniel-bellet\/\" \/>\n<meta property=\"og:site_name\" content=\"Dictionnaire de l&#039;affaire Dreyfus\" \/>\n<meta property=\"article:published_time\" content=\"2020-05-27T21:25:08+00:00\" \/>\n<meta property=\"article:modified_time\" content=\"2020-08-18T17:12:48+00:00\" \/>\n<meta name=\"author\" content=\"ph.oriol\" \/>\n<meta name=\"twitter:card\" content=\"summary_large_image\" \/>\n<meta name=\"twitter:label1\" content=\"\u00c9crit par\" \/>\n\t<meta name=\"twitter:data1\" content=\"ph.oriol\" \/>\n\t<meta name=\"twitter:label2\" content=\"Dur\u00e9e de lecture estim\u00e9e\" \/>\n\t<meta name=\"twitter:data2\" content=\"4 minutes\" \/>\n<script type=\"application\/ld+json\" class=\"yoast-schema-graph\">{\"@context\":\"https:\/\/schema.org\",\"@graph\":[{\"@type\":\"Article\",\"@id\":\"https:\/\/dicoaffairedreyfus.com\/index.php\/2020\/05\/27\/daniel-bellet\/#article\",\"isPartOf\":{\"@id\":\"https:\/\/dicoaffairedreyfus.com\/index.php\/2020\/05\/27\/daniel-bellet\/\"},\"author\":{\"name\":\"ph.oriol\",\"@id\":\"https:\/\/dicoaffairedreyfus.com\/#\/schema\/person\/eb6314936862b5f00f876026520b19ef\"},\"headline\":\"Daniel Bellet\",\"datePublished\":\"2020-05-27T21:25:08+00:00\",\"dateModified\":\"2020-08-18T17:12:48+00:00\",\"mainEntityOfPage\":{\"@id\":\"https:\/\/dicoaffairedreyfus.com\/index.php\/2020\/05\/27\/daniel-bellet\/\"},\"wordCount\":745,\"commentCount\":0,\"publisher\":{\"@id\":\"https:\/\/dicoaffairedreyfus.com\/#\/schema\/person\/eb6314936862b5f00f876026520b19ef\"},\"keywords\":[\"affaire Dreyfus\",\"Dictionnaire de l&#039;affaire Dreyfus\"],\"articleSection\":[\"Charente-Inf\u00e9rieure\",\"Dreyfusard\",\"\u00c9crivain\",\"Publiciste\/Journaliste\"],\"inLanguage\":\"fr-FR\",\"potentialAction\":[{\"@type\":\"CommentAction\",\"name\":\"Comment\",\"target\":[\"https:\/\/dicoaffairedreyfus.com\/index.php\/2020\/05\/27\/daniel-bellet\/#respond\"]}]},{\"@type\":\"WebPage\",\"@id\":\"https:\/\/dicoaffairedreyfus.com\/index.php\/2020\/05\/27\/daniel-bellet\/\",\"url\":\"https:\/\/dicoaffairedreyfus.com\/index.php\/2020\/05\/27\/daniel-bellet\/\",\"name\":\"Daniel Bellet - Dictionnaire de l&#039;affaire Dreyfus\",\"isPartOf\":{\"@id\":\"https:\/\/dicoaffairedreyfus.com\/#website\"},\"datePublished\":\"2020-05-27T21:25:08+00:00\",\"dateModified\":\"2020-08-18T17:12:48+00:00\",\"breadcrumb\":{\"@id\":\"https:\/\/dicoaffairedreyfus.com\/index.php\/2020\/05\/27\/daniel-bellet\/#breadcrumb\"},\"inLanguage\":\"fr-FR\",\"potentialAction\":[{\"@type\":\"ReadAction\",\"target\":[\"https:\/\/dicoaffairedreyfus.com\/index.php\/2020\/05\/27\/daniel-bellet\/\"]}]},{\"@type\":\"BreadcrumbList\",\"@id\":\"https:\/\/dicoaffairedreyfus.com\/index.php\/2020\/05\/27\/daniel-bellet\/#breadcrumb\",\"itemListElement\":[{\"@type\":\"ListItem\",\"position\":1,\"name\":\"Accueil\",\"item\":\"https:\/\/dicoaffairedreyfus.com\/\"},{\"@type\":\"ListItem\",\"position\":2,\"name\":\"Daniel Bellet\"}]},{\"@type\":\"WebSite\",\"@id\":\"https:\/\/dicoaffairedreyfus.com\/#website\",\"url\":\"https:\/\/dicoaffairedreyfus.com\/\",\"name\":\"Dictionnaire de l&#039;affaire Dreyfus\",\"description\":\"Tout sur l&#039;affaire Dreyfus\",\"publisher\":{\"@id\":\"https:\/\/dicoaffairedreyfus.com\/#\/schema\/person\/eb6314936862b5f00f876026520b19ef\"},\"potentialAction\":[{\"@type\":\"SearchAction\",\"target\":{\"@type\":\"EntryPoint\",\"urlTemplate\":\"https:\/\/dicoaffairedreyfus.com\/?s={search_term_string}\"},\"query-input\":\"required name=search_term_string\"}],\"inLanguage\":\"fr-FR\"},{\"@type\":[\"Person\",\"Organization\"],\"@id\":\"https:\/\/dicoaffairedreyfus.com\/#\/schema\/person\/eb6314936862b5f00f876026520b19ef\",\"name\":\"ph.oriol\",\"image\":{\"@type\":\"ImageObject\",\"inLanguage\":\"fr-FR\",\"@id\":\"https:\/\/dicoaffairedreyfus.com\/#\/schema\/person\/image\/\",\"url\":\"https:\/\/secure.gravatar.com\/avatar\/90cd184f47237a6b9abd891ba824fbed?s=96&d=mm&r=g\",\"contentUrl\":\"https:\/\/secure.gravatar.com\/avatar\/90cd184f47237a6b9abd891ba824fbed?s=96&d=mm&r=g\",\"caption\":\"ph.oriol\"},\"logo\":{\"@id\":\"https:\/\/dicoaffairedreyfus.com\/#\/schema\/person\/image\/\"},\"sameAs\":[\"http:\/\/affaire-dreyfus.com\/\"]}]}<\/script>\n<!-- \/ Yoast SEO plugin. -->","yoast_head_json":{"title":"Daniel Bellet - Dictionnaire de l&#039;affaire Dreyfus","robots":{"index":"index","follow":"follow","max-snippet":"max-snippet:-1","max-image-preview":"max-image-preview:large","max-video-preview":"max-video-preview:-1"},"canonical":"https:\/\/dicoaffairedreyfus.com\/index.php\/2020\/05\/27\/daniel-bellet\/","og_locale":"fr_FR","og_type":"article","og_title":"Daniel Bellet - Dictionnaire de l&#039;affaire Dreyfus","og_description":"Bellet, Pierre, Daniel, publiciste fran\u00e7ais, n\u00e9 \u00e0 Saint-Julien-de-l&rsquo;Escap (Charente-Inf\u00e9rieure) le 30 juillet 1864*, d\u00e9c\u00e9d\u00e9 \u00e0 Maisons-Laffitte le 11 octobre 1917.","og_url":"https:\/\/dicoaffairedreyfus.com\/index.php\/2020\/05\/27\/daniel-bellet\/","og_site_name":"Dictionnaire de l&#039;affaire Dreyfus","article_published_time":"2020-05-27T21:25:08+00:00","article_modified_time":"2020-08-18T17:12:48+00:00","author":"ph.oriol","twitter_card":"summary_large_image","twitter_misc":{"\u00c9crit par":"ph.oriol","Dur\u00e9e de lecture estim\u00e9e":"4 minutes"},"schema":{"@context":"https:\/\/schema.org","@graph":[{"@type":"Article","@id":"https:\/\/dicoaffairedreyfus.com\/index.php\/2020\/05\/27\/daniel-bellet\/#article","isPartOf":{"@id":"https:\/\/dicoaffairedreyfus.com\/index.php\/2020\/05\/27\/daniel-bellet\/"},"author":{"name":"ph.oriol","@id":"https:\/\/dicoaffairedreyfus.com\/#\/schema\/person\/eb6314936862b5f00f876026520b19ef"},"headline":"Daniel Bellet","datePublished":"2020-05-27T21:25:08+00:00","dateModified":"2020-08-18T17:12:48+00:00","mainEntityOfPage":{"@id":"https:\/\/dicoaffairedreyfus.com\/index.php\/2020\/05\/27\/daniel-bellet\/"},"wordCount":745,"commentCount":0,"publisher":{"@id":"https:\/\/dicoaffairedreyfus.com\/#\/schema\/person\/eb6314936862b5f00f876026520b19ef"},"keywords":["affaire Dreyfus","Dictionnaire de l&#039;affaire Dreyfus"],"articleSection":["Charente-Inf\u00e9rieure","Dreyfusard","\u00c9crivain","Publiciste\/Journaliste"],"inLanguage":"fr-FR","potentialAction":[{"@type":"CommentAction","name":"Comment","target":["https:\/\/dicoaffairedreyfus.com\/index.php\/2020\/05\/27\/daniel-bellet\/#respond"]}]},{"@type":"WebPage","@id":"https:\/\/dicoaffairedreyfus.com\/index.php\/2020\/05\/27\/daniel-bellet\/","url":"https:\/\/dicoaffairedreyfus.com\/index.php\/2020\/05\/27\/daniel-bellet\/","name":"Daniel Bellet - Dictionnaire de l&#039;affaire Dreyfus","isPartOf":{"@id":"https:\/\/dicoaffairedreyfus.com\/#website"},"datePublished":"2020-05-27T21:25:08+00:00","dateModified":"2020-08-18T17:12:48+00:00","breadcrumb":{"@id":"https:\/\/dicoaffairedreyfus.com\/index.php\/2020\/05\/27\/daniel-bellet\/#breadcrumb"},"inLanguage":"fr-FR","potentialAction":[{"@type":"ReadAction","target":["https:\/\/dicoaffairedreyfus.com\/index.php\/2020\/05\/27\/daniel-bellet\/"]}]},{"@type":"BreadcrumbList","@id":"https:\/\/dicoaffairedreyfus.com\/index.php\/2020\/05\/27\/daniel-bellet\/#breadcrumb","itemListElement":[{"@type":"ListItem","position":1,"name":"Accueil","item":"https:\/\/dicoaffairedreyfus.com\/"},{"@type":"ListItem","position":2,"name":"Daniel Bellet"}]},{"@type":"WebSite","@id":"https:\/\/dicoaffairedreyfus.com\/#website","url":"https:\/\/dicoaffairedreyfus.com\/","name":"Dictionnaire de l&#039;affaire Dreyfus","description":"Tout sur l&#039;affaire Dreyfus","publisher":{"@id":"https:\/\/dicoaffairedreyfus.com\/#\/schema\/person\/eb6314936862b5f00f876026520b19ef"},"potentialAction":[{"@type":"SearchAction","target":{"@type":"EntryPoint","urlTemplate":"https:\/\/dicoaffairedreyfus.com\/?s={search_term_string}"},"query-input":"required name=search_term_string"}],"inLanguage":"fr-FR"},{"@type":["Person","Organization"],"@id":"https:\/\/dicoaffairedreyfus.com\/#\/schema\/person\/eb6314936862b5f00f876026520b19ef","name":"ph.oriol","image":{"@type":"ImageObject","inLanguage":"fr-FR","@id":"https:\/\/dicoaffairedreyfus.com\/#\/schema\/person\/image\/","url":"https:\/\/secure.gravatar.com\/avatar\/90cd184f47237a6b9abd891ba824fbed?s=96&d=mm&r=g","contentUrl":"https:\/\/secure.gravatar.com\/avatar\/90cd184f47237a6b9abd891ba824fbed?s=96&d=mm&r=g","caption":"ph.oriol"},"logo":{"@id":"https:\/\/dicoaffairedreyfus.com\/#\/schema\/person\/image\/"},"sameAs":["http:\/\/affaire-dreyfus.com\/"]}]}},"_links":{"self":[{"href":"https:\/\/dicoaffairedreyfus.com\/index.php\/wp-json\/wp\/v2\/posts\/6162","targetHints":{"allow":["GET"]}}],"collection":[{"href":"https:\/\/dicoaffairedreyfus.com\/index.php\/wp-json\/wp\/v2\/posts"}],"about":[{"href":"https:\/\/dicoaffairedreyfus.com\/index.php\/wp-json\/wp\/v2\/types\/post"}],"author":[{"embeddable":true,"href":"https:\/\/dicoaffairedreyfus.com\/index.php\/wp-json\/wp\/v2\/users\/1"}],"replies":[{"embeddable":true,"href":"https:\/\/dicoaffairedreyfus.com\/index.php\/wp-json\/wp\/v2\/comments?post=6162"}],"version-history":[{"count":5,"href":"https:\/\/dicoaffairedreyfus.com\/index.php\/wp-json\/wp\/v2\/posts\/6162\/revisions"}],"predecessor-version":[{"id":6606,"href":"https:\/\/dicoaffairedreyfus.com\/index.php\/wp-json\/wp\/v2\/posts\/6162\/revisions\/6606"}],"wp:attachment":[{"href":"https:\/\/dicoaffairedreyfus.com\/index.php\/wp-json\/wp\/v2\/media?parent=6162"}],"wp:term":[{"taxonomy":"category","embeddable":true,"href":"https:\/\/dicoaffairedreyfus.com\/index.php\/wp-json\/wp\/v2\/categories?post=6162"},{"taxonomy":"post_tag","embeddable":true,"href":"https:\/\/dicoaffairedreyfus.com\/index.php\/wp-json\/wp\/v2\/tags?post=6162"}],"curies":[{"name":"wp","href":"https:\/\/api.w.org\/{rel}","templated":true}]}}