{"id":5986,"date":"2020-05-24T00:09:52","date_gmt":"2020-05-23T22:09:52","guid":{"rendered":"https:\/\/dicoaffairedreyfus.com\/?p=5986"},"modified":"2023-05-25T13:02:20","modified_gmt":"2023-05-25T11:02:20","slug":"capitaine-charles-beauvais","status":"publish","type":"post","link":"https:\/\/dicoaffairedreyfus.com\/index.php\/2020\/05\/24\/capitaine-charles-beauvais\/","title":{"rendered":"Capitaine Charles Beauvais"},"content":{"rendered":"<p style=\"text-align: justify;\"><span style=\"font-size: 14pt;\">Beauvais<\/span>, <span style=\"font-size: 14pt;\">Charles<\/span>, Louis, R\u00e9mi, militaire fran\u00e7ais, n\u00e9 \u00e0 Bailleul (Nord) le 30 avril 1855*, d\u00e9c\u00e9d\u00e9 \u00e0 Pontoise le 3 avril 1932.<\/p>\r\n<p><!--more--><\/p>\r\n<p style=\"text-align: justify;\">Polytechnicien (1876), Beauvais, apr\u00e8s \u00eatre pass\u00e9 par l\u2019\u00c9cole d\u2019application de l\u2019artillerie et du g\u00e9nie (1878), avait \u00e9t\u00e9 nomm\u00e9 capitaine d&rsquo;artillerie en 1888. En poste au 7<sup>e<\/sup> r\u00e9giment d&rsquo;artillerie \u00e0 Rennes, il avait \u00e9t\u00e9 appel\u00e9 \u00e0 faire partie du <a href=\"https:\/\/dicoaffairedreyfus.com\/index.php\/2020\/01\/05\/proces-de-rennes\/\" target=\"_blank\" rel=\"noopener noreferrer\">conseil de guerre appel\u00e9 \u00e0 juger Dreyfus en 1899<\/a> apr\u00e8s l\u2019<a href=\"https:\/\/dicoaffairedreyfus.com\/index.php\/2020\/01\/05\/premiere-revision\/\" target=\"_blank\" rel=\"noopener noreferrer\">arr\u00eat de cassation du proc\u00e8s de 1894<\/a>.<br \/>Consid\u00e9r\u00e9 <span style=\"font-size: 1rem;\">par les dreyfusards<\/span><span style=\"font-size: 1rem;\">, avec ses coll\u00e8gues <\/span><a style=\"font-size: 1rem;\" href=\"https:\/\/dicoaffairedreyfus.com\/index.php\/2020\/05\/23\/commandant-julien-profillet\/\" target=\"_blank\" rel=\"noopener noreferrer\">Profillet<\/a><span style=\"font-size: 1rem;\"> et <\/span><a style=\"font-size: 1rem;\" href=\"https:\/\/dicoaffairedreyfus.com\/index.php\/2020\/05\/23\/commandant-emile-merle\/\" target=\"_blank\" rel=\"noopener noreferrer\">Merle<\/a><span style=\"font-size: 1rem;\">, comme \u00ab&nbsp;absolument <\/span><em style=\"font-size: 1rem;\">inintelligen[t]<\/em><span style=\"font-size: 1rem;\">&nbsp;\u00bb, peut-\u00eatre savait-il un peu plus \u00ab&nbsp;de l\u2019affaire que ce que la <\/span><a style=\"font-size: 1rem;\" href=\"https:\/\/dicoaffairedreyfus.com\/index.php\/2020\/01\/05\/la-libre-parole\/\" target=\"_blank\" rel=\"noopener noreferrer\"><em>Libre Parole <\/em><\/a><span style=\"font-size: 1rem;\">et l\u2019<\/span><a style=\"font-size: 1rem;\" href=\"https:\/\/dicoaffairedreyfus.com\/index.php\/2020\/02\/29\/lintransigeant\/\" target=\"_blank\" rel=\"noopener noreferrer\"><em>Intransigeant<\/em><\/a><span style=\"font-size: 1rem;\"> en ont dit\u00a0\u00bb (lettre de <\/span><a style=\"font-size: 1rem;\" href=\"https:\/\/dicoaffairedreyfus.com\/index.php\/2020\/02\/01\/victor-basch\/\" target=\"_blank\" rel=\"noopener noreferrer\">Victor Basch<\/a><span style=\"font-size: 1rem;\"> \u00e0 <\/span><a style=\"font-size: 1rem;\" href=\"https:\/\/dicoaffairedreyfus.com\/index.php\/2020\/01\/07\/joseph-reinach\/\" target=\"_blank\" rel=\"noopener noreferrer\">Joseph Reinach<\/a><span style=\"font-size: 1rem;\"> du 30 juin 1899 dans Basch, <\/span><em style=\"font-size: 1rem;\">Le Deuxi\u00e8me Proc\u00e8s Dreyfus. Rennes dans la tourmente. Correspondances<\/em><span style=\"font-size: 1rem;\">, Paris, Berg international, 2003, p. 81). Toutefois, il est s\u00fbr qu&rsquo;il tenta d\u2019en savoir plus sur le <\/span><a style=\"font-size: 1rem;\" href=\"https:\/\/dicoaffairedreyfus.com\/index.php\/2020\/01\/30\/bordereau-annote\/\" target=\"_blank\" rel=\"noopener noreferrer\">\u00ab\u00a0bordereau annot\u00e9\u00a0\u00bb<\/a><span style=\"font-size: 1rem;\"> dont les deux journaux s&rsquo;\u00e9taient faits les vecteurs de la l\u00e9gende. Ainsi avait-il, au cours des d\u00e9bats, pos\u00e9 \u00e0 la <a href=\"https:\/\/dicoaffairedreyfus.com\/index.php\/2020\/03\/02\/berthe-henry\/\" target=\"_blank\" rel=\"noopener noreferrer\">veuve Henry<\/a>\u00a0des questions qui ne pouvaient avoir trait \u00e0 autre chose (voir Oriol, p. 975-977) et avait-il eu, avec <a href=\"https:\/\/dicoaffairedreyfus.com\/index.php\/2020\/02\/08\/maurice-paleologue\/\" target=\"_blank\" rel=\"noopener noreferrer\">Pal\u00e9ologue<\/a>, une conversation sur le sujet apr\u00e8s la publication de l\u2019article du <\/span><a href=\"https:\/\/dicoaffairedreyfus.com\/index.php\/2020\/05\/23\/le-gaulois\/\" target=\"_blank\" rel=\"noopener noreferrer\"><em style=\"font-size: 1rem;\">Gaulois<\/em><\/a><span style=\"font-size: 1rem;\"> qui exhortait <a href=\"https:\/\/dicoaffairedreyfus.com\/index.php\/2020\/01\/05\/general-auguste-mercier\/\" target=\"_blank\" rel=\"noopener noreferrer\">Mercier <\/a>\u00e0 tout dire \u00e0 son propos (Pal\u00e9ologue, p. 217-218).<\/span><br \/>\u00c0 en croire<span style=\"font-size: 1rem;\">\u00a0<a href=\"https:\/\/dicoaffairedreyfus.com\/index.php\/2020\/01\/07\/maurice-barres\/\" target=\"_blank\" rel=\"noopener noreferrer\">Barr\u00e8s<\/a>,<\/span> qui le tenait de <span style=\"font-size: 1rem;\"><a href=\"https:\/\/dicoaffairedreyfus.com\/index.php\/2020\/05\/23\/paul-girard\/\" target=\"_blank\" rel=\"noopener noreferrer\">Paul Girard<\/a>, d\u00e9l\u00e9gu\u00e9 pour le Maine-et-Loire et la <a href=\"https:\/\/dicoaffairedreyfus.com\/index.php\/2020\/01\/07\/ligue-de-la-patrie-francaise\/\" target=\"_blank\" rel=\"noopener noreferrer\">Ligue de la patrie fran\u00e7aise<\/a> et ami de Beauvais, le juge aurait re\u00e7u des lettres anonymes \u00ab&nbsp;pendant toute la dur\u00e9e du proc\u00e8s&nbsp;\u00bb et aurait \u00e9t\u00e9 l\u2019objet, de la part de <a href=\"https:\/\/dicoaffairedreyfus.com\/index.php\/2020\/01\/10\/colonel-albert-jouaust\/\" target=\"_blank\" rel=\"noopener noreferrer\">Jouaust<\/a>, pr\u00e9sident du conseil de guerre, de pressions pour montrer plus de mod\u00e9ration et moins d\u2019animosit\u00e9 dans les questions qu\u2019il posait \u00e0 <a href=\"https:\/\/dicoaffairedreyfus.com\/index.php\/2020\/01\/05\/alfred-dreyfus\/\" target=\"_blank\" rel=\"noopener noreferrer\">Dreyfus<\/a>. Selon cette m\u00eame source, <\/span><span style=\"font-size: 1rem;\">s<\/span><span style=\"font-size: 1rem;\">a religion aurait \u00e9t\u00e9 faite avant m\u00eame le proc\u00e8s et renforc\u00e9e par l\u2019\u00e9tude qu\u2019il avait pu faire, seul parmi les juges, du dossier. I<\/span><span style=\"font-size: 1rem;\">l vota bien s\u00fbr la condamnation et tiendra \u00e0 montrer par la suite \u00e0 Jouaust et <a href=\"https:\/\/dicoaffairedreyfus.com\/index.php\/2022\/07\/27\/commandant-charles-de-breon\/\" target=\"_blank\" rel=\"noopener noreferrer\">Br\u00e9on<\/a>, qui avaient vot\u00e9 l\u2019acquittement, son d\u00e9saccord, ne \u00ab&nbsp;salu[ant] plus&nbsp;\u00bb Jouaust \u00ab&nbsp;et le tois[ant] s\u2019il le rencontr[ait] dans la rue&nbsp;\u00bb et refusant de \u00ab&nbsp;traiter comme son sup\u00e9rieur&nbsp;\u00bb Br\u00e9on et \u00ab&nbsp;ne le saluant pas&nbsp;\u00bb (Barr\u00e8s dans <\/span><em style=\"font-size: 1rem;\">Mes cahiers. 1896-1923<\/em><span style=\"font-size: 1rem;\">, Paris, Plon, 1994, p. 142-143). Le t\u00e9moignage de Barr\u00e8s est-il fiable&nbsp;? Beauvais ne voulait-il pas donner le change comme quand apr\u00e8s le proc\u00e8s il s&rsquo;\u00e9tait vant\u00e9 d&rsquo;avoir \u00ab&nbsp;demand\u00e9 qu&rsquo;on inflige\u00e2t \u00e0 Dreyfus le maximum de la peine&nbsp;\u00bb&nbsp;? \u00e9tait-il un \u00ab&nbsp;un fourbe&nbsp;\u00bb comme le pensait <a href=\"https:\/\/dicoaffairedreyfus.com\/index.php\/2020\/01\/25\/mathieu-dreyfus\/\" target=\"_blank\" rel=\"noopener\">Mathieu Dreyfus<\/a>&nbsp;? Car comment expliquer qu&rsquo;avant la lecture publique du jugement il soit venu voir <\/span><span style=\"font-size: 1rem;\"><a href=\"https:\/\/dicoaffairedreyfus.com\/index.php\/2020\/01\/10\/edgar-demange\/\" target=\"_blank\" rel=\"noopener noreferrer\">Demange<\/a> \u00ab&nbsp;la figure en apparence boulevers\u00e9e par la douleur, les larmes dans les yeux, et lui avait serr\u00e9 chaudement les mains&nbsp;\u00bb <\/span><span style=\"font-size: 1rem;\">(Mathieu, p. 367, 371 et 364-365)&nbsp;?<\/span><br \/>Ce grand ami de <a href=\"https:\/\/dicoaffairedreyfus.com\/index.php\/2020\/01\/28\/colonel-georges-larpent\/\" target=\"_blank\" rel=\"noopener\">Georges Larpent<\/a> <a href=\"https:\/\/gallica.bnf.fr\/ark:\/12148\/bpt6k766571v\/f4.item\" target=\"_blank\" rel=\"noopener noreferrer\">(Larpent, \u00ab&nbsp;Origine d&rsquo;une amiti\u00e9&nbsp;\u00bb, <em>L&rsquo;Action fran\u00e7aise<\/em>, 7 janvier 1937)<\/a>, sera nomm\u00e9 commandant en 1906.<\/p>\r\n\r\n<p style=\"font-size: 12px; text-align: justify;\">Sources et bibliographie&nbsp;: \u00e0 son sujet, on consultera son dossier militaire au SHD sous la cote 6 Yf 82749 et son dossier de la L\u00e9gion d\u2019honneur sous la cote&nbsp;: <a href=\"http:\/\/www2.culture.gouv.fr\/LH\/LH013\/PG\/FRDAFAN83_OL0158037v001.htm\" target=\"_blank\" rel=\"noopener noreferrer\">LH\/158\/37<\/a>.<\/p>\r\n\r\n<p class=\"has-text-align-right\" style=\"font-size: 10px; text-align: right;\"><em>Philippe Oriol<\/em><\/p>\r\n<div id=\"attachment_6002\" style=\"width: 818px\" class=\"wp-caption aligncenter\"><img loading=\"lazy\" decoding=\"async\" aria-describedby=\"caption-attachment-6002\" class=\"wp-image-6002 size-full\" src=\"https:\/\/dicoaffairedreyfus.com\/wp-content\/uploads\/2020\/05\/Beauvais.jpg\" alt=\"\" width=\"808\" height=\"1200\" srcset=\"https:\/\/dicoaffairedreyfus.com\/wp-content\/uploads\/2020\/05\/Beauvais.jpg 808w, https:\/\/dicoaffairedreyfus.com\/wp-content\/uploads\/2020\/05\/Beauvais-202x300.jpg 202w, https:\/\/dicoaffairedreyfus.com\/wp-content\/uploads\/2020\/05\/Beauvais-689x1024.jpg 689w, https:\/\/dicoaffairedreyfus.com\/wp-content\/uploads\/2020\/05\/Beauvais-768x1141.jpg 768w, https:\/\/dicoaffairedreyfus.com\/wp-content\/uploads\/2020\/05\/Beauvais-624x927.jpg 624w\" sizes=\"auto, (max-width: 808px) 100vw, 808px\" \/><p id=\"caption-attachment-6002\" class=\"wp-caption-text\">Mus\u00e9e de Bretagne<\/p><\/div>\r\n","protected":false},"excerpt":{"rendered":"<p>Beauvais, Charles, Louis, R\u00e9mi, militaire fran\u00e7ais, n\u00e9 \u00e0 Bailleul (Nord) le 30 avril 1855*, d\u00e9c\u00e9d\u00e9 \u00e0 Pontoise le 3 avril 1932.<\/p>\n","protected":false},"author":1,"featured_media":0,"comment_status":"open","ping_status":"open","sticky":false,"template":"","format":"standard","meta":{"footnotes":""},"categories":[8,51,53],"tags":[87,86],"class_list":["post-5986","post","type-post","status-publish","format-standard","hentry","category-antidreyfusard","category-militaire","category-nord","tag-affaire-dreyfus","tag-dictionnaire-de-laffaire-dreyfus"],"yoast_head":"<!-- This site is optimized with the Yoast SEO plugin v21.1 - https:\/\/yoast.com\/wordpress\/plugins\/seo\/ -->\n<title>Capitaine Charles Beauvais - Dictionnaire de l&#039;affaire Dreyfus<\/title>\n<meta name=\"robots\" content=\"index, follow, max-snippet:-1, max-image-preview:large, max-video-preview:-1\" \/>\n<link rel=\"canonical\" href=\"https:\/\/dicoaffairedreyfus.com\/index.php\/2020\/05\/24\/capitaine-charles-beauvais\/\" \/>\n<meta property=\"og:locale\" content=\"fr_FR\" \/>\n<meta property=\"og:type\" content=\"article\" \/>\n<meta property=\"og:title\" content=\"Capitaine Charles Beauvais - Dictionnaire de l&#039;affaire Dreyfus\" \/>\n<meta property=\"og:description\" content=\"Beauvais, Charles, Louis, R\u00e9mi, militaire fran\u00e7ais, n\u00e9 \u00e0 Bailleul (Nord) le 30 avril 1855*, d\u00e9c\u00e9d\u00e9 \u00e0 Pontoise le 3 avril 1932.\" \/>\n<meta property=\"og:url\" content=\"https:\/\/dicoaffairedreyfus.com\/index.php\/2020\/05\/24\/capitaine-charles-beauvais\/\" \/>\n<meta property=\"og:site_name\" content=\"Dictionnaire de l&#039;affaire Dreyfus\" \/>\n<meta property=\"article:published_time\" content=\"2020-05-23T22:09:52+00:00\" \/>\n<meta property=\"article:modified_time\" content=\"2023-05-25T11:02:20+00:00\" \/>\n<meta property=\"og:image\" content=\"https:\/\/dicoaffairedreyfus.com\/wp-content\/uploads\/2020\/05\/Beauvais.jpg\" \/>\n<meta name=\"author\" content=\"ph.oriol\" \/>\n<meta name=\"twitter:card\" content=\"summary_large_image\" \/>\n<meta name=\"twitter:label1\" content=\"\u00c9crit par\" \/>\n\t<meta name=\"twitter:data1\" content=\"ph.oriol\" \/>\n\t<meta name=\"twitter:label2\" content=\"Dur\u00e9e de lecture estim\u00e9e\" \/>\n\t<meta name=\"twitter:data2\" content=\"3 minutes\" \/>\n<script type=\"application\/ld+json\" class=\"yoast-schema-graph\">{\"@context\":\"https:\/\/schema.org\",\"@graph\":[{\"@type\":\"Article\",\"@id\":\"https:\/\/dicoaffairedreyfus.com\/index.php\/2020\/05\/24\/capitaine-charles-beauvais\/#article\",\"isPartOf\":{\"@id\":\"https:\/\/dicoaffairedreyfus.com\/index.php\/2020\/05\/24\/capitaine-charles-beauvais\/\"},\"author\":{\"name\":\"ph.oriol\",\"@id\":\"https:\/\/dicoaffairedreyfus.com\/#\/schema\/person\/eb6314936862b5f00f876026520b19ef\"},\"headline\":\"Capitaine Charles Beauvais\",\"datePublished\":\"2020-05-23T22:09:52+00:00\",\"dateModified\":\"2023-05-25T11:02:20+00:00\",\"mainEntityOfPage\":{\"@id\":\"https:\/\/dicoaffairedreyfus.com\/index.php\/2020\/05\/24\/capitaine-charles-beauvais\/\"},\"wordCount\":550,\"commentCount\":0,\"publisher\":{\"@id\":\"https:\/\/dicoaffairedreyfus.com\/#\/schema\/person\/eb6314936862b5f00f876026520b19ef\"},\"keywords\":[\"affaire Dreyfus\",\"Dictionnaire de l&#039;affaire Dreyfus\"],\"articleSection\":[\"Antidreyfusard\",\"Militaire\",\"Nord\"],\"inLanguage\":\"fr-FR\",\"potentialAction\":[{\"@type\":\"CommentAction\",\"name\":\"Comment\",\"target\":[\"https:\/\/dicoaffairedreyfus.com\/index.php\/2020\/05\/24\/capitaine-charles-beauvais\/#respond\"]}]},{\"@type\":\"WebPage\",\"@id\":\"https:\/\/dicoaffairedreyfus.com\/index.php\/2020\/05\/24\/capitaine-charles-beauvais\/\",\"url\":\"https:\/\/dicoaffairedreyfus.com\/index.php\/2020\/05\/24\/capitaine-charles-beauvais\/\",\"name\":\"Capitaine Charles Beauvais - Dictionnaire de l&#039;affaire Dreyfus\",\"isPartOf\":{\"@id\":\"https:\/\/dicoaffairedreyfus.com\/#website\"},\"datePublished\":\"2020-05-23T22:09:52+00:00\",\"dateModified\":\"2023-05-25T11:02:20+00:00\",\"breadcrumb\":{\"@id\":\"https:\/\/dicoaffairedreyfus.com\/index.php\/2020\/05\/24\/capitaine-charles-beauvais\/#breadcrumb\"},\"inLanguage\":\"fr-FR\",\"potentialAction\":[{\"@type\":\"ReadAction\",\"target\":[\"https:\/\/dicoaffairedreyfus.com\/index.php\/2020\/05\/24\/capitaine-charles-beauvais\/\"]}]},{\"@type\":\"BreadcrumbList\",\"@id\":\"https:\/\/dicoaffairedreyfus.com\/index.php\/2020\/05\/24\/capitaine-charles-beauvais\/#breadcrumb\",\"itemListElement\":[{\"@type\":\"ListItem\",\"position\":1,\"name\":\"Accueil\",\"item\":\"https:\/\/dicoaffairedreyfus.com\/\"},{\"@type\":\"ListItem\",\"position\":2,\"name\":\"Capitaine Charles Beauvais\"}]},{\"@type\":\"WebSite\",\"@id\":\"https:\/\/dicoaffairedreyfus.com\/#website\",\"url\":\"https:\/\/dicoaffairedreyfus.com\/\",\"name\":\"Dictionnaire de l&#039;affaire Dreyfus\",\"description\":\"Tout sur l&#039;affaire Dreyfus\",\"publisher\":{\"@id\":\"https:\/\/dicoaffairedreyfus.com\/#\/schema\/person\/eb6314936862b5f00f876026520b19ef\"},\"potentialAction\":[{\"@type\":\"SearchAction\",\"target\":{\"@type\":\"EntryPoint\",\"urlTemplate\":\"https:\/\/dicoaffairedreyfus.com\/?s={search_term_string}\"},\"query-input\":\"required name=search_term_string\"}],\"inLanguage\":\"fr-FR\"},{\"@type\":[\"Person\",\"Organization\"],\"@id\":\"https:\/\/dicoaffairedreyfus.com\/#\/schema\/person\/eb6314936862b5f00f876026520b19ef\",\"name\":\"ph.oriol\",\"image\":{\"@type\":\"ImageObject\",\"inLanguage\":\"fr-FR\",\"@id\":\"https:\/\/dicoaffairedreyfus.com\/#\/schema\/person\/image\/\",\"url\":\"https:\/\/secure.gravatar.com\/avatar\/90cd184f47237a6b9abd891ba824fbed?s=96&d=mm&r=g\",\"contentUrl\":\"https:\/\/secure.gravatar.com\/avatar\/90cd184f47237a6b9abd891ba824fbed?s=96&d=mm&r=g\",\"caption\":\"ph.oriol\"},\"logo\":{\"@id\":\"https:\/\/dicoaffairedreyfus.com\/#\/schema\/person\/image\/\"},\"sameAs\":[\"http:\/\/affaire-dreyfus.com\/\"]}]}<\/script>\n<!-- \/ Yoast SEO plugin. -->","yoast_head_json":{"title":"Capitaine Charles Beauvais - Dictionnaire de l&#039;affaire Dreyfus","robots":{"index":"index","follow":"follow","max-snippet":"max-snippet:-1","max-image-preview":"max-image-preview:large","max-video-preview":"max-video-preview:-1"},"canonical":"https:\/\/dicoaffairedreyfus.com\/index.php\/2020\/05\/24\/capitaine-charles-beauvais\/","og_locale":"fr_FR","og_type":"article","og_title":"Capitaine Charles Beauvais - Dictionnaire de l&#039;affaire Dreyfus","og_description":"Beauvais, Charles, Louis, R\u00e9mi, militaire fran\u00e7ais, n\u00e9 \u00e0 Bailleul (Nord) le 30 avril 1855*, d\u00e9c\u00e9d\u00e9 \u00e0 Pontoise le 3 avril 1932.","og_url":"https:\/\/dicoaffairedreyfus.com\/index.php\/2020\/05\/24\/capitaine-charles-beauvais\/","og_site_name":"Dictionnaire de l&#039;affaire Dreyfus","article_published_time":"2020-05-23T22:09:52+00:00","article_modified_time":"2023-05-25T11:02:20+00:00","og_image":[{"url":"https:\/\/dicoaffairedreyfus.com\/wp-content\/uploads\/2020\/05\/Beauvais.jpg"}],"author":"ph.oriol","twitter_card":"summary_large_image","twitter_misc":{"\u00c9crit par":"ph.oriol","Dur\u00e9e de lecture estim\u00e9e":"3 minutes"},"schema":{"@context":"https:\/\/schema.org","@graph":[{"@type":"Article","@id":"https:\/\/dicoaffairedreyfus.com\/index.php\/2020\/05\/24\/capitaine-charles-beauvais\/#article","isPartOf":{"@id":"https:\/\/dicoaffairedreyfus.com\/index.php\/2020\/05\/24\/capitaine-charles-beauvais\/"},"author":{"name":"ph.oriol","@id":"https:\/\/dicoaffairedreyfus.com\/#\/schema\/person\/eb6314936862b5f00f876026520b19ef"},"headline":"Capitaine Charles Beauvais","datePublished":"2020-05-23T22:09:52+00:00","dateModified":"2023-05-25T11:02:20+00:00","mainEntityOfPage":{"@id":"https:\/\/dicoaffairedreyfus.com\/index.php\/2020\/05\/24\/capitaine-charles-beauvais\/"},"wordCount":550,"commentCount":0,"publisher":{"@id":"https:\/\/dicoaffairedreyfus.com\/#\/schema\/person\/eb6314936862b5f00f876026520b19ef"},"keywords":["affaire Dreyfus","Dictionnaire de l&#039;affaire Dreyfus"],"articleSection":["Antidreyfusard","Militaire","Nord"],"inLanguage":"fr-FR","potentialAction":[{"@type":"CommentAction","name":"Comment","target":["https:\/\/dicoaffairedreyfus.com\/index.php\/2020\/05\/24\/capitaine-charles-beauvais\/#respond"]}]},{"@type":"WebPage","@id":"https:\/\/dicoaffairedreyfus.com\/index.php\/2020\/05\/24\/capitaine-charles-beauvais\/","url":"https:\/\/dicoaffairedreyfus.com\/index.php\/2020\/05\/24\/capitaine-charles-beauvais\/","name":"Capitaine Charles Beauvais - Dictionnaire de l&#039;affaire Dreyfus","isPartOf":{"@id":"https:\/\/dicoaffairedreyfus.com\/#website"},"datePublished":"2020-05-23T22:09:52+00:00","dateModified":"2023-05-25T11:02:20+00:00","breadcrumb":{"@id":"https:\/\/dicoaffairedreyfus.com\/index.php\/2020\/05\/24\/capitaine-charles-beauvais\/#breadcrumb"},"inLanguage":"fr-FR","potentialAction":[{"@type":"ReadAction","target":["https:\/\/dicoaffairedreyfus.com\/index.php\/2020\/05\/24\/capitaine-charles-beauvais\/"]}]},{"@type":"BreadcrumbList","@id":"https:\/\/dicoaffairedreyfus.com\/index.php\/2020\/05\/24\/capitaine-charles-beauvais\/#breadcrumb","itemListElement":[{"@type":"ListItem","position":1,"name":"Accueil","item":"https:\/\/dicoaffairedreyfus.com\/"},{"@type":"ListItem","position":2,"name":"Capitaine Charles Beauvais"}]},{"@type":"WebSite","@id":"https:\/\/dicoaffairedreyfus.com\/#website","url":"https:\/\/dicoaffairedreyfus.com\/","name":"Dictionnaire de l&#039;affaire Dreyfus","description":"Tout sur l&#039;affaire Dreyfus","publisher":{"@id":"https:\/\/dicoaffairedreyfus.com\/#\/schema\/person\/eb6314936862b5f00f876026520b19ef"},"potentialAction":[{"@type":"SearchAction","target":{"@type":"EntryPoint","urlTemplate":"https:\/\/dicoaffairedreyfus.com\/?s={search_term_string}"},"query-input":"required name=search_term_string"}],"inLanguage":"fr-FR"},{"@type":["Person","Organization"],"@id":"https:\/\/dicoaffairedreyfus.com\/#\/schema\/person\/eb6314936862b5f00f876026520b19ef","name":"ph.oriol","image":{"@type":"ImageObject","inLanguage":"fr-FR","@id":"https:\/\/dicoaffairedreyfus.com\/#\/schema\/person\/image\/","url":"https:\/\/secure.gravatar.com\/avatar\/90cd184f47237a6b9abd891ba824fbed?s=96&d=mm&r=g","contentUrl":"https:\/\/secure.gravatar.com\/avatar\/90cd184f47237a6b9abd891ba824fbed?s=96&d=mm&r=g","caption":"ph.oriol"},"logo":{"@id":"https:\/\/dicoaffairedreyfus.com\/#\/schema\/person\/image\/"},"sameAs":["http:\/\/affaire-dreyfus.com\/"]}]}},"_links":{"self":[{"href":"https:\/\/dicoaffairedreyfus.com\/index.php\/wp-json\/wp\/v2\/posts\/5986","targetHints":{"allow":["GET"]}}],"collection":[{"href":"https:\/\/dicoaffairedreyfus.com\/index.php\/wp-json\/wp\/v2\/posts"}],"about":[{"href":"https:\/\/dicoaffairedreyfus.com\/index.php\/wp-json\/wp\/v2\/types\/post"}],"author":[{"embeddable":true,"href":"https:\/\/dicoaffairedreyfus.com\/index.php\/wp-json\/wp\/v2\/users\/1"}],"replies":[{"embeddable":true,"href":"https:\/\/dicoaffairedreyfus.com\/index.php\/wp-json\/wp\/v2\/comments?post=5986"}],"version-history":[{"count":11,"href":"https:\/\/dicoaffairedreyfus.com\/index.php\/wp-json\/wp\/v2\/posts\/5986\/revisions"}],"predecessor-version":[{"id":8642,"href":"https:\/\/dicoaffairedreyfus.com\/index.php\/wp-json\/wp\/v2\/posts\/5986\/revisions\/8642"}],"wp:attachment":[{"href":"https:\/\/dicoaffairedreyfus.com\/index.php\/wp-json\/wp\/v2\/media?parent=5986"}],"wp:term":[{"taxonomy":"category","embeddable":true,"href":"https:\/\/dicoaffairedreyfus.com\/index.php\/wp-json\/wp\/v2\/categories?post=5986"},{"taxonomy":"post_tag","embeddable":true,"href":"https:\/\/dicoaffairedreyfus.com\/index.php\/wp-json\/wp\/v2\/tags?post=5986"}],"curies":[{"name":"wp","href":"https:\/\/api.w.org\/{rel}","templated":true}]}}