{"id":5683,"date":"2020-05-14T21:02:45","date_gmt":"2020-05-14T19:02:45","guid":{"rendered":"https:\/\/dicoaffairedreyfus.com\/?p=5683"},"modified":"2020-06-05T09:50:50","modified_gmt":"2020-06-05T07:50:50","slug":"raymond-bazin","status":"publish","type":"post","link":"https:\/\/dicoaffairedreyfus.com\/index.php\/2020\/05\/14\/raymond-bazin\/","title":{"rendered":"Raymond Bazin"},"content":{"rendered":"<p style=\"text-align: justify;\"><span style=\"font-size: 14pt;\">Bazin, Raymond<\/span>, po\u00e8te et publiciste fran\u00e7ais, n\u00e9 \u00e0 Pont-l\u2019\u00c9v\u00eaque (Calvados) le 9 juillet 1866*, d\u00e9c\u00e9d\u00e9 \u00e0 Dieppe le 20 f\u00e9vrier 1926.<\/p>\r\n<p><!--more--><\/p>\r\n<p style=\"text-align: justify;\">Principal clerc d&rsquo;avou\u00e9, une temps agent d\u2019assurances, po\u00e8te amateur qui aimait envoyer aux journaux de sa ville ses cr\u00e9ations pas toujours tr\u00e8s heureuse, auteur en 1890 d&rsquo;<i>\u00c0 travers les rues de Dieppe<\/i>, nous ne savons pas \u2013 la collection \u00e9tant hors d\u2019usage \u00e0 la BNF et lacunaire aux AD \u2013 ce que put \u00e9crire Raymond Bazin, fondateur en juin 1894 et directeur de <a href=\"https:\/\/dicoaffairedreyfus.com\/index.php\/2020\/05\/11\/la-vallee-dauge\/\" target=\"_blank\" rel=\"noopener noreferrer\"><em>La Vall\u00e9e d\u2019Auge<\/em><\/a>, sur le cas du <a href=\"https:\/\/dicoaffairedreyfus.com\/index.php\/2020\/01\/05\/alfred-dreyfus\/\" target=\"_blank\" rel=\"noopener noreferrer\">capitaine Dreyfus<\/a> arr\u00eat\u00e9 et condamn\u00e9. En janvier 1895, toutefois, disant le bilan de l\u2019ann\u00e9e pass\u00e9e, il pouvait noter que l\u2019ann\u00e9e finissait \u00ab&nbsp;par le juste ch\u00e2timent d\u2019un tra\u00eetre&nbsp;\u00bb (<a href=\"https:\/\/archives.calvados.fr\/ark:\/52329\/9qzspl16nm4r\/7ec7beee-7e3e-4543-a5f3-6e9a6955ac68\" target=\"_blank\" rel=\"noopener noreferrer\">\u00ab\u00a0Chronique politique\u00a0\u00bb, 10-17 janvier<\/a>).<br \/>S\u2019il ne jugea pas utile d\u2019en parler en 1896, quand la famille tentait de la relancer, l\u2019Affaire revint sous sa plume \u00e0 la fin de l\u2019ann\u00e9e 1897&nbsp;: \u00ab&nbsp;Campagne abominable&nbsp;\u00bb, \u00ab&nbsp;<a href=\"https:\/\/dicoaffairedreyfus.com\/index.php\/2020\/01\/09\/syndicat\/\" target=\"_blank\" rel=\"noopener noreferrer\">syndicat<\/a> sans vergogne&nbsp;\u00bb\u2026 Il put se r\u00e9jouir de la fermet\u00e9 du gouvernement et du vote de la Chambre qui avait soutenu ses paroles et formait des v\u0153ux pour que \u00ab&nbsp;cette \u00e9c\u0153urante affaire&nbsp;\u00bb soit oubli\u00e9e jusqu\u2019au proc\u00e8s <a href=\"https:\/\/dicoaffairedreyfus.com\/index.php\/2020\/01\/06\/commandant-ferdinand-walsin-esterhazy\/\" target=\"_blank\" rel=\"noopener noreferrer\">Esterhazy<\/a>&nbsp;: \u00ab&nbsp;La com\u00e9die a trop dur\u00e9, il serait temps d\u2019y mettre un frein&nbsp;!&#8230;&nbsp;\u00bb (<a href=\"https:\/\/archives.calvados.fr\/ark:\/52329\/xgmwdjvq40sn\/516a6a1c-ae86-472a-8ebc-be546988554f\" target=\"_blank\" rel=\"noopener noreferrer\">\u00ab&nbsp;Chronique&nbsp;\u00bb, 10-17 d\u00e9cembre<\/a>). Le <a href=\"https:\/\/dicoaffairedreyfus.com\/index.php\/2020\/01\/25\/proces-esterhazy\/\" target=\"_blank\" rel=\"noopener noreferrer\">verdict<\/a> qui blanchissait Esterhazy, justement, fut pour lui \u00ab&nbsp;l\u2019effondrement lamentable du louche syndicat qui tentait depuis quelques mois de jeter le doute dans les esprits, le trouble dans les consciences [\u2026]&nbsp;\u00bb. Il n\u2019\u00e9tait que temps, \u00e9crivait-il, \u00ab&nbsp;de mettre un frein aux machinations [des] d\u00e9fenseurs&nbsp;\u00bb du tra\u00eetre, au risque \u00ab&nbsp;de nous faire assister, nous m\u00ealer peut-\u00eatre \u00e0 une guerre religieuse, une bataille de sectes [\u2026]&nbsp;\u00bb. \u00ab&nbsp;\u00c0 qui fera-t-on croire maintenant que Dreyfus a \u00e9t\u00e9 accus\u00e9, jug\u00e9 et condamn\u00e9 <em>parce qu\u2019il \u00e9tait juif\u00a0!<\/em> C\u2019est tout simplement idiot&nbsp;\u00bb, ajoutait-il. Et, s\u2019adressant aux \u00ab&nbsp;amis de Dreyfus le tra\u00eetre&nbsp;\u00bb, il concluait par ces mots&nbsp;: \u00ab&nbsp;Aveugles que vous \u00eates, vous ne voyez donc pas que la France vous maudit d\u00e9j\u00e0 et que dans les acclamations qui accueillent l\u2019arr\u00eat du conseil de guerre, il se d\u00e9tache un mot que l\u2019\u00e9cho vous renvoie&nbsp;: \u201cCanailles&nbsp;!\u201d \/ Vous n\u2019\u00eates pas dignes d\u2019\u00eatre Fran\u00e7ais&nbsp;!&nbsp;\u00bb (<a href=\"https:\/\/archives.calvados.fr\/ark:\/52329\/l7rws8x1cnvf\/511f389a-bd6e-4ea4-8963-b2fe707cf3c3\" target=\"_blank\" rel=\"noopener noreferrer\">\u00ab&nbsp;Chronique&nbsp;\u00bb, 14-21 janvier 1898<\/a>).<br \/>Apr\u00e8s <a href=\"https:\/\/dicoaffairedreyfus.com\/index.php\/2020\/01\/05\/jaccuse\/\" target=\"_blank\" rel=\"noopener noreferrer\">\u00ab&nbsp;J\u2019Accuse\u2026&nbsp;!&nbsp;\u00bb<\/a>, \u00ab&nbsp;factum stupide&nbsp;\u00bb, qu\u2019il consid\u00e9rait comme \u00ab&nbsp;de la d\u00e9mence\u2026 ou du commerce&nbsp;\u00bb (<a href=\"https:\/\/archives.calvados.fr\/ark:\/52329\/l7rws8x1cnvf\/d4b8f09e-13e3-49dd-95dd-c2f56251d5b1\" target=\"_blank\" rel=\"noopener noreferrer\">\u00ab&nbsp;Chronique&nbsp;\u00bb, 21-28 janvier<\/a>), il ne douta pas un instant que le jury qui serait appel\u00e9 \u00e0 r\u00e9pondre \u00e0 ses insultes n&rsquo;appr\u00eet bient\u00f4t \u00e0 <a href=\"https:\/\/dicoaffairedreyfus.com\/index.php\/2020\/01\/05\/emile-zola\/\" target=\"_blank\" rel=\"noopener noreferrer\">Zola<\/a>, \u00ab&nbsp;instrument docile du syndicat&nbsp;\u00bb (<a href=\"https:\/\/archives.calvados.fr\/ark:\/52329\/l7rws8x1cnvf\/43a4de8d-5b11-4b62-9b3f-15a38acbe888\" target=\"_blank\" rel=\"noopener noreferrer\">\u00ab\u00a0Toujours M. Zola&nbsp;\u00bb, 18-25 f\u00e9vrier<\/a>), \u00e0 \u00ab&nbsp;conna\u00eetre cette loi qu\u2019il semble ignorer et par un verdict s\u00e9v\u00e8re [m\u00eet] fin \u00e0 cette campagne abominable qui \u00e9c\u0153ure le pays et trouble profond\u00e9ment le c\u0153ur de tous les bons Fran\u00e7ais et des vrais patriotes&nbsp;!&nbsp;\u00bb (<a href=\"https:\/\/archives.calvados.fr\/ark:\/52329\/l7rws8x1cnvf\/a62b6f3b-c4e3-4bb2-a77b-f418ea5b843a\" target=\"_blank\" rel=\"noopener noreferrer\">\u00ab\u00a0Chronique\u00a0\u00bb, 11-18 f\u00e9vrier<\/a>). Le <a href=\"https:\/\/dicoaffairedreyfus.com\/index.php\/2020\/01\/05\/proces-zola\/\" target=\"_blank\" rel=\"noopener noreferrer\">verdict<\/a> qui fut celui du jury, selon ses v\u0153ux, ne fut donc qu\u2019un \u00ab&nbsp;juste ch\u00e2timent&nbsp;\u00bb (<a href=\"https:\/\/archives.calvados.fr\/ark:\/52329\/l7rws8x1cnvf\/291c85d3-34a9-4c05-9312-25e79d8afba8\" target=\"_blank\" rel=\"noopener noreferrer\">\u00ab&nbsp;L\u2019affaire Zola&nbsp;\u00bb, 25 f\u00e9vrier-4 mars<\/a>)&nbsp;: \u00ab&nbsp;Zola est condamn\u00e9, <em>justement condamn\u00e9<\/em> comme le fut jadis le pr\u00e9tendu martyr qu\u2019il essayait de sauver\u00a0!\u00a0\u00bb (<a href=\"https:\/\/archives.calvados.fr\/ark:\/52329\/l7rws8x1cnvf\/808a6755-8c95-4a71-a06b-54b00cb19cd8\" target=\"_blank\" rel=\"noopener noreferrer\">\u00ab\u00a0Chronique\u00a0\u00bb, 4-11 mars<\/a>).<br \/>Apr\u00e8s avoir, \u00e0 la suite, condamn\u00e9 l\u2019arr\u00eat de la Cour de cassation du proc\u00e8s Zola (<a href=\"https:\/\/archives.calvados.fr\/ark:\/52329\/l7rws8x1cnvf\/11b3c8ad-1b7c-4445-950b-09854ccfbdff\" target=\"_blank\" rel=\"noopener noreferrer\">\u00ab&nbsp;Chronique&nbsp;\u00bb, 8-15 avril<\/a>), s\u2019il resta muet sur le discours de <a href=\"https:\/\/dicoaffairedreyfus.com\/index.php\/2020\/01\/05\/godefroy-cavaignac\/\" target=\"_blank\" rel=\"noopener noreferrer\">Cavaignac<\/a>, la d\u00e9couverte du <a href=\"https:\/\/dicoaffairedreyfus.com\/index.php\/2020\/01\/12\/faux-henry\/\" target=\"_blank\" rel=\"noopener noreferrer\">\u00ab&nbsp;faux Henry&nbsp;\u00bb<\/a> ne le laissa pas insensible et fit de lui un de ces nombreux adversaires de la r\u00e9vision qui commenc\u00e8rent \u00e0 s\u2019interroger. Dans sa \u00ab&nbsp;Chronique&nbsp;\u00bb de d\u00e9but septembre, il \u00e9crivit ainsi&nbsp;:<\/p>\r\n<blockquote>\r\n<p style=\"text-align: justify;\">Il n\u2019y a plus de consid\u00e9ration \u00e0 garder&nbsp;; Dreyfus est un coupable ou un martyr&nbsp;; il est l\u2019un ou l\u2019autre et la r\u00e9vision s\u2019impose&nbsp;; nous avons \u00e9t\u00e9 dans notre \u00e2me et conscience impitoyable pour le tra\u00eetre de l\u2019\u00eele du Diable, mais devant le scandale inou\u00ef d\u2019aujourd\u2019hui, nous nous demandons aussi avec horreur si la justice fran\u00e7aise ne s\u2019est pas tromp\u00e9e et si un innocent n\u2019expie pas l\u00e0-bas au-del\u00e0 des mers le crime\u2026 d\u2019un autre&nbsp;\u00bb (<a href=\"https:\/\/archives.calvados.fr\/ark:\/52329\/l7rws8x1cnvf\/dea54e5e-4e34-4949-b9ed-14a51ecbd5fa\" target=\"_blank\" rel=\"noopener noreferrer\">4 septembre<\/a>. Voir aussi sa <a href=\"https:\/\/archives.calvados.fr\/ark:\/52329\/l7rws8x1cnvf\/d67eb7ac-ea3d-4068-8079-4994af31573e\" target=\"_blank\" rel=\"noopener noreferrer\">\u00ab\u00a0Chronique&nbsp;\u00bb du 11<\/a>).<\/p>\r\n<\/blockquote>\r\n<p style=\"text-align: justify;\">Les mois suivants, il ne parla plus de l\u2019Affaire et \u00e9crivit de moins en moins dans son journal apparemment du fait de s\u00e9rieuses difficult\u00e9s financi\u00e8res. Bazin laissa alors le <em>leader<\/em> \u00e0 un \u00e9nigmatique \u00ab&nbsp;Spectator&nbsp;\u00bb qui traita peu la question mais suivit, pour les quelques rares articles qu\u2019il y consacra, la m\u00eame ligne r\u00e9visionniste. Apr\u00e8s plus de six mois d\u2019absence, Bazin revint le 12 ao\u00fbt signant un article sur le <a href=\"https:\/\/dicoaffairedreyfus.com\/index.php\/2020\/01\/05\/proces-de-rennes\/\" target=\"_blank\" rel=\"noopener noreferrer\">proc\u00e8s de Rennes<\/a> ou plus exactement sur ses confr\u00e8res qui d\u00e9fendaient l\u2019un ou l\u2019autre point de vue et auxquels il conseillait d\u2019attendre le verdict (<a href=\"https:\/\/archives.calvados.fr\/ark:\/52329\/l2stc7403rdv\/90d43f2c-514c-4939-83a9-6915e3908990\" target=\"_blank\" rel=\"noopener noreferrer\">\u00ab&nbsp;Quelle salade&nbsp;!&nbsp;\u00bb<\/a>), verdict qu\u2019il enregistra le mois suivant pour, tout en s\u2019inclinant devant la v\u00e9rit\u00e9 l\u00e9gale qu\u2019il repr\u00e9sentait, s\u2019interroger sur son absurdit\u00e9 (<a href=\"https:\/\/archives.calvados.fr\/ark:\/52329\/l2stc7403rdv\/128dae15-4497-41e5-bd9d-7f8d6a1ab283\" target=\"_blank\" rel=\"noopener noreferrer\">\u00ab&nbsp;L\u2019affaire Dreyfus et la presse&nbsp;\u00bb, 16 septembre<\/a>).<br \/>Bazin, pour des raisons de famille, quittera vendra son journal en novembre 1901. Nous le retrouvons ensuite, sans en savoir plus, gr\u00e2ce \u00e0 la publication de trois volumes (<em>Rose Harel<\/em>, 1903\u00a0; <em>Ombres japonaises<\/em>, 1904\u00a0; <em>Les Grandes \u00e9poques normandes. La Fronde en Normandie<\/em>, 1905) et en juillet 1909 comme r\u00e9dacteur-en-chef du journal <em>L\u2019\u00c9claireur<\/em>. Nous le perdons ensuite tout \u00e0 fait.<\/p>\r\n\r\n<p class=\"has-text-align-right\" style=\"font-size: 10px; text-align: right;\"><em>Philippe Oriol<\/em><\/p>","protected":false},"excerpt":{"rendered":"<p>Bazin, Raymond, po\u00e8te et publiciste fran\u00e7ais, n\u00e9 \u00e0 Pont-l\u2019\u00c9v\u00eaque (Calvados) le 9 juillet 1866*, d\u00e9c\u00e9d\u00e9 \u00e0 Dieppe le 20 f\u00e9vrier 1926.<\/p>\n","protected":false},"author":1,"featured_media":0,"comment_status":"open","ping_status":"open","sticky":false,"template":"","format":"standard","meta":{"footnotes":""},"categories":[8,322,74,58,56,10],"tags":[87,86],"class_list":["post-5683","post","type-post","status-publish","format-standard","hentry","category-antidreyfusard","category-antidreyfusard-puis-revisionniste","category-calvados","category-ecrivain","category-publiciste-journaliste","category-revisionniste","tag-affaire-dreyfus","tag-dictionnaire-de-laffaire-dreyfus"],"yoast_head":"<!-- This site is optimized with the Yoast SEO plugin v21.1 - https:\/\/yoast.com\/wordpress\/plugins\/seo\/ -->\n<title>Raymond Bazin - Dictionnaire de l&#039;affaire Dreyfus<\/title>\n<meta name=\"robots\" content=\"index, follow, max-snippet:-1, max-image-preview:large, max-video-preview:-1\" \/>\n<link rel=\"canonical\" href=\"https:\/\/dicoaffairedreyfus.com\/index.php\/2020\/05\/14\/raymond-bazin\/\" \/>\n<meta property=\"og:locale\" content=\"fr_FR\" \/>\n<meta property=\"og:type\" content=\"article\" \/>\n<meta property=\"og:title\" content=\"Raymond Bazin - Dictionnaire de l&#039;affaire Dreyfus\" \/>\n<meta property=\"og:description\" content=\"Bazin, Raymond, po\u00e8te et publiciste fran\u00e7ais, n\u00e9 \u00e0 Pont-l\u2019\u00c9v\u00eaque (Calvados) le 9 juillet 1866*, d\u00e9c\u00e9d\u00e9 \u00e0 Dieppe le 20 f\u00e9vrier 1926.\" \/>\n<meta property=\"og:url\" content=\"https:\/\/dicoaffairedreyfus.com\/index.php\/2020\/05\/14\/raymond-bazin\/\" \/>\n<meta property=\"og:site_name\" content=\"Dictionnaire de l&#039;affaire Dreyfus\" \/>\n<meta property=\"article:published_time\" content=\"2020-05-14T19:02:45+00:00\" \/>\n<meta property=\"article:modified_time\" content=\"2020-06-05T07:50:50+00:00\" \/>\n<meta name=\"author\" content=\"ph.oriol\" \/>\n<meta name=\"twitter:card\" content=\"summary_large_image\" \/>\n<meta name=\"twitter:label1\" content=\"\u00c9crit par\" \/>\n\t<meta name=\"twitter:data1\" content=\"ph.oriol\" \/>\n\t<meta name=\"twitter:label2\" content=\"Dur\u00e9e de lecture estim\u00e9e\" \/>\n\t<meta name=\"twitter:data2\" content=\"4 minutes\" \/>\n<script type=\"application\/ld+json\" class=\"yoast-schema-graph\">{\"@context\":\"https:\/\/schema.org\",\"@graph\":[{\"@type\":\"Article\",\"@id\":\"https:\/\/dicoaffairedreyfus.com\/index.php\/2020\/05\/14\/raymond-bazin\/#article\",\"isPartOf\":{\"@id\":\"https:\/\/dicoaffairedreyfus.com\/index.php\/2020\/05\/14\/raymond-bazin\/\"},\"author\":{\"name\":\"ph.oriol\",\"@id\":\"https:\/\/dicoaffairedreyfus.com\/#\/schema\/person\/eb6314936862b5f00f876026520b19ef\"},\"headline\":\"Raymond Bazin\",\"datePublished\":\"2020-05-14T19:02:45+00:00\",\"dateModified\":\"2020-06-05T07:50:50+00:00\",\"mainEntityOfPage\":{\"@id\":\"https:\/\/dicoaffairedreyfus.com\/index.php\/2020\/05\/14\/raymond-bazin\/\"},\"wordCount\":896,\"commentCount\":0,\"publisher\":{\"@id\":\"https:\/\/dicoaffairedreyfus.com\/#\/schema\/person\/eb6314936862b5f00f876026520b19ef\"},\"keywords\":[\"affaire Dreyfus\",\"Dictionnaire de l&#039;affaire Dreyfus\"],\"articleSection\":[\"Antidreyfusard\",\"Antidreyfusard puis r\u00e9visionniste\",\"Calvados\",\"\u00c9crivain\",\"Publiciste\/Journaliste\",\"R\u00e9visionniste\"],\"inLanguage\":\"fr-FR\",\"potentialAction\":[{\"@type\":\"CommentAction\",\"name\":\"Comment\",\"target\":[\"https:\/\/dicoaffairedreyfus.com\/index.php\/2020\/05\/14\/raymond-bazin\/#respond\"]}]},{\"@type\":\"WebPage\",\"@id\":\"https:\/\/dicoaffairedreyfus.com\/index.php\/2020\/05\/14\/raymond-bazin\/\",\"url\":\"https:\/\/dicoaffairedreyfus.com\/index.php\/2020\/05\/14\/raymond-bazin\/\",\"name\":\"Raymond Bazin - Dictionnaire de l&#039;affaire Dreyfus\",\"isPartOf\":{\"@id\":\"https:\/\/dicoaffairedreyfus.com\/#website\"},\"datePublished\":\"2020-05-14T19:02:45+00:00\",\"dateModified\":\"2020-06-05T07:50:50+00:00\",\"breadcrumb\":{\"@id\":\"https:\/\/dicoaffairedreyfus.com\/index.php\/2020\/05\/14\/raymond-bazin\/#breadcrumb\"},\"inLanguage\":\"fr-FR\",\"potentialAction\":[{\"@type\":\"ReadAction\",\"target\":[\"https:\/\/dicoaffairedreyfus.com\/index.php\/2020\/05\/14\/raymond-bazin\/\"]}]},{\"@type\":\"BreadcrumbList\",\"@id\":\"https:\/\/dicoaffairedreyfus.com\/index.php\/2020\/05\/14\/raymond-bazin\/#breadcrumb\",\"itemListElement\":[{\"@type\":\"ListItem\",\"position\":1,\"name\":\"Accueil\",\"item\":\"https:\/\/dicoaffairedreyfus.com\/\"},{\"@type\":\"ListItem\",\"position\":2,\"name\":\"Raymond Bazin\"}]},{\"@type\":\"WebSite\",\"@id\":\"https:\/\/dicoaffairedreyfus.com\/#website\",\"url\":\"https:\/\/dicoaffairedreyfus.com\/\",\"name\":\"Dictionnaire de l&#039;affaire Dreyfus\",\"description\":\"Tout sur l&#039;affaire Dreyfus\",\"publisher\":{\"@id\":\"https:\/\/dicoaffairedreyfus.com\/#\/schema\/person\/eb6314936862b5f00f876026520b19ef\"},\"potentialAction\":[{\"@type\":\"SearchAction\",\"target\":{\"@type\":\"EntryPoint\",\"urlTemplate\":\"https:\/\/dicoaffairedreyfus.com\/?s={search_term_string}\"},\"query-input\":\"required name=search_term_string\"}],\"inLanguage\":\"fr-FR\"},{\"@type\":[\"Person\",\"Organization\"],\"@id\":\"https:\/\/dicoaffairedreyfus.com\/#\/schema\/person\/eb6314936862b5f00f876026520b19ef\",\"name\":\"ph.oriol\",\"image\":{\"@type\":\"ImageObject\",\"inLanguage\":\"fr-FR\",\"@id\":\"https:\/\/dicoaffairedreyfus.com\/#\/schema\/person\/image\/\",\"url\":\"https:\/\/secure.gravatar.com\/avatar\/90cd184f47237a6b9abd891ba824fbed?s=96&d=mm&r=g\",\"contentUrl\":\"https:\/\/secure.gravatar.com\/avatar\/90cd184f47237a6b9abd891ba824fbed?s=96&d=mm&r=g\",\"caption\":\"ph.oriol\"},\"logo\":{\"@id\":\"https:\/\/dicoaffairedreyfus.com\/#\/schema\/person\/image\/\"},\"sameAs\":[\"http:\/\/affaire-dreyfus.com\/\"]}]}<\/script>\n<!-- \/ Yoast SEO plugin. -->","yoast_head_json":{"title":"Raymond Bazin - Dictionnaire de l&#039;affaire Dreyfus","robots":{"index":"index","follow":"follow","max-snippet":"max-snippet:-1","max-image-preview":"max-image-preview:large","max-video-preview":"max-video-preview:-1"},"canonical":"https:\/\/dicoaffairedreyfus.com\/index.php\/2020\/05\/14\/raymond-bazin\/","og_locale":"fr_FR","og_type":"article","og_title":"Raymond Bazin - Dictionnaire de l&#039;affaire Dreyfus","og_description":"Bazin, Raymond, po\u00e8te et publiciste fran\u00e7ais, n\u00e9 \u00e0 Pont-l\u2019\u00c9v\u00eaque (Calvados) le 9 juillet 1866*, d\u00e9c\u00e9d\u00e9 \u00e0 Dieppe le 20 f\u00e9vrier 1926.","og_url":"https:\/\/dicoaffairedreyfus.com\/index.php\/2020\/05\/14\/raymond-bazin\/","og_site_name":"Dictionnaire de l&#039;affaire Dreyfus","article_published_time":"2020-05-14T19:02:45+00:00","article_modified_time":"2020-06-05T07:50:50+00:00","author":"ph.oriol","twitter_card":"summary_large_image","twitter_misc":{"\u00c9crit par":"ph.oriol","Dur\u00e9e de lecture estim\u00e9e":"4 minutes"},"schema":{"@context":"https:\/\/schema.org","@graph":[{"@type":"Article","@id":"https:\/\/dicoaffairedreyfus.com\/index.php\/2020\/05\/14\/raymond-bazin\/#article","isPartOf":{"@id":"https:\/\/dicoaffairedreyfus.com\/index.php\/2020\/05\/14\/raymond-bazin\/"},"author":{"name":"ph.oriol","@id":"https:\/\/dicoaffairedreyfus.com\/#\/schema\/person\/eb6314936862b5f00f876026520b19ef"},"headline":"Raymond Bazin","datePublished":"2020-05-14T19:02:45+00:00","dateModified":"2020-06-05T07:50:50+00:00","mainEntityOfPage":{"@id":"https:\/\/dicoaffairedreyfus.com\/index.php\/2020\/05\/14\/raymond-bazin\/"},"wordCount":896,"commentCount":0,"publisher":{"@id":"https:\/\/dicoaffairedreyfus.com\/#\/schema\/person\/eb6314936862b5f00f876026520b19ef"},"keywords":["affaire Dreyfus","Dictionnaire de l&#039;affaire Dreyfus"],"articleSection":["Antidreyfusard","Antidreyfusard puis r\u00e9visionniste","Calvados","\u00c9crivain","Publiciste\/Journaliste","R\u00e9visionniste"],"inLanguage":"fr-FR","potentialAction":[{"@type":"CommentAction","name":"Comment","target":["https:\/\/dicoaffairedreyfus.com\/index.php\/2020\/05\/14\/raymond-bazin\/#respond"]}]},{"@type":"WebPage","@id":"https:\/\/dicoaffairedreyfus.com\/index.php\/2020\/05\/14\/raymond-bazin\/","url":"https:\/\/dicoaffairedreyfus.com\/index.php\/2020\/05\/14\/raymond-bazin\/","name":"Raymond Bazin - Dictionnaire de l&#039;affaire Dreyfus","isPartOf":{"@id":"https:\/\/dicoaffairedreyfus.com\/#website"},"datePublished":"2020-05-14T19:02:45+00:00","dateModified":"2020-06-05T07:50:50+00:00","breadcrumb":{"@id":"https:\/\/dicoaffairedreyfus.com\/index.php\/2020\/05\/14\/raymond-bazin\/#breadcrumb"},"inLanguage":"fr-FR","potentialAction":[{"@type":"ReadAction","target":["https:\/\/dicoaffairedreyfus.com\/index.php\/2020\/05\/14\/raymond-bazin\/"]}]},{"@type":"BreadcrumbList","@id":"https:\/\/dicoaffairedreyfus.com\/index.php\/2020\/05\/14\/raymond-bazin\/#breadcrumb","itemListElement":[{"@type":"ListItem","position":1,"name":"Accueil","item":"https:\/\/dicoaffairedreyfus.com\/"},{"@type":"ListItem","position":2,"name":"Raymond Bazin"}]},{"@type":"WebSite","@id":"https:\/\/dicoaffairedreyfus.com\/#website","url":"https:\/\/dicoaffairedreyfus.com\/","name":"Dictionnaire de l&#039;affaire Dreyfus","description":"Tout sur l&#039;affaire Dreyfus","publisher":{"@id":"https:\/\/dicoaffairedreyfus.com\/#\/schema\/person\/eb6314936862b5f00f876026520b19ef"},"potentialAction":[{"@type":"SearchAction","target":{"@type":"EntryPoint","urlTemplate":"https:\/\/dicoaffairedreyfus.com\/?s={search_term_string}"},"query-input":"required name=search_term_string"}],"inLanguage":"fr-FR"},{"@type":["Person","Organization"],"@id":"https:\/\/dicoaffairedreyfus.com\/#\/schema\/person\/eb6314936862b5f00f876026520b19ef","name":"ph.oriol","image":{"@type":"ImageObject","inLanguage":"fr-FR","@id":"https:\/\/dicoaffairedreyfus.com\/#\/schema\/person\/image\/","url":"https:\/\/secure.gravatar.com\/avatar\/90cd184f47237a6b9abd891ba824fbed?s=96&d=mm&r=g","contentUrl":"https:\/\/secure.gravatar.com\/avatar\/90cd184f47237a6b9abd891ba824fbed?s=96&d=mm&r=g","caption":"ph.oriol"},"logo":{"@id":"https:\/\/dicoaffairedreyfus.com\/#\/schema\/person\/image\/"},"sameAs":["http:\/\/affaire-dreyfus.com\/"]}]}},"_links":{"self":[{"href":"https:\/\/dicoaffairedreyfus.com\/index.php\/wp-json\/wp\/v2\/posts\/5683","targetHints":{"allow":["GET"]}}],"collection":[{"href":"https:\/\/dicoaffairedreyfus.com\/index.php\/wp-json\/wp\/v2\/posts"}],"about":[{"href":"https:\/\/dicoaffairedreyfus.com\/index.php\/wp-json\/wp\/v2\/types\/post"}],"author":[{"embeddable":true,"href":"https:\/\/dicoaffairedreyfus.com\/index.php\/wp-json\/wp\/v2\/users\/1"}],"replies":[{"embeddable":true,"href":"https:\/\/dicoaffairedreyfus.com\/index.php\/wp-json\/wp\/v2\/comments?post=5683"}],"version-history":[{"count":5,"href":"https:\/\/dicoaffairedreyfus.com\/index.php\/wp-json\/wp\/v2\/posts\/5683\/revisions"}],"predecessor-version":[{"id":5695,"href":"https:\/\/dicoaffairedreyfus.com\/index.php\/wp-json\/wp\/v2\/posts\/5683\/revisions\/5695"}],"wp:attachment":[{"href":"https:\/\/dicoaffairedreyfus.com\/index.php\/wp-json\/wp\/v2\/media?parent=5683"}],"wp:term":[{"taxonomy":"category","embeddable":true,"href":"https:\/\/dicoaffairedreyfus.com\/index.php\/wp-json\/wp\/v2\/categories?post=5683"},{"taxonomy":"post_tag","embeddable":true,"href":"https:\/\/dicoaffairedreyfus.com\/index.php\/wp-json\/wp\/v2\/tags?post=5683"}],"curies":[{"name":"wp","href":"https:\/\/api.w.org\/{rel}","templated":true}]}}