{"id":5368,"date":"2020-05-03T19:25:51","date_gmt":"2020-05-03T17:25:51","guid":{"rendered":"https:\/\/dicoaffairedreyfus.com\/?p=5368"},"modified":"2026-04-10T00:45:10","modified_gmt":"2026-04-09T22:45:10","slug":"marcel-batilliat","status":"publish","type":"post","link":"https:\/\/dicoaffairedreyfus.com\/index.php\/2020\/05\/03\/marcel-batilliat\/","title":{"rendered":"Marcel Batilliat"},"content":{"rendered":"<p style=\"text-align: justify;\"><span style=\"font-size: 14pt;\">Batilliat<\/span>, Jean, <span style=\"font-size: 14pt;\">Marcel<\/span>, \u00e9crivain fran\u00e7ais, n\u00e9 \u00e0 Lyon (Rh\u00f4ne) le 19 novembre 1871*, d\u00e9c\u00e9d\u00e9 \u00e0 Versailles le 27 d\u00e9cembre 1941.<\/p>\r\n<p><!--more--><\/p>\r\n<p style=\"text-align: justify;\">Auteur de nombreux romans (<em>Chair mystique, <\/em>1897&nbsp;; <em>La Beaut\u00e9, <\/em>1900&nbsp;; <em>La Joie, <\/em>1905&nbsp;; <em>La Vend\u00e9e aux gen\u00eats, <\/em>1908&nbsp;; <em>La Libert\u00e9, <\/em>1913&nbsp;; <em>Survivre, <\/em>1926, etc.), collaborateur de <em>L\u2019Art social, <\/em>du <em><a href=\"https:\/\/dicoaffairedreyfus.com\/index.php\/2020\/02\/22\/mercure-de-france\/\" target=\"_blank\" rel=\"noopener noreferrer\">Mercure de France<\/a>, <\/em>de <em>La Plume, <\/em>de <em>Femina, <\/em>de la <em>Revue de l\u2019\u00c9poque, <\/em>de la <em><a href=\"https:\/\/dicoaffairedreyfus.com\/index.php\/2022\/01\/22\/revue-bleue\/\" target=\"_blank\" rel=\"noopener noreferrer\">Revue Bleue<\/a>, <\/em>de <em>La Vie, <\/em>du <em><a href=\"https:\/\/dicoaffairedreyfus.com\/index.php\/2020\/01\/27\/le-matin\/\" target=\"_blank\" rel=\"noopener noreferrer\">Matin<\/a>, <\/em>de <em>Paris-Soir, <\/em>du <em><a href=\"https:\/\/dicoaffairedreyfus.com\/index.php\/2020\/05\/02\/le-jour\/\" target=\"_blank\" rel=\"noopener noreferrer\">Jour<\/a>, <\/em>etc., Batilliat, grand admirateur de <a href=\"https:\/\/dicoaffairedreyfus.com\/index.php\/2020\/01\/05\/emile-zola\/\" target=\"_blank\" rel=\"noopener noreferrer\">Zola<\/a>, qu\u2019il avait contact\u00e9 en 1891 pour lui demander l\u2019autorisation de publier <em>Germinal <\/em>dans <em>Le Tocsin <\/em>auquel il collaborait (BNF n.a.fr. 24511, f. 55-56), signa l\u2019<a href=\"https:\/\/dicoaffairedreyfus.com\/index.php\/2020\/02\/08\/adresse-a-zola\/\" target=\"_blank\" rel=\"noopener noreferrer\">Adresse \u00e0 Zola<\/a> (2<sup>e<\/sup> liste et liste in\u00e9dite), souscrivit <a href=\"https:\/\/dicoaffairedreyfus.com\/index.php\/2020\/01\/10\/souscription-zola\/\" target=\"_blank\" rel=\"noopener noreferrer\">pour lui offrir une m\u00e9daille<\/a> (6<sup>e<\/sup> liste du <em>Si\u00e8cle <\/em>et des <em>Droits de l\u2019Homme<\/em>) et r\u00e9pondit \u00e0 l\u2019enqu\u00eate de <em>La Critique <\/em>pour affirmer combien il trouvait que \u00ab&nbsp;l\u2019attitude que vient de prendre M. \u00c9mile Zola est tr\u00e8s courageuse et tr\u00e8s belle. [&#8230;] M. \u00c9mile Zola est le plus grand honn\u00eate homme de ce temps&nbsp;\u00bb (<a href=\"https:\/\/gallica.bnf.fr\/ark:\/12148\/bpt6k121821g\/f39.item\" target=\"_blank\" rel=\"noopener noreferrer\">n<sup>o<\/sup> 71, 5 f\u00e9vrier 1898<\/a>). Il signa aussi la <a href=\"https:\/\/dicoaffairedreyfus.com\/index.php\/2020\/01\/05\/premiere-protestation\/\" target=\"_blank\" rel=\"noopener noreferrer\">premi\u00e8re protestation<\/a> de 1898 (1<sup>\u00e8re<\/sup>, 3<sup>e<\/sup> et 6<sup>e<\/sup> listes) et la <a href=\"https:\/\/dicoaffairedreyfus.com\/index.php\/2020\/01\/07\/protestation-picquart\/\" target=\"_blank\" rel=\"noopener noreferrer\">protestation en faveur de Picquart<\/a> (1<sup>\u00e8re<\/sup> liste).<br \/>Sa fid\u00e9lit\u00e9 ne se d\u00e9mentira pas&nbsp;: en 1902, dans <em>La Plume, <\/em>il rendit \u00e0 nouveau hommage \u00e0 Zola&nbsp;: \u00ab&nbsp;Ses yeux sont pour jamais ferm\u00e9s \u00e0 la lumi\u00e8re, et sa main ne se l\u00e8vera plus pour d\u00e9fendre l\u2019innocent ou l\u2019opprim\u00e9.\u2008Sa grande voix n\u2019entra\u00eenera plus les hommes \u00e0 la conqu\u00eate de la beaut\u00e9, de la justice et du bonheur. Mais, du moins, son \u00e2me sereine demeure tout enti\u00e8re parmi nous, pour nous guider et pour nous montrer la route&nbsp;: car l\u2019\u0153uvre colossale nous reste.\u2008Et il nous reste mieux encore&nbsp;: la moisson qui l\u00e8ve&nbsp;! Elle l\u00e8ve de toutes parts, sur tous les champs du monde, la moisson que sema le bon g\u00e9ant&nbsp;; d\u2019un geste infatigable, durant un demi-si\u00e8cle&nbsp;\u00bb (<a href=\"https:\/\/gallica.bnf.fr\/ark:\/12148\/bpt6k15607f\/f482.image\" target=\"_blank\" rel=\"noopener noreferrer\">15 octobre 1902, p. 1233<\/a>). En 1905, encore, au p\u00e8lerinage de M\u00e9dan, c&rsquo;est un tr\u00e8s bel hommage qu&rsquo;il lui rendit en disant que \u00ab&nbsp;si \u00c9mile Zola fut nagu\u00e8re un \u201cmoment de la conscience humaine\u201d, il est aujourd\u2019hui, par son \u0153uvre, par son influence, par sa pens\u00e9e, l\u2019expression magnifique et pure de la conscience de la patrie&nbsp;\u00bb (<a href=\"https:\/\/gallica.bnf.fr\/ark:\/12148\/bpt6k729599f.item\" target=\"_blank\" rel=\"noopener noreferrer\"><em>L\u2019Aurore, <\/em>2 octobre 1905<\/a>).<br \/>Par la suite, en 1921, il fonda avec Maurice Le Blond, la Soci\u00e9t\u00e9 Litt\u00e9raire des Amis d\u2019\u00c9mile Zola, dont il fut le Secr\u00e9taire G\u00e9n\u00e9ral et publia, en 1931, un <em>\u00c9mile Zola<\/em>. De 1935 \u00e0 1940, il sera maire adjoint de Versailles.<\/p>\r\n\r\n<p style=\"font-size: 12px; text-align: justify;\">Sources et bibliographie&nbsp;: son <em>\u00c9loge d\u2019\u00c9mile Zola<\/em>, prononc\u00e9 \u00e0 M\u00e9dan en 1905, a \u00e9t\u00e9 publi\u00e9 la m\u00eame ann\u00e9e chez Sansot et peut se trouver int\u00e9gralement en ligne sur le <a href=\"http:\/\/www.ezola.fr\/Medan\/medan_batilliat_1905.pdf\">site de Jean-S\u00e9bastien Macke<\/a>&nbsp;; son<em> \u00c9mile Zola<\/em> a \u00e9t\u00e9 publi\u00e9 en 1931 chez Rieder. On pourra aussi lire sa correspondance avec Alexandrine Zola, pr\u00e9sent\u00e9e par S\u00e9bastien Picou, dans <em>Les Cahiers naturalistes<\/em>, n\u00b0 73, 1999.<\/p>\r\n\r\n<p class=\"has-text-align-right\" style=\"font-size: 10px; text-align: right;\"><em>Philippe Oriol<\/em><\/p>\r\n","protected":false},"excerpt":{"rendered":"<p>Batilliat, Jean, Marcel, \u00e9crivain fran\u00e7ais, n\u00e9 \u00e0 Lyon (Rh\u00f4ne) le 19 novembre 1871*, d\u00e9c\u00e9d\u00e9 \u00e0 Versailles le 27 d\u00e9cembre 1941.<\/p>\n","protected":false},"author":1,"featured_media":0,"comment_status":"open","ping_status":"open","sticky":false,"template":"","format":"standard","meta":{"footnotes":""},"categories":[9,58,31,30],"tags":[87,86,301],"class_list":["post-5368","post","type-post","status-publish","format-standard","hentry","category-dreyfusard","category-ecrivain","category-lyon","category-rhone","tag-affaire-dreyfus","tag-dictionnaire-de-laffaire-dreyfus","tag-marcel-batilliat-et-laffaire-dreyfus"],"yoast_head":"<!-- This site is optimized with the Yoast SEO plugin v21.1 - https:\/\/yoast.com\/wordpress\/plugins\/seo\/ -->\n<title>Marcel Batilliat - Dictionnaire de l&#039;affaire Dreyfus<\/title>\n<meta name=\"robots\" content=\"index, follow, max-snippet:-1, max-image-preview:large, max-video-preview:-1\" \/>\n<link rel=\"canonical\" href=\"https:\/\/dicoaffairedreyfus.com\/index.php\/2020\/05\/03\/marcel-batilliat\/\" \/>\n<meta property=\"og:locale\" content=\"fr_FR\" \/>\n<meta property=\"og:type\" content=\"article\" \/>\n<meta property=\"og:title\" content=\"Marcel Batilliat - Dictionnaire de l&#039;affaire Dreyfus\" \/>\n<meta property=\"og:description\" content=\"Batilliat, Jean, Marcel, \u00e9crivain fran\u00e7ais, n\u00e9 \u00e0 Lyon (Rh\u00f4ne) le 19 novembre 1871*, d\u00e9c\u00e9d\u00e9 \u00e0 Versailles le 27 d\u00e9cembre 1941.\" \/>\n<meta property=\"og:url\" content=\"https:\/\/dicoaffairedreyfus.com\/index.php\/2020\/05\/03\/marcel-batilliat\/\" \/>\n<meta property=\"og:site_name\" content=\"Dictionnaire de l&#039;affaire Dreyfus\" \/>\n<meta property=\"article:published_time\" content=\"2020-05-03T17:25:51+00:00\" \/>\n<meta property=\"article:modified_time\" content=\"2026-04-09T22:45:10+00:00\" \/>\n<meta name=\"author\" content=\"ph.oriol\" \/>\n<meta name=\"twitter:card\" content=\"summary_large_image\" \/>\n<meta name=\"twitter:label1\" content=\"\u00c9crit par\" \/>\n\t<meta name=\"twitter:data1\" content=\"ph.oriol\" \/>\n\t<meta name=\"twitter:label2\" content=\"Dur\u00e9e de lecture estim\u00e9e\" \/>\n\t<meta name=\"twitter:data2\" content=\"3 minutes\" \/>\n<script type=\"application\/ld+json\" class=\"yoast-schema-graph\">{\"@context\":\"https:\/\/schema.org\",\"@graph\":[{\"@type\":\"Article\",\"@id\":\"https:\/\/dicoaffairedreyfus.com\/index.php\/2020\/05\/03\/marcel-batilliat\/#article\",\"isPartOf\":{\"@id\":\"https:\/\/dicoaffairedreyfus.com\/index.php\/2020\/05\/03\/marcel-batilliat\/\"},\"author\":{\"name\":\"ph.oriol\",\"@id\":\"https:\/\/dicoaffairedreyfus.com\/#\/schema\/person\/eb6314936862b5f00f876026520b19ef\"},\"headline\":\"Marcel Batilliat\",\"datePublished\":\"2020-05-03T17:25:51+00:00\",\"dateModified\":\"2026-04-09T22:45:10+00:00\",\"mainEntityOfPage\":{\"@id\":\"https:\/\/dicoaffairedreyfus.com\/index.php\/2020\/05\/03\/marcel-batilliat\/\"},\"wordCount\":506,\"commentCount\":0,\"publisher\":{\"@id\":\"https:\/\/dicoaffairedreyfus.com\/#\/schema\/person\/eb6314936862b5f00f876026520b19ef\"},\"keywords\":[\"affaire Dreyfus\",\"Dictionnaire de l&#039;affaire Dreyfus\",\"Marcel Batilliat et l'affaire Dreyfus\"],\"articleSection\":[\"Dreyfusard\",\"\u00c9crivain\",\"Lyon\",\"Rh\u00f4ne\"],\"inLanguage\":\"fr-FR\",\"potentialAction\":[{\"@type\":\"CommentAction\",\"name\":\"Comment\",\"target\":[\"https:\/\/dicoaffairedreyfus.com\/index.php\/2020\/05\/03\/marcel-batilliat\/#respond\"]}]},{\"@type\":\"WebPage\",\"@id\":\"https:\/\/dicoaffairedreyfus.com\/index.php\/2020\/05\/03\/marcel-batilliat\/\",\"url\":\"https:\/\/dicoaffairedreyfus.com\/index.php\/2020\/05\/03\/marcel-batilliat\/\",\"name\":\"Marcel Batilliat - Dictionnaire de l&#039;affaire Dreyfus\",\"isPartOf\":{\"@id\":\"https:\/\/dicoaffairedreyfus.com\/#website\"},\"datePublished\":\"2020-05-03T17:25:51+00:00\",\"dateModified\":\"2026-04-09T22:45:10+00:00\",\"breadcrumb\":{\"@id\":\"https:\/\/dicoaffairedreyfus.com\/index.php\/2020\/05\/03\/marcel-batilliat\/#breadcrumb\"},\"inLanguage\":\"fr-FR\",\"potentialAction\":[{\"@type\":\"ReadAction\",\"target\":[\"https:\/\/dicoaffairedreyfus.com\/index.php\/2020\/05\/03\/marcel-batilliat\/\"]}]},{\"@type\":\"BreadcrumbList\",\"@id\":\"https:\/\/dicoaffairedreyfus.com\/index.php\/2020\/05\/03\/marcel-batilliat\/#breadcrumb\",\"itemListElement\":[{\"@type\":\"ListItem\",\"position\":1,\"name\":\"Accueil\",\"item\":\"https:\/\/dicoaffairedreyfus.com\/\"},{\"@type\":\"ListItem\",\"position\":2,\"name\":\"Marcel Batilliat\"}]},{\"@type\":\"WebSite\",\"@id\":\"https:\/\/dicoaffairedreyfus.com\/#website\",\"url\":\"https:\/\/dicoaffairedreyfus.com\/\",\"name\":\"Dictionnaire de l&#039;affaire Dreyfus\",\"description\":\"Tout sur l&#039;affaire Dreyfus\",\"publisher\":{\"@id\":\"https:\/\/dicoaffairedreyfus.com\/#\/schema\/person\/eb6314936862b5f00f876026520b19ef\"},\"potentialAction\":[{\"@type\":\"SearchAction\",\"target\":{\"@type\":\"EntryPoint\",\"urlTemplate\":\"https:\/\/dicoaffairedreyfus.com\/?s={search_term_string}\"},\"query-input\":\"required name=search_term_string\"}],\"inLanguage\":\"fr-FR\"},{\"@type\":[\"Person\",\"Organization\"],\"@id\":\"https:\/\/dicoaffairedreyfus.com\/#\/schema\/person\/eb6314936862b5f00f876026520b19ef\",\"name\":\"ph.oriol\",\"image\":{\"@type\":\"ImageObject\",\"inLanguage\":\"fr-FR\",\"@id\":\"https:\/\/dicoaffairedreyfus.com\/#\/schema\/person\/image\/\",\"url\":\"https:\/\/secure.gravatar.com\/avatar\/90cd184f47237a6b9abd891ba824fbed?s=96&d=mm&r=g\",\"contentUrl\":\"https:\/\/secure.gravatar.com\/avatar\/90cd184f47237a6b9abd891ba824fbed?s=96&d=mm&r=g\",\"caption\":\"ph.oriol\"},\"logo\":{\"@id\":\"https:\/\/dicoaffairedreyfus.com\/#\/schema\/person\/image\/\"},\"sameAs\":[\"http:\/\/affaire-dreyfus.com\/\"]}]}<\/script>\n<!-- \/ Yoast SEO plugin. -->","yoast_head_json":{"title":"Marcel Batilliat - Dictionnaire de l&#039;affaire Dreyfus","robots":{"index":"index","follow":"follow","max-snippet":"max-snippet:-1","max-image-preview":"max-image-preview:large","max-video-preview":"max-video-preview:-1"},"canonical":"https:\/\/dicoaffairedreyfus.com\/index.php\/2020\/05\/03\/marcel-batilliat\/","og_locale":"fr_FR","og_type":"article","og_title":"Marcel Batilliat - Dictionnaire de l&#039;affaire Dreyfus","og_description":"Batilliat, Jean, Marcel, \u00e9crivain fran\u00e7ais, n\u00e9 \u00e0 Lyon (Rh\u00f4ne) le 19 novembre 1871*, d\u00e9c\u00e9d\u00e9 \u00e0 Versailles le 27 d\u00e9cembre 1941.","og_url":"https:\/\/dicoaffairedreyfus.com\/index.php\/2020\/05\/03\/marcel-batilliat\/","og_site_name":"Dictionnaire de l&#039;affaire Dreyfus","article_published_time":"2020-05-03T17:25:51+00:00","article_modified_time":"2026-04-09T22:45:10+00:00","author":"ph.oriol","twitter_card":"summary_large_image","twitter_misc":{"\u00c9crit par":"ph.oriol","Dur\u00e9e de lecture estim\u00e9e":"3 minutes"},"schema":{"@context":"https:\/\/schema.org","@graph":[{"@type":"Article","@id":"https:\/\/dicoaffairedreyfus.com\/index.php\/2020\/05\/03\/marcel-batilliat\/#article","isPartOf":{"@id":"https:\/\/dicoaffairedreyfus.com\/index.php\/2020\/05\/03\/marcel-batilliat\/"},"author":{"name":"ph.oriol","@id":"https:\/\/dicoaffairedreyfus.com\/#\/schema\/person\/eb6314936862b5f00f876026520b19ef"},"headline":"Marcel Batilliat","datePublished":"2020-05-03T17:25:51+00:00","dateModified":"2026-04-09T22:45:10+00:00","mainEntityOfPage":{"@id":"https:\/\/dicoaffairedreyfus.com\/index.php\/2020\/05\/03\/marcel-batilliat\/"},"wordCount":506,"commentCount":0,"publisher":{"@id":"https:\/\/dicoaffairedreyfus.com\/#\/schema\/person\/eb6314936862b5f00f876026520b19ef"},"keywords":["affaire Dreyfus","Dictionnaire de l&#039;affaire Dreyfus","Marcel Batilliat et l'affaire Dreyfus"],"articleSection":["Dreyfusard","\u00c9crivain","Lyon","Rh\u00f4ne"],"inLanguage":"fr-FR","potentialAction":[{"@type":"CommentAction","name":"Comment","target":["https:\/\/dicoaffairedreyfus.com\/index.php\/2020\/05\/03\/marcel-batilliat\/#respond"]}]},{"@type":"WebPage","@id":"https:\/\/dicoaffairedreyfus.com\/index.php\/2020\/05\/03\/marcel-batilliat\/","url":"https:\/\/dicoaffairedreyfus.com\/index.php\/2020\/05\/03\/marcel-batilliat\/","name":"Marcel Batilliat - Dictionnaire de l&#039;affaire Dreyfus","isPartOf":{"@id":"https:\/\/dicoaffairedreyfus.com\/#website"},"datePublished":"2020-05-03T17:25:51+00:00","dateModified":"2026-04-09T22:45:10+00:00","breadcrumb":{"@id":"https:\/\/dicoaffairedreyfus.com\/index.php\/2020\/05\/03\/marcel-batilliat\/#breadcrumb"},"inLanguage":"fr-FR","potentialAction":[{"@type":"ReadAction","target":["https:\/\/dicoaffairedreyfus.com\/index.php\/2020\/05\/03\/marcel-batilliat\/"]}]},{"@type":"BreadcrumbList","@id":"https:\/\/dicoaffairedreyfus.com\/index.php\/2020\/05\/03\/marcel-batilliat\/#breadcrumb","itemListElement":[{"@type":"ListItem","position":1,"name":"Accueil","item":"https:\/\/dicoaffairedreyfus.com\/"},{"@type":"ListItem","position":2,"name":"Marcel Batilliat"}]},{"@type":"WebSite","@id":"https:\/\/dicoaffairedreyfus.com\/#website","url":"https:\/\/dicoaffairedreyfus.com\/","name":"Dictionnaire de l&#039;affaire Dreyfus","description":"Tout sur l&#039;affaire Dreyfus","publisher":{"@id":"https:\/\/dicoaffairedreyfus.com\/#\/schema\/person\/eb6314936862b5f00f876026520b19ef"},"potentialAction":[{"@type":"SearchAction","target":{"@type":"EntryPoint","urlTemplate":"https:\/\/dicoaffairedreyfus.com\/?s={search_term_string}"},"query-input":"required name=search_term_string"}],"inLanguage":"fr-FR"},{"@type":["Person","Organization"],"@id":"https:\/\/dicoaffairedreyfus.com\/#\/schema\/person\/eb6314936862b5f00f876026520b19ef","name":"ph.oriol","image":{"@type":"ImageObject","inLanguage":"fr-FR","@id":"https:\/\/dicoaffairedreyfus.com\/#\/schema\/person\/image\/","url":"https:\/\/secure.gravatar.com\/avatar\/90cd184f47237a6b9abd891ba824fbed?s=96&d=mm&r=g","contentUrl":"https:\/\/secure.gravatar.com\/avatar\/90cd184f47237a6b9abd891ba824fbed?s=96&d=mm&r=g","caption":"ph.oriol"},"logo":{"@id":"https:\/\/dicoaffairedreyfus.com\/#\/schema\/person\/image\/"},"sameAs":["http:\/\/affaire-dreyfus.com\/"]}]}},"_links":{"self":[{"href":"https:\/\/dicoaffairedreyfus.com\/index.php\/wp-json\/wp\/v2\/posts\/5368","targetHints":{"allow":["GET"]}}],"collection":[{"href":"https:\/\/dicoaffairedreyfus.com\/index.php\/wp-json\/wp\/v2\/posts"}],"about":[{"href":"https:\/\/dicoaffairedreyfus.com\/index.php\/wp-json\/wp\/v2\/types\/post"}],"author":[{"embeddable":true,"href":"https:\/\/dicoaffairedreyfus.com\/index.php\/wp-json\/wp\/v2\/users\/1"}],"replies":[{"embeddable":true,"href":"https:\/\/dicoaffairedreyfus.com\/index.php\/wp-json\/wp\/v2\/comments?post=5368"}],"version-history":[{"count":6,"href":"https:\/\/dicoaffairedreyfus.com\/index.php\/wp-json\/wp\/v2\/posts\/5368\/revisions"}],"predecessor-version":[{"id":8961,"href":"https:\/\/dicoaffairedreyfus.com\/index.php\/wp-json\/wp\/v2\/posts\/5368\/revisions\/8961"}],"wp:attachment":[{"href":"https:\/\/dicoaffairedreyfus.com\/index.php\/wp-json\/wp\/v2\/media?parent=5368"}],"wp:term":[{"taxonomy":"category","embeddable":true,"href":"https:\/\/dicoaffairedreyfus.com\/index.php\/wp-json\/wp\/v2\/categories?post=5368"},{"taxonomy":"post_tag","embeddable":true,"href":"https:\/\/dicoaffairedreyfus.com\/index.php\/wp-json\/wp\/v2\/tags?post=5368"}],"curies":[{"name":"wp","href":"https:\/\/api.w.org\/{rel}","templated":true}]}}