{"id":5316,"date":"2020-05-01T13:39:19","date_gmt":"2020-05-01T11:39:19","guid":{"rendered":"https:\/\/dicoaffairedreyfus.com\/?p=5316"},"modified":"2020-05-01T13:40:54","modified_gmt":"2020-05-01T11:40:54","slug":"albert-bataille","status":"publish","type":"post","link":"https:\/\/dicoaffairedreyfus.com\/index.php\/2020\/05\/01\/albert-bataille\/","title":{"rendered":"Albert Bataille"},"content":{"rendered":"<p style=\"text-align: justify;\"><span style=\"font-size: 14pt;\">Bataille<\/span>, <span style=\"font-size: 14pt;\">Albert<\/span>, Pierre, journaliste fran\u00e7ais, n\u00e9 \u00e0 Blois (Loir-et-Cher) le 10 mars 1856*, d\u00e9c\u00e9d\u00e9 \u00e0 Paris le 5 mars 1899.<\/p>\r\n<p><!--more--><\/p>\r\n<p style=\"text-align: justify;\">Entr\u00e9 au <em>Figaro <\/em>\u00e0 vingt ans, en 1876, il occupa les fonctions de secr\u00e9taire de <a href=\"https:\/\/dicoaffairedreyfus.com\/index.php\/2020\/02\/20\/fernand-de-rodays\/\" target=\"_blank\" rel=\"noopener noreferrer\">de Rodays<\/a>, alors charg\u00e9 de la chronique judiciaire.\u2008\u00c0 la mort de Villemessant, quand de Rodays devint directeur administratif du journal, Bataille h\u00e9rita de la chronique judiciaire.\u2008Il entreprit alors des \u00e9tudes de droit, obtint sa licence et se fit inscrire au barreau. Fondateur du Bureau des associations de presse, premi\u00e8re association internationale des journalistes, pr\u00e9sident de l&rsquo;Association de la presse judiciaire, il travailla \u00e0 la cr\u00e9ation d&rsquo;une \u00e9cole de journalisme, projet que sa mort pr\u00e9matur\u00e9e l&#8217;emp\u00eacha de mener \u00e0 terme.<br \/>Depuis 1880, il commen\u00e7a la publication d&rsquo;une s\u00e9rie, au rythme d\u2019un volume par an, intitul\u00e9e <em><a href=\"https:\/\/gallica.bnf.fr\/ark:\/12148\/cb42314269z\/date.item\" target=\"_blank\" rel=\"noopener noreferrer\">Causes criminelles et mondaines<\/a>. <\/em>Le volume, double, pour les ann\u00e9es 1897-1898 \u2013 et qui sera son dernier \u2013, est enti\u00e8rement consacr\u00e9e \u00e0 l\u2019Affaire dont il offre une r\u00e9trospective tr\u00e8s bien faite de l\u2019arrestation du capitaine \u00e0 la r\u00e9vision du proc\u00e8s de 1894.\u2008Notons \u00e0 propos de ces volumes que, s\u2019ils \u00e9taient une reprise de ses articles du <em>Figaro<\/em>, ils \u00e9taient r\u00e9\u00e9crits, indiquant souvent l\u2019\u00e9volution de ses sentiments. Voici, pour un unique exemple, comment \u00e0 l&rsquo;origine il avait d\u00e9crit Dreyfus dans son compte rendu du proc\u00e8s de 1894&nbsp;: \u00ab&nbsp;C\u2019est un homme au visage osseux, aux pommettes saillantes, au front d\u00e9garni, aux oreilles d\u00e9tach\u00e9es, maigre, nerveux, plut\u00f4t grand, mais l\u00e9g\u00e8rement vo\u00fbt\u00e9 et portant lorgnon sur un nez recourb\u00e9 qui, \u00e0 lui seul, est un acte de naissance. Moustache militaire, naturellement, mais que l\u2019allure est peu franche et que le regard est fuyant&nbsp;\u00bb (<a href=\"https:\/\/gallica.bnf.fr\/ark:\/12148\/bpt6k283127s.item\" target=\"_blank\" rel=\"noopener noreferrer\">\u00ab&nbsp;Le proc\u00e8s Dreyfus&nbsp;\u00bb,<em> Le Figaro,<\/em> 20 d\u00e9cembre 1894<\/a>). Ce passage, dans son volume, deviendra\u00a0: \u00ab\u00a0La figure osseuse, le nez juif, la l\u00e8vre estomp\u00e9e d\u2019une petite moustache brune, les cheveux ras, d\u00e9j\u00e0 quelque peu grisonnants, la taille assez svelte bien que l\u00e9g\u00e8rement courb\u00e9e, le regard assez dur derri\u00e8re un lorgnon inamovible, le capitaine Dreyfus n\u2019est certainement pas un sympathique\u00a0\u00bb (<a href=\"https:\/\/gallica.bnf.fr\/ark:\/12148\/bpt6k5495780f\/f39.image\" target=\"_blank\" rel=\"noopener noreferrer\">p. 19<\/a>).<br \/>S\u2019il fut dreyfusard \u2013 d\u00e8s la parade d\u2019ex\u00e9cution, ainsi que le rapporte Reinach (Reinach, i, p.\u2008286, note 2) \u2013, il demeura toujours neutre et n\u2019exprima gu\u00e8re, dans ses comptes rendus du <a href=\"https:\/\/dicoaffairedreyfus.com\/index.php\/2020\/01\/05\/proces-de-1894\/\" target=\"_blank\" rel=\"noopener noreferrer\">proc\u00e8s de 1894<\/a>, du <a href=\"https:\/\/dicoaffairedreyfus.com\/index.php\/2020\/01\/25\/proces-esterhazy\/\" target=\"_blank\" rel=\"noopener noreferrer\">proc\u00e8s Esterhazy<\/a> et des <a href=\"https:\/\/dicoaffairedreyfus.com\/index.php\/2020\/01\/05\/proces-zola\/\" target=\"_blank\" rel=\"noopener noreferrer\">proc\u00e8s Zola<\/a> qu\u2019il couvrit pour <em>Le Figaro<\/em>, son opinion. Il semble qu\u2019il e\u00fbt souhait\u00e9 le faire mais que son directeur, <a href=\"https:\/\/dicoaffairedreyfus.com\/index.php\/2020\/02\/20\/antonin-perivier\/\" target=\"_blank\" rel=\"noopener noreferrer\">P\u00e9rivier<\/a>, l\u2019en emp\u00eacha (<a href=\"https:\/\/dicoaffairedreyfus.com\/index.php\/2020\/01\/10\/jean-ajalbert\/\" target=\"_blank\" rel=\"noopener noreferrer\">Ajalbert<\/a>, <em>Sous le sabre, <\/em>p. 168). Est-ce lui qui signa la <a href=\"https:\/\/dicoaffairedreyfus.com\/index.php\/2020\/01\/07\/protestation-picquart\/\" target=\"_blank\" rel=\"noopener noreferrer\">protestation en faveur de Picquart<\/a> (6<sup>e<\/sup> liste)&nbsp;?<br \/>Malade, il mourra le 5 mars 1899. Comme il l\u2019avait dit \u00e0 Corn\u00e9ly \u00ab&nbsp;dans sa derni\u00e8re nuit&nbsp;\u00bb&nbsp;: \u00ab&nbsp;Ce serait bien vexant de mourir sans avoir vu la fin de \u201cl\u2019Affaire\u201d&nbsp;\u00bb (<a href=\"https:\/\/gallica.bnf.fr\/ark:\/12148\/bpt6k284685x.r\" target=\"_blank\" rel=\"noopener noreferrer\">\u00ab&nbsp;Le Bon c\u00f4t\u00e9 des choses&nbsp;\u00bb, <em>Le Figaro, <\/em>15 mars 1899<\/a>. Repris dans <em>Notes sur l\u2019affaire Dreyfus, <\/em>p. 258).<\/p>\r\n\r\n<p style=\"font-size: 12px; text-align: justify;\">Sources et bibliographie&nbsp;: son volume <a href=\"https:\/\/gallica.bnf.fr\/ark:\/12148\/bpt6k5495780f\" target=\"_blank\" rel=\"noopener noreferrer\"><em>Causes criminelles et mondaines de 1897-98.\u2008L\u2019Affaire Dreyfus.\u2008Premier volume <\/em>a \u00e9t\u00e9 publi\u00e9 chez Dentu en 1898<\/a>. On trouvera, aux Archives de la Pr\u00e9fecture de Police, sous la cote Ba 950, un bien maigre dossier s\u2019int\u00e9ressant principalement \u00e0 son mariage. On peut consulter son dossier de la L\u00e9gion d\u2019honneur sous la cote\u00a0: <a href=\"http:\/\/www2.culture.gouv.fr\/LH\/LH011\/PG\/FRDAFAN83_OL0134045v001.htm\" target=\"_blank\" rel=\"noopener noreferrer\">LH\/134\/45<\/a>.<\/p>\r\n\r\n<p class=\"has-text-align-right\" style=\"font-size: 10px; text-align: right;\"><em>Philippe Oriol<\/em><\/p>\r\n<p><img loading=\"lazy\" decoding=\"async\" class=\"aligncenter wp-image-5325 size-full\" src=\"https:\/\/dicoaffairedreyfus.com\/wp-content\/uploads\/2020\/05\/Bataille.jpg\" alt=\"\" width=\"1091\" height=\"1282\" srcset=\"https:\/\/dicoaffairedreyfus.com\/wp-content\/uploads\/2020\/05\/Bataille.jpg 1091w, https:\/\/dicoaffairedreyfus.com\/wp-content\/uploads\/2020\/05\/Bataille-255x300.jpg 255w, https:\/\/dicoaffairedreyfus.com\/wp-content\/uploads\/2020\/05\/Bataille-871x1024.jpg 871w, https:\/\/dicoaffairedreyfus.com\/wp-content\/uploads\/2020\/05\/Bataille-768x902.jpg 768w, https:\/\/dicoaffairedreyfus.com\/wp-content\/uploads\/2020\/05\/Bataille-624x733.jpg 624w\" sizes=\"auto, (max-width: 1091px) 100vw, 1091px\" \/><\/p>\r\n","protected":false},"excerpt":{"rendered":"<p>Bataille, Albert, Pierre, journaliste fran\u00e7ais, n\u00e9 \u00e0 Blois (Loir-et-Cher) le 10 mars 1856*, d\u00e9c\u00e9d\u00e9 \u00e0 Paris le 5 mars 1899.<\/p>\n","protected":false},"author":1,"featured_media":0,"comment_status":"open","ping_status":"open","sticky":false,"template":"","format":"standard","meta":{"footnotes":""},"categories":[9,299,56],"tags":[87,86],"class_list":["post-5316","post","type-post","status-publish","format-standard","hentry","category-dreyfusard","category-loir-et-cher","category-publiciste-journaliste","tag-affaire-dreyfus","tag-dictionnaire-de-laffaire-dreyfus"],"yoast_head":"<!-- This site is optimized with the Yoast SEO plugin v21.1 - https:\/\/yoast.com\/wordpress\/plugins\/seo\/ -->\n<title>Albert Bataille - Dictionnaire de l&#039;affaire Dreyfus<\/title>\n<meta name=\"robots\" content=\"index, follow, max-snippet:-1, max-image-preview:large, max-video-preview:-1\" \/>\n<link rel=\"canonical\" href=\"https:\/\/dicoaffairedreyfus.com\/index.php\/2020\/05\/01\/albert-bataille\/\" \/>\n<meta property=\"og:locale\" content=\"fr_FR\" \/>\n<meta property=\"og:type\" content=\"article\" \/>\n<meta property=\"og:title\" content=\"Albert Bataille - Dictionnaire de l&#039;affaire Dreyfus\" \/>\n<meta property=\"og:description\" content=\"Bataille, Albert, Pierre, journaliste fran\u00e7ais, n\u00e9 \u00e0 Blois (Loir-et-Cher) le 10 mars 1856*, d\u00e9c\u00e9d\u00e9 \u00e0 Paris le 5 mars 1899.\" \/>\n<meta property=\"og:url\" content=\"https:\/\/dicoaffairedreyfus.com\/index.php\/2020\/05\/01\/albert-bataille\/\" \/>\n<meta property=\"og:site_name\" content=\"Dictionnaire de l&#039;affaire Dreyfus\" \/>\n<meta property=\"article:published_time\" content=\"2020-05-01T11:39:19+00:00\" \/>\n<meta property=\"article:modified_time\" content=\"2020-05-01T11:40:54+00:00\" \/>\n<meta property=\"og:image\" content=\"https:\/\/dicoaffairedreyfus.com\/wp-content\/uploads\/2020\/05\/Bataille.jpg\" \/>\n<meta name=\"author\" content=\"ph.oriol\" \/>\n<meta name=\"twitter:card\" content=\"summary_large_image\" \/>\n<meta name=\"twitter:label1\" content=\"\u00c9crit par\" \/>\n\t<meta name=\"twitter:data1\" content=\"ph.oriol\" \/>\n\t<meta name=\"twitter:label2\" content=\"Dur\u00e9e de lecture estim\u00e9e\" \/>\n\t<meta name=\"twitter:data2\" content=\"3 minutes\" \/>\n<script type=\"application\/ld+json\" class=\"yoast-schema-graph\">{\"@context\":\"https:\/\/schema.org\",\"@graph\":[{\"@type\":\"Article\",\"@id\":\"https:\/\/dicoaffairedreyfus.com\/index.php\/2020\/05\/01\/albert-bataille\/#article\",\"isPartOf\":{\"@id\":\"https:\/\/dicoaffairedreyfus.com\/index.php\/2020\/05\/01\/albert-bataille\/\"},\"author\":{\"name\":\"ph.oriol\",\"@id\":\"https:\/\/dicoaffairedreyfus.com\/#\/schema\/person\/eb6314936862b5f00f876026520b19ef\"},\"headline\":\"Albert Bataille\",\"datePublished\":\"2020-05-01T11:39:19+00:00\",\"dateModified\":\"2020-05-01T11:40:54+00:00\",\"mainEntityOfPage\":{\"@id\":\"https:\/\/dicoaffairedreyfus.com\/index.php\/2020\/05\/01\/albert-bataille\/\"},\"wordCount\":559,\"commentCount\":0,\"publisher\":{\"@id\":\"https:\/\/dicoaffairedreyfus.com\/#\/schema\/person\/eb6314936862b5f00f876026520b19ef\"},\"keywords\":[\"affaire Dreyfus\",\"Dictionnaire de l&#039;affaire Dreyfus\"],\"articleSection\":[\"Dreyfusard\",\"Loir-et-Cher\",\"Publiciste\/Journaliste\"],\"inLanguage\":\"fr-FR\",\"potentialAction\":[{\"@type\":\"CommentAction\",\"name\":\"Comment\",\"target\":[\"https:\/\/dicoaffairedreyfus.com\/index.php\/2020\/05\/01\/albert-bataille\/#respond\"]}]},{\"@type\":\"WebPage\",\"@id\":\"https:\/\/dicoaffairedreyfus.com\/index.php\/2020\/05\/01\/albert-bataille\/\",\"url\":\"https:\/\/dicoaffairedreyfus.com\/index.php\/2020\/05\/01\/albert-bataille\/\",\"name\":\"Albert Bataille - Dictionnaire de l&#039;affaire Dreyfus\",\"isPartOf\":{\"@id\":\"https:\/\/dicoaffairedreyfus.com\/#website\"},\"datePublished\":\"2020-05-01T11:39:19+00:00\",\"dateModified\":\"2020-05-01T11:40:54+00:00\",\"breadcrumb\":{\"@id\":\"https:\/\/dicoaffairedreyfus.com\/index.php\/2020\/05\/01\/albert-bataille\/#breadcrumb\"},\"inLanguage\":\"fr-FR\",\"potentialAction\":[{\"@type\":\"ReadAction\",\"target\":[\"https:\/\/dicoaffairedreyfus.com\/index.php\/2020\/05\/01\/albert-bataille\/\"]}]},{\"@type\":\"BreadcrumbList\",\"@id\":\"https:\/\/dicoaffairedreyfus.com\/index.php\/2020\/05\/01\/albert-bataille\/#breadcrumb\",\"itemListElement\":[{\"@type\":\"ListItem\",\"position\":1,\"name\":\"Accueil\",\"item\":\"https:\/\/dicoaffairedreyfus.com\/\"},{\"@type\":\"ListItem\",\"position\":2,\"name\":\"Albert Bataille\"}]},{\"@type\":\"WebSite\",\"@id\":\"https:\/\/dicoaffairedreyfus.com\/#website\",\"url\":\"https:\/\/dicoaffairedreyfus.com\/\",\"name\":\"Dictionnaire de l&#039;affaire Dreyfus\",\"description\":\"Tout sur l&#039;affaire Dreyfus\",\"publisher\":{\"@id\":\"https:\/\/dicoaffairedreyfus.com\/#\/schema\/person\/eb6314936862b5f00f876026520b19ef\"},\"potentialAction\":[{\"@type\":\"SearchAction\",\"target\":{\"@type\":\"EntryPoint\",\"urlTemplate\":\"https:\/\/dicoaffairedreyfus.com\/?s={search_term_string}\"},\"query-input\":\"required name=search_term_string\"}],\"inLanguage\":\"fr-FR\"},{\"@type\":[\"Person\",\"Organization\"],\"@id\":\"https:\/\/dicoaffairedreyfus.com\/#\/schema\/person\/eb6314936862b5f00f876026520b19ef\",\"name\":\"ph.oriol\",\"image\":{\"@type\":\"ImageObject\",\"inLanguage\":\"fr-FR\",\"@id\":\"https:\/\/dicoaffairedreyfus.com\/#\/schema\/person\/image\/\",\"url\":\"https:\/\/secure.gravatar.com\/avatar\/90cd184f47237a6b9abd891ba824fbed?s=96&d=mm&r=g\",\"contentUrl\":\"https:\/\/secure.gravatar.com\/avatar\/90cd184f47237a6b9abd891ba824fbed?s=96&d=mm&r=g\",\"caption\":\"ph.oriol\"},\"logo\":{\"@id\":\"https:\/\/dicoaffairedreyfus.com\/#\/schema\/person\/image\/\"},\"sameAs\":[\"http:\/\/affaire-dreyfus.com\/\"]}]}<\/script>\n<!-- \/ Yoast SEO plugin. -->","yoast_head_json":{"title":"Albert Bataille - Dictionnaire de l&#039;affaire Dreyfus","robots":{"index":"index","follow":"follow","max-snippet":"max-snippet:-1","max-image-preview":"max-image-preview:large","max-video-preview":"max-video-preview:-1"},"canonical":"https:\/\/dicoaffairedreyfus.com\/index.php\/2020\/05\/01\/albert-bataille\/","og_locale":"fr_FR","og_type":"article","og_title":"Albert Bataille - Dictionnaire de l&#039;affaire Dreyfus","og_description":"Bataille, Albert, Pierre, journaliste fran\u00e7ais, n\u00e9 \u00e0 Blois (Loir-et-Cher) le 10 mars 1856*, d\u00e9c\u00e9d\u00e9 \u00e0 Paris le 5 mars 1899.","og_url":"https:\/\/dicoaffairedreyfus.com\/index.php\/2020\/05\/01\/albert-bataille\/","og_site_name":"Dictionnaire de l&#039;affaire Dreyfus","article_published_time":"2020-05-01T11:39:19+00:00","article_modified_time":"2020-05-01T11:40:54+00:00","og_image":[{"url":"https:\/\/dicoaffairedreyfus.com\/wp-content\/uploads\/2020\/05\/Bataille.jpg"}],"author":"ph.oriol","twitter_card":"summary_large_image","twitter_misc":{"\u00c9crit par":"ph.oriol","Dur\u00e9e de lecture estim\u00e9e":"3 minutes"},"schema":{"@context":"https:\/\/schema.org","@graph":[{"@type":"Article","@id":"https:\/\/dicoaffairedreyfus.com\/index.php\/2020\/05\/01\/albert-bataille\/#article","isPartOf":{"@id":"https:\/\/dicoaffairedreyfus.com\/index.php\/2020\/05\/01\/albert-bataille\/"},"author":{"name":"ph.oriol","@id":"https:\/\/dicoaffairedreyfus.com\/#\/schema\/person\/eb6314936862b5f00f876026520b19ef"},"headline":"Albert Bataille","datePublished":"2020-05-01T11:39:19+00:00","dateModified":"2020-05-01T11:40:54+00:00","mainEntityOfPage":{"@id":"https:\/\/dicoaffairedreyfus.com\/index.php\/2020\/05\/01\/albert-bataille\/"},"wordCount":559,"commentCount":0,"publisher":{"@id":"https:\/\/dicoaffairedreyfus.com\/#\/schema\/person\/eb6314936862b5f00f876026520b19ef"},"keywords":["affaire Dreyfus","Dictionnaire de l&#039;affaire Dreyfus"],"articleSection":["Dreyfusard","Loir-et-Cher","Publiciste\/Journaliste"],"inLanguage":"fr-FR","potentialAction":[{"@type":"CommentAction","name":"Comment","target":["https:\/\/dicoaffairedreyfus.com\/index.php\/2020\/05\/01\/albert-bataille\/#respond"]}]},{"@type":"WebPage","@id":"https:\/\/dicoaffairedreyfus.com\/index.php\/2020\/05\/01\/albert-bataille\/","url":"https:\/\/dicoaffairedreyfus.com\/index.php\/2020\/05\/01\/albert-bataille\/","name":"Albert Bataille - Dictionnaire de l&#039;affaire Dreyfus","isPartOf":{"@id":"https:\/\/dicoaffairedreyfus.com\/#website"},"datePublished":"2020-05-01T11:39:19+00:00","dateModified":"2020-05-01T11:40:54+00:00","breadcrumb":{"@id":"https:\/\/dicoaffairedreyfus.com\/index.php\/2020\/05\/01\/albert-bataille\/#breadcrumb"},"inLanguage":"fr-FR","potentialAction":[{"@type":"ReadAction","target":["https:\/\/dicoaffairedreyfus.com\/index.php\/2020\/05\/01\/albert-bataille\/"]}]},{"@type":"BreadcrumbList","@id":"https:\/\/dicoaffairedreyfus.com\/index.php\/2020\/05\/01\/albert-bataille\/#breadcrumb","itemListElement":[{"@type":"ListItem","position":1,"name":"Accueil","item":"https:\/\/dicoaffairedreyfus.com\/"},{"@type":"ListItem","position":2,"name":"Albert Bataille"}]},{"@type":"WebSite","@id":"https:\/\/dicoaffairedreyfus.com\/#website","url":"https:\/\/dicoaffairedreyfus.com\/","name":"Dictionnaire de l&#039;affaire Dreyfus","description":"Tout sur l&#039;affaire Dreyfus","publisher":{"@id":"https:\/\/dicoaffairedreyfus.com\/#\/schema\/person\/eb6314936862b5f00f876026520b19ef"},"potentialAction":[{"@type":"SearchAction","target":{"@type":"EntryPoint","urlTemplate":"https:\/\/dicoaffairedreyfus.com\/?s={search_term_string}"},"query-input":"required name=search_term_string"}],"inLanguage":"fr-FR"},{"@type":["Person","Organization"],"@id":"https:\/\/dicoaffairedreyfus.com\/#\/schema\/person\/eb6314936862b5f00f876026520b19ef","name":"ph.oriol","image":{"@type":"ImageObject","inLanguage":"fr-FR","@id":"https:\/\/dicoaffairedreyfus.com\/#\/schema\/person\/image\/","url":"https:\/\/secure.gravatar.com\/avatar\/90cd184f47237a6b9abd891ba824fbed?s=96&d=mm&r=g","contentUrl":"https:\/\/secure.gravatar.com\/avatar\/90cd184f47237a6b9abd891ba824fbed?s=96&d=mm&r=g","caption":"ph.oriol"},"logo":{"@id":"https:\/\/dicoaffairedreyfus.com\/#\/schema\/person\/image\/"},"sameAs":["http:\/\/affaire-dreyfus.com\/"]}]}},"_links":{"self":[{"href":"https:\/\/dicoaffairedreyfus.com\/index.php\/wp-json\/wp\/v2\/posts\/5316","targetHints":{"allow":["GET"]}}],"collection":[{"href":"https:\/\/dicoaffairedreyfus.com\/index.php\/wp-json\/wp\/v2\/posts"}],"about":[{"href":"https:\/\/dicoaffairedreyfus.com\/index.php\/wp-json\/wp\/v2\/types\/post"}],"author":[{"embeddable":true,"href":"https:\/\/dicoaffairedreyfus.com\/index.php\/wp-json\/wp\/v2\/users\/1"}],"replies":[{"embeddable":true,"href":"https:\/\/dicoaffairedreyfus.com\/index.php\/wp-json\/wp\/v2\/comments?post=5316"}],"version-history":[{"count":5,"href":"https:\/\/dicoaffairedreyfus.com\/index.php\/wp-json\/wp\/v2\/posts\/5316\/revisions"}],"predecessor-version":[{"id":5328,"href":"https:\/\/dicoaffairedreyfus.com\/index.php\/wp-json\/wp\/v2\/posts\/5316\/revisions\/5328"}],"wp:attachment":[{"href":"https:\/\/dicoaffairedreyfus.com\/index.php\/wp-json\/wp\/v2\/media?parent=5316"}],"wp:term":[{"taxonomy":"category","embeddable":true,"href":"https:\/\/dicoaffairedreyfus.com\/index.php\/wp-json\/wp\/v2\/categories?post=5316"},{"taxonomy":"post_tag","embeddable":true,"href":"https:\/\/dicoaffairedreyfus.com\/index.php\/wp-json\/wp\/v2\/tags?post=5316"}],"curies":[{"name":"wp","href":"https:\/\/api.w.org\/{rel}","templated":true}]}}