{"id":5043,"date":"2020-04-18T23:36:12","date_gmt":"2020-04-18T21:36:12","guid":{"rendered":"https:\/\/dicoaffairedreyfus.com\/?p=5043"},"modified":"2020-04-18T23:36:40","modified_gmt":"2020-04-18T21:36:40","slug":"raymond-barthelemy","status":"publish","type":"post","link":"https:\/\/dicoaffairedreyfus.com\/index.php\/2020\/04\/18\/raymond-barthelemy\/","title":{"rendered":"Raymond Barth\u00e9lemy"},"content":{"rendered":"<p style=\"text-align: justify;\"><span style=\"font-size: 14pt;\">Barth\u00e9lemy, Raymond<\/span>, statuaire fran\u00e7ais, n\u00e9 \u00e0 Toulouse (Haute-Garonne) le 18 juillet 1833*, d\u00e9c\u00e9d\u00e9 \u00e0 Montrouge le 3 octobre 1902.<\/p>\r\n<p><!--more--><\/p>\r\n<p style=\"text-align: justify;\">\u00c9l\u00e8ve \u00e0 l&rsquo;\u00c9cole des Beaux-Arts, laur\u00e9at du prix de Rome, plusieurs fois m\u00e9daill\u00e9 au Salon, b\u00e9n\u00e9ficiaire de nombreuses commandes publiques adh\u00e9ra \u00e0 la <a href=\"https:\/\/dicoaffairedreyfus.com\/index.php\/2020\/01\/07\/ligue-de-la-patrie-francaise\/\" target=\"_blank\" rel=\"noopener noreferrer\">Ligue de la patrie fran\u00e7aise<\/a> (5<sup>e<\/sup> liste).<\/p>\r\n\r\n<p class=\"has-text-align-right\" style=\"font-size: 10px; text-align: right;\"><em>Philippe Oriol<\/em><\/p>","protected":false},"excerpt":{"rendered":"<p>Barth\u00e9lemy, Raymond, statuaire fran\u00e7ais, n\u00e9 \u00e0 Toulouse (Haute-Garonne) le 18 juillet 1833*, d\u00e9c\u00e9d\u00e9 \u00e0 Montrouge le 3 octobre 1902.<\/p>\n","protected":false},"author":1,"featured_media":0,"comment_status":"open","ping_status":"open","sticky":false,"template":"","format":"standard","meta":{"footnotes":""},"categories":[8,84,214,90],"tags":[87,86],"class_list":["post-5043","post","type-post","status-publish","format-standard","hentry","category-antidreyfusard","category-haute-garonne","category-ligue-de-la-patrie-francaise","category-sculpteur","tag-affaire-dreyfus","tag-dictionnaire-de-laffaire-dreyfus"],"yoast_head":"<!-- This site is optimized with the Yoast SEO plugin v21.1 - https:\/\/yoast.com\/wordpress\/plugins\/seo\/ -->\n<title>Raymond Barth\u00e9lemy - Dictionnaire de l&#039;affaire Dreyfus<\/title>\n<meta name=\"robots\" content=\"index, follow, max-snippet:-1, max-image-preview:large, max-video-preview:-1\" \/>\n<link rel=\"canonical\" href=\"https:\/\/dicoaffairedreyfus.com\/index.php\/2020\/04\/18\/raymond-barthelemy\/\" \/>\n<meta property=\"og:locale\" content=\"fr_FR\" \/>\n<meta property=\"og:type\" content=\"article\" \/>\n<meta property=\"og:title\" content=\"Raymond Barth\u00e9lemy - Dictionnaire de l&#039;affaire Dreyfus\" \/>\n<meta property=\"og:description\" content=\"Barth\u00e9lemy, Raymond, statuaire fran\u00e7ais, n\u00e9 \u00e0 Toulouse (Haute-Garonne) le 18 juillet 1833*, d\u00e9c\u00e9d\u00e9 \u00e0 Montrouge le 3 octobre 1902.\" \/>\n<meta property=\"og:url\" content=\"https:\/\/dicoaffairedreyfus.com\/index.php\/2020\/04\/18\/raymond-barthelemy\/\" \/>\n<meta property=\"og:site_name\" content=\"Dictionnaire de l&#039;affaire Dreyfus\" \/>\n<meta property=\"article:published_time\" content=\"2020-04-18T21:36:12+00:00\" \/>\n<meta property=\"article:modified_time\" content=\"2020-04-18T21:36:40+00:00\" \/>\n<meta name=\"author\" content=\"ph.oriol\" \/>\n<meta name=\"twitter:card\" content=\"summary_large_image\" \/>\n<meta name=\"twitter:label1\" content=\"\u00c9crit par\" \/>\n\t<meta name=\"twitter:data1\" content=\"ph.oriol\" \/>\n<script type=\"application\/ld+json\" class=\"yoast-schema-graph\">{\"@context\":\"https:\/\/schema.org\",\"@graph\":[{\"@type\":\"Article\",\"@id\":\"https:\/\/dicoaffairedreyfus.com\/index.php\/2020\/04\/18\/raymond-barthelemy\/#article\",\"isPartOf\":{\"@id\":\"https:\/\/dicoaffairedreyfus.com\/index.php\/2020\/04\/18\/raymond-barthelemy\/\"},\"author\":{\"name\":\"ph.oriol\",\"@id\":\"https:\/\/dicoaffairedreyfus.com\/#\/schema\/person\/eb6314936862b5f00f876026520b19ef\"},\"headline\":\"Raymond Barth\u00e9lemy\",\"datePublished\":\"2020-04-18T21:36:12+00:00\",\"dateModified\":\"2020-04-18T21:36:40+00:00\",\"mainEntityOfPage\":{\"@id\":\"https:\/\/dicoaffairedreyfus.com\/index.php\/2020\/04\/18\/raymond-barthelemy\/\"},\"wordCount\":58,\"commentCount\":0,\"publisher\":{\"@id\":\"https:\/\/dicoaffairedreyfus.com\/#\/schema\/person\/eb6314936862b5f00f876026520b19ef\"},\"keywords\":[\"affaire Dreyfus\",\"Dictionnaire de l&#039;affaire Dreyfus\"],\"articleSection\":[\"Antidreyfusard\",\"Haute-Garonne\",\"Ligue de la patrie fran\u00e7aise\",\"Sculpteur\/statuaire\"],\"inLanguage\":\"fr-FR\",\"potentialAction\":[{\"@type\":\"CommentAction\",\"name\":\"Comment\",\"target\":[\"https:\/\/dicoaffairedreyfus.com\/index.php\/2020\/04\/18\/raymond-barthelemy\/#respond\"]}]},{\"@type\":\"WebPage\",\"@id\":\"https:\/\/dicoaffairedreyfus.com\/index.php\/2020\/04\/18\/raymond-barthelemy\/\",\"url\":\"https:\/\/dicoaffairedreyfus.com\/index.php\/2020\/04\/18\/raymond-barthelemy\/\",\"name\":\"Raymond Barth\u00e9lemy - Dictionnaire de l&#039;affaire Dreyfus\",\"isPartOf\":{\"@id\":\"https:\/\/dicoaffairedreyfus.com\/#website\"},\"datePublished\":\"2020-04-18T21:36:12+00:00\",\"dateModified\":\"2020-04-18T21:36:40+00:00\",\"breadcrumb\":{\"@id\":\"https:\/\/dicoaffairedreyfus.com\/index.php\/2020\/04\/18\/raymond-barthelemy\/#breadcrumb\"},\"inLanguage\":\"fr-FR\",\"potentialAction\":[{\"@type\":\"ReadAction\",\"target\":[\"https:\/\/dicoaffairedreyfus.com\/index.php\/2020\/04\/18\/raymond-barthelemy\/\"]}]},{\"@type\":\"BreadcrumbList\",\"@id\":\"https:\/\/dicoaffairedreyfus.com\/index.php\/2020\/04\/18\/raymond-barthelemy\/#breadcrumb\",\"itemListElement\":[{\"@type\":\"ListItem\",\"position\":1,\"name\":\"Accueil\",\"item\":\"https:\/\/dicoaffairedreyfus.com\/\"},{\"@type\":\"ListItem\",\"position\":2,\"name\":\"Raymond Barth\u00e9lemy\"}]},{\"@type\":\"WebSite\",\"@id\":\"https:\/\/dicoaffairedreyfus.com\/#website\",\"url\":\"https:\/\/dicoaffairedreyfus.com\/\",\"name\":\"Dictionnaire de l&#039;affaire Dreyfus\",\"description\":\"Tout sur l&#039;affaire Dreyfus\",\"publisher\":{\"@id\":\"https:\/\/dicoaffairedreyfus.com\/#\/schema\/person\/eb6314936862b5f00f876026520b19ef\"},\"potentialAction\":[{\"@type\":\"SearchAction\",\"target\":{\"@type\":\"EntryPoint\",\"urlTemplate\":\"https:\/\/dicoaffairedreyfus.com\/?s={search_term_string}\"},\"query-input\":\"required name=search_term_string\"}],\"inLanguage\":\"fr-FR\"},{\"@type\":[\"Person\",\"Organization\"],\"@id\":\"https:\/\/dicoaffairedreyfus.com\/#\/schema\/person\/eb6314936862b5f00f876026520b19ef\",\"name\":\"ph.oriol\",\"image\":{\"@type\":\"ImageObject\",\"inLanguage\":\"fr-FR\",\"@id\":\"https:\/\/dicoaffairedreyfus.com\/#\/schema\/person\/image\/\",\"url\":\"https:\/\/secure.gravatar.com\/avatar\/90cd184f47237a6b9abd891ba824fbed?s=96&d=mm&r=g\",\"contentUrl\":\"https:\/\/secure.gravatar.com\/avatar\/90cd184f47237a6b9abd891ba824fbed?s=96&d=mm&r=g\",\"caption\":\"ph.oriol\"},\"logo\":{\"@id\":\"https:\/\/dicoaffairedreyfus.com\/#\/schema\/person\/image\/\"},\"sameAs\":[\"http:\/\/affaire-dreyfus.com\/\"]}]}<\/script>\n<!-- \/ Yoast SEO plugin. -->","yoast_head_json":{"title":"Raymond Barth\u00e9lemy - Dictionnaire de l&#039;affaire Dreyfus","robots":{"index":"index","follow":"follow","max-snippet":"max-snippet:-1","max-image-preview":"max-image-preview:large","max-video-preview":"max-video-preview:-1"},"canonical":"https:\/\/dicoaffairedreyfus.com\/index.php\/2020\/04\/18\/raymond-barthelemy\/","og_locale":"fr_FR","og_type":"article","og_title":"Raymond Barth\u00e9lemy - Dictionnaire de l&#039;affaire Dreyfus","og_description":"Barth\u00e9lemy, Raymond, statuaire fran\u00e7ais, n\u00e9 \u00e0 Toulouse (Haute-Garonne) le 18 juillet 1833*, d\u00e9c\u00e9d\u00e9 \u00e0 Montrouge le 3 octobre 1902.","og_url":"https:\/\/dicoaffairedreyfus.com\/index.php\/2020\/04\/18\/raymond-barthelemy\/","og_site_name":"Dictionnaire de l&#039;affaire Dreyfus","article_published_time":"2020-04-18T21:36:12+00:00","article_modified_time":"2020-04-18T21:36:40+00:00","author":"ph.oriol","twitter_card":"summary_large_image","twitter_misc":{"\u00c9crit par":"ph.oriol"},"schema":{"@context":"https:\/\/schema.org","@graph":[{"@type":"Article","@id":"https:\/\/dicoaffairedreyfus.com\/index.php\/2020\/04\/18\/raymond-barthelemy\/#article","isPartOf":{"@id":"https:\/\/dicoaffairedreyfus.com\/index.php\/2020\/04\/18\/raymond-barthelemy\/"},"author":{"name":"ph.oriol","@id":"https:\/\/dicoaffairedreyfus.com\/#\/schema\/person\/eb6314936862b5f00f876026520b19ef"},"headline":"Raymond Barth\u00e9lemy","datePublished":"2020-04-18T21:36:12+00:00","dateModified":"2020-04-18T21:36:40+00:00","mainEntityOfPage":{"@id":"https:\/\/dicoaffairedreyfus.com\/index.php\/2020\/04\/18\/raymond-barthelemy\/"},"wordCount":58,"commentCount":0,"publisher":{"@id":"https:\/\/dicoaffairedreyfus.com\/#\/schema\/person\/eb6314936862b5f00f876026520b19ef"},"keywords":["affaire Dreyfus","Dictionnaire de l&#039;affaire Dreyfus"],"articleSection":["Antidreyfusard","Haute-Garonne","Ligue de la patrie fran\u00e7aise","Sculpteur\/statuaire"],"inLanguage":"fr-FR","potentialAction":[{"@type":"CommentAction","name":"Comment","target":["https:\/\/dicoaffairedreyfus.com\/index.php\/2020\/04\/18\/raymond-barthelemy\/#respond"]}]},{"@type":"WebPage","@id":"https:\/\/dicoaffairedreyfus.com\/index.php\/2020\/04\/18\/raymond-barthelemy\/","url":"https:\/\/dicoaffairedreyfus.com\/index.php\/2020\/04\/18\/raymond-barthelemy\/","name":"Raymond Barth\u00e9lemy - Dictionnaire de l&#039;affaire Dreyfus","isPartOf":{"@id":"https:\/\/dicoaffairedreyfus.com\/#website"},"datePublished":"2020-04-18T21:36:12+00:00","dateModified":"2020-04-18T21:36:40+00:00","breadcrumb":{"@id":"https:\/\/dicoaffairedreyfus.com\/index.php\/2020\/04\/18\/raymond-barthelemy\/#breadcrumb"},"inLanguage":"fr-FR","potentialAction":[{"@type":"ReadAction","target":["https:\/\/dicoaffairedreyfus.com\/index.php\/2020\/04\/18\/raymond-barthelemy\/"]}]},{"@type":"BreadcrumbList","@id":"https:\/\/dicoaffairedreyfus.com\/index.php\/2020\/04\/18\/raymond-barthelemy\/#breadcrumb","itemListElement":[{"@type":"ListItem","position":1,"name":"Accueil","item":"https:\/\/dicoaffairedreyfus.com\/"},{"@type":"ListItem","position":2,"name":"Raymond Barth\u00e9lemy"}]},{"@type":"WebSite","@id":"https:\/\/dicoaffairedreyfus.com\/#website","url":"https:\/\/dicoaffairedreyfus.com\/","name":"Dictionnaire de l&#039;affaire Dreyfus","description":"Tout sur l&#039;affaire Dreyfus","publisher":{"@id":"https:\/\/dicoaffairedreyfus.com\/#\/schema\/person\/eb6314936862b5f00f876026520b19ef"},"potentialAction":[{"@type":"SearchAction","target":{"@type":"EntryPoint","urlTemplate":"https:\/\/dicoaffairedreyfus.com\/?s={search_term_string}"},"query-input":"required name=search_term_string"}],"inLanguage":"fr-FR"},{"@type":["Person","Organization"],"@id":"https:\/\/dicoaffairedreyfus.com\/#\/schema\/person\/eb6314936862b5f00f876026520b19ef","name":"ph.oriol","image":{"@type":"ImageObject","inLanguage":"fr-FR","@id":"https:\/\/dicoaffairedreyfus.com\/#\/schema\/person\/image\/","url":"https:\/\/secure.gravatar.com\/avatar\/90cd184f47237a6b9abd891ba824fbed?s=96&d=mm&r=g","contentUrl":"https:\/\/secure.gravatar.com\/avatar\/90cd184f47237a6b9abd891ba824fbed?s=96&d=mm&r=g","caption":"ph.oriol"},"logo":{"@id":"https:\/\/dicoaffairedreyfus.com\/#\/schema\/person\/image\/"},"sameAs":["http:\/\/affaire-dreyfus.com\/"]}]}},"_links":{"self":[{"href":"https:\/\/dicoaffairedreyfus.com\/index.php\/wp-json\/wp\/v2\/posts\/5043","targetHints":{"allow":["GET"]}}],"collection":[{"href":"https:\/\/dicoaffairedreyfus.com\/index.php\/wp-json\/wp\/v2\/posts"}],"about":[{"href":"https:\/\/dicoaffairedreyfus.com\/index.php\/wp-json\/wp\/v2\/types\/post"}],"author":[{"embeddable":true,"href":"https:\/\/dicoaffairedreyfus.com\/index.php\/wp-json\/wp\/v2\/users\/1"}],"replies":[{"embeddable":true,"href":"https:\/\/dicoaffairedreyfus.com\/index.php\/wp-json\/wp\/v2\/comments?post=5043"}],"version-history":[{"count":4,"href":"https:\/\/dicoaffairedreyfus.com\/index.php\/wp-json\/wp\/v2\/posts\/5043\/revisions"}],"predecessor-version":[{"id":5047,"href":"https:\/\/dicoaffairedreyfus.com\/index.php\/wp-json\/wp\/v2\/posts\/5043\/revisions\/5047"}],"wp:attachment":[{"href":"https:\/\/dicoaffairedreyfus.com\/index.php\/wp-json\/wp\/v2\/media?parent=5043"}],"wp:term":[{"taxonomy":"category","embeddable":true,"href":"https:\/\/dicoaffairedreyfus.com\/index.php\/wp-json\/wp\/v2\/categories?post=5043"},{"taxonomy":"post_tag","embeddable":true,"href":"https:\/\/dicoaffairedreyfus.com\/index.php\/wp-json\/wp\/v2\/tags?post=5043"}],"curies":[{"name":"wp","href":"https:\/\/api.w.org\/{rel}","templated":true}]}}