{"id":5023,"date":"2020-04-18T22:50:44","date_gmt":"2020-04-18T20:50:44","guid":{"rendered":"https:\/\/dicoaffairedreyfus.com\/?p=5023"},"modified":"2022-02-02T00:56:14","modified_gmt":"2022-02-01T23:56:14","slug":"hippolyte-barthelemy","status":"publish","type":"post","link":"https:\/\/dicoaffairedreyfus.com\/index.php\/2020\/04\/18\/hippolyte-barthelemy\/","title":{"rendered":"Hippolyte Barth\u00e9lemy"},"content":{"rendered":"<p style=\"text-align: justify;\"><span style=\"font-size: 14pt;\">Barth\u00e9lemy<\/span>, Jean, <span style=\"font-size: 14pt;\">Hippolyte<\/span>, Oscar, journaliste fran\u00e7ais, n\u00e9 \u00e0 Alger le 30 juillet 1840, d\u00e9c\u00e9d\u00e9 le 20 novembre 1900.<\/p>\r\n<p><!--more--><\/p>\r\n<p style=\"text-align: justify;\">\u00c9l\u00e8ve au Prytan\u00e9e militaire de La Fl\u00e8che (1850-1858) puis \u00e0 Saint-Cyr, sous-lieutenant en 1860, il devint en 1869 professeur adjoint d&rsquo;art de d&rsquo;histoire militaires, d\u2019administration et de l\u00e9gislation de l&rsquo;arm\u00e9e \u00e0 Saint-Cyr. Il d\u00e9missionna en 1879 (avec le grade de capitaine) pour devenir r\u00e9dacteur militaire \u00e0\u00a0<em>La R\u00e9publique fran\u00e7aise<\/em> o\u00f9 il demeura jusqu&rsquo;en 1881. Il publia un certain nombre d&rsquo;ouvrages sur l&rsquo;arm\u00e9e et son histoire, quelques romans en feuilleton dans les journaux (<em>Les Robinsons d&rsquo;Alsace<\/em>,\u00a0<em>Paris<\/em>, 1881 puis <em>La Cocarde,<\/em> 1890), de quelques pi\u00e8ces de th\u00e9\u00e2tre <em>(Les Housards,<\/em> 1889) et collabora \u00e0 de nombreux autres journaux&nbsp;: le <em>Journal officiel<\/em>, <em>Le Petit Parisien<\/em>, au <em>Petit national, Le Voltaire,\u00a0<\/em><em>La Nouvelle Revue,\u00a0<\/em><em>L&rsquo;Arm\u00e9e fran\u00e7aise,\u00a0<\/em><em>La France militaire, L&rsquo;Instruction, <\/em>le <em>Journal des sciences militaires<\/em>, et surtout \u00e0 <em>Paris <\/em>(dont il fut \u00e0 la fondation et demeura jusqu&rsquo;en 1888), pour passer au<em>\u00a0XIX<\/em><em><sup>e<\/sup><\/em><em> si\u00e8cle<\/em> (1888-1890), puis \u00e0<em> La Cocarde<\/em> (1890-1892), \u00e0 <em>L&rsquo;Ev\u00e9nement <\/em>(1892-1893) et enfin au <em>Journal<\/em> o\u00f9 il entra en ao\u00fbt 1893 et finit sa carri\u00e8re. Consid\u00e9r\u00e9 comme la signature de r\u00e9f\u00e9rence sur les questions militaires et surtout apr\u00e8s la parution de <em>La Guerre (<\/em>Rouff, 1888-1890) qui eut un important retentissement, il \u00e9tait un proche du g\u00e9n\u00e9ral Boulanger dont il \u00e9crira, \u00e0 la demande de Rouff, <em>L&rsquo;Invasion allemande <\/em>(1888-1891) que Boulanger signera.<br \/>Titulaire des questions militaires au <a href=\"https:\/\/dicoaffairedreyfus.com\/index.php\/2020\/01\/08\/le-journal\/\" target=\"_blank\" rel=\"noopener noreferrer\"><em>Journal<\/em><\/a>, Barth\u00e9l\u00e9my, membre de la Ligue des patriotes depuis 1887, p\u00e8re de Jeanne, Marie, F\u00e9licit\u00e9, Louise qui avait \u00e9pous\u00e9 en 1889 <a href=\"https:\/\/dicoaffairedreyfus.com\/index.php\/2020\/04\/18\/gabriel-bertrand\/\" target=\"_blank\" rel=\"noopener noreferrer\">Gabriel Bertrand<\/a>, qui sera dreyfusard comme son fr\u00e8re <a href=\"https:\/\/dicoaffairedreyfus.com\/index.php\/2020\/02\/04\/pierre-bertrand\/\" target=\"_blank\" rel=\"noopener noreferrer\">Pierre<\/a>, fut bien s\u00fbr amen\u00e9 \u00e0 s\u2019occuper de l\u2019Affaire. De 1894 \u00e0 1899, il s\u2019attacha \u00e0 demeurer neutre et pouvait, en 1898, charg\u00e9 de donner ses impressions du <a href=\"https:\/\/dicoaffairedreyfus.com\/index.php\/2020\/01\/05\/proces-zola\/\" target=\"_blank\" rel=\"noopener noreferrer\">proc\u00e8s Zola<\/a>, se f\u00e9liciter de ne s\u2019\u00eatre \u00ab&nbsp;pas d\u00e9parti de [s]on impartialit\u00e9&nbsp;\u00bb et que, comme ses coll\u00e8gues du <em>Journal<\/em>, il n\u2019\u00e9tait que \u00ab\u00a0soucieux de la justice, de la v\u00e9rit\u00e9, de la lumi\u00e8re\u00a0\u00bb qui ne pourraient \u00eatre obtenue \u00ab\u00a0que par les formes l\u00e9gales, correctes, raisonnables\u00a0\u00bb (<a href=\"https:\/\/gallica.bnf.fr\/ark:\/12148\/bpt6k7618196v\/f1.item\" target=\"_blank\" rel=\"noopener noreferrer\">\u00ab\u00a0Le proc\u00e8s Zola\u00a0\u00bb, 20 f\u00e9vrier 1898<\/a>). D\u00e8s le d\u00e9but de l\u2019Affaire, en 1894, en r\u00e9ponse aux critiques de lecteurs qui s\u2019\u00e9tonnaient que <em>Le Journal<\/em> ne parl\u00e2t pas plus de l&rsquo;Affaire et ne les t\u00eent pas au courant des \u00ab&nbsp;bruits divers qui circul[ai]ent&nbsp;\u00bb, il r\u00e9pondit que, ne sachant rien, et puisque chaque nouvelle publi\u00e9e le matin \u00e9tait contredite le soir comme celle du soir l\u2019\u00e9tait le lendemain, il pr\u00e9f\u00e9rait se taire et attendre que ceux qui avaient la responsabilit\u00e9 de l\u2019affaire rompissent leur silence&nbsp;\u00bb (<a href=\"https:\/\/gallica.bnf.fr\/ark:\/12148\/bpt6k7623875t\/f2.item\" target=\"_blank\" rel=\"noopener noreferrer\">\u00ab\u00a0Le crime de trahison&nbsp;\u00bb,<em> Le Journal<\/em>, 12 novembre 1894<\/a>). C&rsquo;est peut-\u00eatre pour cela que son directeur, <a href=\"https:\/\/dicoaffairedreyfus.com\/index.php\/2020\/01\/10\/fernand-xau\/\" target=\"_blank\" rel=\"noopener noreferrer\">Xau<\/a>, lui demandant le 16 novembre d&rsquo;aller interviewer le<a href=\"https:\/\/dicoaffairedreyfus.com\/index.php\/2020\/01\/05\/general-auguste-mercier\/\" target=\"_blank\" rel=\"noopener noreferrer\"> g\u00e9n\u00e9ral Mercier, ministre de la Guerre<\/a>, l&rsquo;encourageait \u00e0 \u00eatre \u00ab&nbsp;raide&nbsp;\u00bb pour qu&rsquo;on ne \u00ab&nbsp;puisse dire que nous d\u00e9fendons le capitaine Dreyfus&nbsp;\u00bb (collection particuli\u00e8re). Il vit donc Mercier qui, \u00e0 un mois du proc\u00e8s qui devait condamner Dreyfus et donc en parfait m\u00e9pris du droit et de la justice, tout en soutenant paradoxalement qu\u2019il \u00ab&nbsp;avai[t] prescrit de conduire l\u2019enqu\u00eate pr\u00e9alable dans le plus grand myst\u00e8re, tant pour ne pas d\u00e9shonorer un officier qui \u00e9tait peut-\u00eatre innocent, que pour d\u00e9couvrir ses complices s\u2019il \u00e9tait coupable&nbsp;\u00bb, lui affirma qu\u2019il \u00ab&nbsp;[avait] donn\u00e9 l\u2019ordre de l\u2019arr\u00eater&nbsp;\u00bb d\u00e8s qu\u2019il \u00ab&nbsp;a[vait] eu la certitude que [l\u2019]officier [qui \u201cavait communiqu\u00e9 \u00e0 une puissance \u00e9trang\u00e8re des renseignements dont il avait pris connaissance en raison de ses fonctions \u00e0 l\u2019\u00e9tat-major de l\u2019arm\u00e9e\u201d] \u00e9tait le capitaine Dreyfus&nbsp;\u00bb. Car, ajoutait-il, \u00ab&nbsp;il \u00e9tait de mon devoir de m\u2019assurer de lui, d\u2019abord pour l\u2019emp\u00eacher de faire de nouvelles communications, ensuite pour \u00e9tablir sa culpabilit\u00e9 et rechercher si d\u2019autres actes de m\u00eame nature ne pouvaient lui \u00eatre imput\u00e9s, car nous \u00e9tions en droit de supposer, ou du moins de craindre, que celui dont nous \u00e9tions saisis ne f\u00fbt pas le seul&nbsp;\u00bb (<a href=\"https:\/\/gallica.bnf.fr\/ark:\/12148\/bpt6k76238804\/f2.item\" target=\"_blank\" rel=\"noopener noreferrer\">\u00ab&nbsp;Le crime de trahison. Chez le ministre de la Guerre&nbsp;\u00bb,<em> Le Journal<\/em>, 17 novembre 1894<\/a>. Repris en une version quelque peu diff\u00e9rente dans <a href=\"https:\/\/gallica.bnf.fr\/ark:\/12148\/bpt6k5560632.item\" target=\"_blank\" rel=\"noopener noreferrer\"><em>Le Matin<\/em> du m\u00eame jour<\/a>). Charg\u00e9 de suivre le <a href=\"https:\/\/dicoaffairedreyfus.com\/index.php\/2020\/01\/05\/proces-de-1894\/\" target=\"_blank\" rel=\"noopener noreferrer\">proc\u00e8s<\/a> \u00e0 travers une s\u00e9rie d\u2019\u00ab\u00a0Impressions&nbsp;\u00bb, il fit montre de la neutralit\u00e9 prudente que nous \u00e9voquions, refusant a priori et jusqu\u2019\u00e0 preuve du contraire de consid\u00e9rer Dreyfus comme coupable&nbsp;: \u00ab&nbsp;Le capitaine Dreyfus, que je sache du moins, n\u2019a pas avou\u00e9 sa culpabilit\u00e9 et il faut reconna\u00eetre que son attitude, \u00e0 l\u2019audience d\u2019hier, n\u2019est pas de nature \u00e0 laisser supposer qu\u2019il ait renonc\u00e9 \u00e0 ses protestations d\u2019innocence&nbsp;\u00bb (<a href=\"https:\/\/gallica.bnf.fr\/ark:\/12148\/bpt6k76239132.item\" target=\"_blank\" rel=\"noopener noreferrer\">20 d\u00e9cembre<\/a>).<br \/>\u00c0 la relance de l\u2019affaire, en novembre 1897, Barth\u00e9lemy fut charg\u00e9 de la \u00ab&nbsp;couvrir&nbsp;\u00bb demeurant toujours, et s\u2019en expliquant, dans la plus parfaite neutralit\u00e9 qui \u00e9tait celle de son journal&nbsp;: \u00ab\u00a0suivre et [\u2026] analyser avec mod\u00e9ration, sang-froid, bon sens, impartialit\u00e9 et droiture, les innombrables incidents provoqu\u00e9s par la d\u00e9nonciation dont M. <a href=\"https:\/\/dicoaffairedreyfus.com\/index.php\/2020\/01\/25\/mathieu-dreyfus\/\" target=\"_blank\" rel=\"noopener noreferrer\">Mathieu Dreyfus<\/a> a pris l\u2019initiative\u00a0\u00bb. Si <a href=\"https:\/\/dicoaffairedreyfus.com\/index.php\/2020\/01\/12\/lieutenant-colonel-ferdinand-mercier-du-paty-de-clam\/\" target=\"_blank\" rel=\"noopener noreferrer\">Du Paty<\/a>, qu&rsquo;il connaissait de longue date, refusa de lui donner les informations qu&rsquo;il demandait (collection particuli\u00e8re), si <a href=\"https:\/\/dicoaffairedreyfus.com\/index.php\/2020\/01\/06\/general-jean-baptiste-billot\/\" target=\"_blank\" rel=\"noopener noreferrer\">Billot<\/a> \u2013 semble-t-il \u2013 ne r\u00e9pondit pas \u00e0 sa demande d&rsquo;en savoir plus au sujet du <a href=\"https:\/\/dicoaffairedreyfus.com\/index.php\/2020\/02\/18\/dossier-secret\/\" target=\"_blank\" rel=\"noopener noreferrer\">dossier secret<\/a> et, apr\u00e8s les r\u00e9v\u00e9lations de <a href=\"https:\/\/dicoaffairedreyfus.com\/index.php\/2020\/02\/29\/lintransigeant\/\" target=\"_blank\" rel=\"noopener noreferrer\"><em>L&rsquo;Intransigeant<\/em><\/a>, au sujet des fantasmatiques <a href=\"https:\/\/dicoaffairedreyfus.com\/index.php\/2020\/01\/30\/bordereau-annote\/\" target=\"_blank\" rel=\"noopener noreferrer\">lettres de l&#8217;empereur d&rsquo;Allemagne<\/a> (lettre du 12 d\u00e9cembre 1897, AN BB<sup>19<\/sup> 108), <a href=\"https:\/\/dicoaffairedreyfus.com\/index.php\/2020\/01\/12\/georges-general-gabriel-de-pellieux\/\" target=\"_blank\" rel=\"noopener noreferrer\">Pellieux<\/a>, en revanche \u2013 et m\u00eame si Bath\u00e9lemy r\u00e9p\u00e9ta ne recevoir \u00ab&nbsp;aucune confidence&nbsp;\u00bb (<a href=\"https:\/\/gallica.bnf.fr\/ark:\/12148\/bpt6k7618150v\/f2.item\" target=\"_blank\" rel=\"noopener noreferrer\">\u00ab\u00a0L&rsquo;Affaire Dreyfus, <em>Le Journal<\/em>, 5 janvier 1898<\/a>&nbsp;; voir aussi le 20 f\u00e9vrier cit\u00e9 <em>infra<\/em>) \u2013, le tint inform\u00e9. Si, le 5 d\u00e9cembre, il pouvait lui dire que \u00ab&nbsp;[s]a bouche est close&nbsp;\u00bb mais qu&rsquo;il y avait \u00ab&nbsp;cependant dans ce que j&rsquo;ai remu\u00e9, des points d&rsquo;o\u00f9 devraient d\u00e9couler des renseignements pour l&rsquo;avenir, <em>\u00e0 notre point de vue sp\u00e9cial<\/em>&nbsp;\u00bb et que \u00ab&nbsp;les aveugles <em>de bonne foi<\/em> verront&nbsp;\u00bb (collection particuli\u00e8re), il lui fit tout de m\u00eame passer ce mot&nbsp;:\u00a0<\/p>\r\n<blockquote>\r\n<p style=\"text-align: justify;\">Tous les renseignements qu&rsquo;a eu M. <a href=\"https:\/\/dicoaffairedreyfus.com\/index.php\/2020\/01\/07\/auguste-scheurer-kestner\/\" target=\"_blank\" rel=\"noopener noreferrer\">Scheurer-Kestner<\/a> sur l&rsquo;affaire Esterhazy et l&rsquo;affaire Dreyfus, renseignements qu&rsquo;il a communiqu\u00e9s au G\u00e9n\u00e9ral Billot et \u00e0 M. <a href=\"https:\/\/dicoaffairedreyfus.com\/index.php\/2020\/02\/16\/jules-meline\/\" target=\"_blank\" rel=\"noopener noreferrer\">M\u00e9line<\/a> Pr\u00e9sident du Conseil, il les tenait de M. <a href=\"https:\/\/dicoaffairedreyfus.com\/index.php\/2020\/02\/07\/louis-leblois\/\" target=\"_blank\" rel=\"noopener noreferrer\">Leblois<\/a>. Tous les renseignements que M. Leblois a eus sur l&rsquo;affaire Esterhazy et l&rsquo;affaire Dreyfus, il les tenait de M. <a href=\"https:\/\/dicoaffairedreyfus.com\/index.php\/2020\/01\/05\/lieutenant-colonel-george-picquart\/\" target=\"_blank\" rel=\"noopener noreferrer\">Picquart<\/a>. (collection particuli\u00e8re).<\/p>\r\n<\/blockquote>\r\n<p style=\"text-align: justify;\">On ne retrouva pas ce propos particulier mais ses articles de janvier furent ceux d&rsquo;un homme qui servait clairement les int\u00e9r\u00eats de l&rsquo;accusation et de l&rsquo;\u00c9tat-major, et Pellieux l&rsquo;en remerciera d&rsquo;ailleurs le 18 janvier&nbsp;: \u00ab&nbsp;Je tiens [&#8230;] \u00e0 te remercier de ce que tu as fait et dit&nbsp;\u00bb (collection particuli\u00e8re). En effet, il pr\u00e9senta Esterhazy comme au supplice, malade, particuli\u00e8rement \u00e9prouv\u00e9 par \u00ab&nbsp;la lutte qu&rsquo;il a soutenue pour \u00e9tablir son innocence&nbsp;\u00bb et comme n&rsquo;\u00e9tant pas, comme l&rsquo;avaient montr\u00e9 l&rsquo;<a href=\"https:\/\/dicoaffairedreyfus.com\/index.php\/2020\/02\/20\/instruction-de-pellieux\/\" target=\"_blank\" rel=\"noopener noreferrer\">enqu\u00eate Pellieux<\/a> et l&rsquo;<a href=\"https:\/\/dicoaffairedreyfus.com\/index.php\/2020\/02\/29\/instruction-ravary\/\" target=\"_blank\" rel=\"noopener noreferrer\">instruction Ravary<\/a>, l&rsquo;auteur du <a href=\"https:\/\/dicoaffairedreyfus.com\/index.php\/2020\/01\/05\/le-bordereau\/\" target=\"_blank\" rel=\"noopener noreferrer\">bordereau<\/a> (<a href=\"https:\/\/gallica.bnf.fr\/ark:\/12148\/bpt6k7618146z\/f2.item\" target=\"_blank\" rel=\"noopener noreferrer\">\u00ab&nbsp;L&rsquo;Affaire Dreyfus, <em>Le Journal<\/em>, 1<sup>er<\/sup> janvier 1898)<\/a>&nbsp;; jugea incons\u00e9quente la mani\u00e8re de proc\u00e9der des d\u00e9fenseurs de Dreyfus (<a href=\"https:\/\/gallica.bnf.fr\/ark:\/12148\/bpt6k7618147c\/f2.item\" target=\"_blank\" rel=\"noopener noreferrer\">2 janvier<\/a>)&nbsp;; souligna leur plus que probable manque d&rsquo;honn\u00eatet\u00e9 (<a href=\"https:\/\/gallica.bnf.fr\/ark:\/12148\/bpt6k7618148s\/f2.item\" target=\"_blank\" rel=\"noopener noreferrer\">3 janvier<\/a>) et qualifia de \u00ab&nbsp;campagne abominable&nbsp;\u00bb la lutte qu&rsquo;ils avaient entreprise (<a href=\"https:\/\/gallica.bnf.fr\/ark:\/12148\/bpt6k76181496\/f2.item\" target=\"_blank\" rel=\"noopener noreferrer\">4 janvier<\/a>)&nbsp;; insista sur le fait que \u00ab&nbsp;la justice militaire recherche la lumi\u00e8re&nbsp;\u00bb (<a href=\"https:\/\/gallica.bnf.fr\/ark:\/12148\/bpt6k76181518\/f2.item\" target=\"_blank\" rel=\"noopener noreferrer\">6 janvier<\/a>) et que les enqu\u00eates de Pellieux et de Ravary, les expertises, les t\u00e9moignages confirmaient \u00ab&nbsp;la doctrine de la chose jug\u00e9e&nbsp;\u00bb (<a href=\"https:\/\/gallica.bnf.fr\/ark:\/12148\/bpt6k7618152p\/f2.item\" target=\"_blank\" rel=\"noopener noreferrer\">7 janvier<\/a>). Mais ce faisant, il soutenait, que le journal dans lequel il \u00e9crivait n&rsquo;\u00e9tait pas, comme l&rsquo;avait publi\u00e9 <a href=\"https:\/\/dicoaffairedreyfus.com\/index.php\/2020\/03\/14\/jacques-bahar\/\" target=\"_blank\" rel=\"noopener noreferrer\">Jacques Bahar<\/a>, \u00ab&nbsp;particuli\u00e8rement hostile \u00e0 Dreyfus&nbsp;\u00bb.&nbsp;:<\/p>\r\n<blockquote>\r\n<p style=\"text-align: justify;\">Nous croyons avoir fait preuve d&rsquo;assez d\u2019impartialit\u00e9 et de r\u00e9serve dans nos notes quotidiennes pour que l&rsquo;on ne puisse critiquer notre attitude, et nous estimons que respecter la chose jug\u00e9e, jusqu&rsquo;\u00e0 preuve \u00e9clatante d&rsquo;une erreur. (<a href=\"https:\/\/gallica.bnf.fr\/ark:\/12148\/bpt6k7618154h\/f2.item\" target=\"_blank\" rel=\"noopener noreferrer\">9 janvier<\/a>).<\/p>\r\n<\/blockquote>\r\n<p style=\"text-align: justify;\">De m\u00eame que lui n&rsquo;avait jamais pris comme \u00ab&nbsp;base de [s]on attitude [que] la doctrine de la chose jug\u00e9e&nbsp;\u00bb et qu&rsquo;il \u00ab&nbsp;y demeur[ait] in\u00e9branlablement attach\u00e9 tant que l&rsquo;erreur judiciaire n&rsquo;aura pas \u00e9t\u00e9 proclam\u00e9e&nbsp;\u00bb, doctrine qui de plus \u00ab&nbsp;s&rsquo;appuyait sur l&rsquo;affirmation solennelle, port\u00e9e \u00e0 la tribune du S\u00e9nat par le chef responsable de la justice militaire, <span style=\"font-size: 1rem;\">qu\u2019Alfred Dreyfus a \u00e9t\u00e9 \u201cl\u00e9galement, r\u00e9guli\u00e8rement et justement condamn\u00e9\u201d&nbsp;\u00bb <\/span>(<a href=\"https:\/\/gallica.bnf.fr\/ark:\/12148\/bpt6k7618155x\/f2.item\" target=\"_blank\" rel=\"noopener noreferrer\">10 janvier<\/a>). Apr\u00e8s la premi\u00e8re journ\u00e9e du <a href=\"https:\/\/dicoaffairedreyfus.com\/index.php\/2020\/01\/25\/proces-esterhazy\/\" target=\"_blank\" rel=\"noopener noreferrer\">proc\u00e8s Esterhazy<\/a>, il rendit hommage aux juges du conseil de guerre \u00ab&nbsp;de fi\u00e8re allure [qui] inspiraient [&#8230;] une si profonde confiance qu&rsquo;imm\u00e9diatement l&rsquo;auditoire a eu le sentiment qu&rsquo;il allait assister une grande le\u00e7on d&rsquo;honn\u00eatet\u00e9 civique&nbsp;\u00bb et, ne doutant pas de l\u2019issue, put se rassurer \u00e0 l\u2019id\u00e9e que la sentence \u00e0 venir ferait \u00ab&nbsp;enfin&nbsp;\u00bb comprendre aux \u00ab&nbsp;instigateurs de la r\u00e9habilitation d\u2019Alfred Dreyfus [\u2026] que la culpabilit\u00e9 du d\u00e9port\u00e9 de l\u2019\u00eele du Diable ne peut former l\u2019objet d\u2019une r\u00e9vision, car, ainsi que l\u2019a r\u00e9p\u00e9t\u00e9 le commissaire du gouvernement, il a \u00e9t\u00e9 r\u00e9guli\u00e8rement, l\u00e9gitimement et justement condamn\u00e9&nbsp;\u00bb (<a href=\"https:\/\/gallica.bnf.fr\/ark:\/12148\/bpt6k7618156b\/f1.item\" target=\"_blank\" rel=\"noopener noreferrer\">\u00ab&nbsp;Au conseil de guerre&nbsp;\u00bb, 11 janvier<\/a>). L\u2019acquittement d\u2019Esterhazy, \u00ab&nbsp;officier aussi abominablement incrimin\u00e9&nbsp;\u00bb, seconde condamnation de Dreyfus, qui justifiait la \u00ab&nbsp;doctrine de la chose jug\u00e9e&nbsp;\u00bb, marqua pour lui la fin de l\u2019affaire, la possibilit\u00e9 que le pays \u00ab&nbsp;reprenne maintenant sa vie normale&nbsp;\u00bb&nbsp;:<\/p>\r\n<blockquote>\r\n<p style=\"text-align: justify;\">Quelque mobile que les d\u00e9fenseurs des d\u00e9port\u00e9s de l\u2019\u00eele du Diable pr\u00eatent \u00e0 ceux de ses pairs qui l\u2019ont soup\u00e7onn\u00e9, puis accus\u00e9, enfin condamn\u00e9, personne n\u2019admettra que plus de soixante officiers appel\u00e9s \u00e0 conna\u00eetre de son crime aient consenti \u00e0 lui infliger et \u00e0 maintenir la peine qu\u2019il subit, s\u2019il ne leur avait \u00e9t\u00e9 d\u00e9montr\u00e9 qu\u2019il a vraiment commis ce crime&nbsp;\u00bb (<a href=\"https:\/\/gallica.bnf.fr\/ark:\/12148\/bpt6k7618157r\/f1.item\" target=\"_blank\" rel=\"noopener noreferrer\">\u00ab&nbsp;Acquittement du commandant Esterhazy&nbsp;\u00bb, 12 janvier<\/a>).<\/p>\r\n<\/blockquote>\r\n<p style=\"text-align: justify;\">Apr\u00e8s le <a href=\"https:\/\/dicoaffairedreyfus.com\/index.php\/2020\/01\/05\/jaccuse\/\" target=\"_blank\" rel=\"noopener noreferrer\">\u00ab&nbsp;J\u2019Accuse\u2026&nbsp;!&nbsp;\u00bb<\/a>, qui faisait s\u2019envoler ses espoirs de retour \u00e0 la tranquillit\u00e9 (\u00ab&nbsp;peut-\u00eatre, si cette effervescence ne s&rsquo;apaise pas, allons-nous assister \u00e0 des sc\u00e8nes \u00e9minemment regrettables&nbsp;\u00bb), il conserva ce calme et cette neutralit\u00e9 de ton et de propos qu\u2019il avait fix\u00e9s comme ligne de conduite (ni commentaire, ni approbation, ni d\u00e9sapprobation), notant toutefois \u00ab&nbsp;le nouvel et puissant argument en faveur de la chose jug\u00e9e&nbsp;\u00bb que constituaient les propos de <a href=\"https:\/\/dicoaffairedreyfus.com\/index.php\/2020\/01\/05\/godefroy-cavaignac\/\" target=\"_blank\" rel=\"noopener noreferrer\">Cavaignac<\/a>, homme \u00ab\u00a0tr\u00e8s droit et tr\u00e8s rigoriste&nbsp;\u00bb, ancien ministre de la Guerre et personnalit\u00e9 dont l\u2019honorabilit\u00e9 ne pouvait \u00eatre contest\u00e9e, au sujet des aveux de Dreyfus (<a href=\"https:\/\/gallica.bnf.fr\/ark:\/12148\/bpt6k76181607\/f1.item\" target=\"_blank\" rel=\"noopener noreferrer\">\u00ab&nbsp;L\u2019affaire Dreyfus\u00a0\u00bb, 15 janvier<\/a> voir aussi le <a href=\"https:\/\/gallica.bnf.fr\/ark:\/12148\/bpt6k7618159k.item\" target=\"_blank\" rel=\"noopener noreferrer\">num\u00e9ro de la veille<\/a> et ceux des <a href=\"https:\/\/gallica.bnf.fr\/ark:\/12148\/bpt6k7618164w.item\" target=\"_blank\" rel=\"noopener noreferrer\">19<\/a>,\u00a0<a href=\"https:\/\/gallica.bnf.fr\/ark:\/12148\/bpt6k76181674\/f2.item\" target=\"_blank\" rel=\"noopener noreferrer\">22 <\/a>et <a href=\"https:\/\/gallica.bnf.fr\/ark:\/12148\/bpt6k7618168j\/f2.item\" target=\"_blank\" rel=\"noopener noreferrer\">23 janvier<\/a>).\u00a0<br \/>Donnant tout au long du proc\u00e8s <a href=\"https:\/\/dicoaffairedreyfus.com\/index.php\/2020\/01\/05\/emile-zola\/\" target=\"_blank\" rel=\"noopener noreferrer\">Zola <\/a>ses commentaires, il demeura sur le m\u00eame registre, prudent mais pour l&rsquo;\u00c9tat-major et contre les partisans de Dreyfus. Il c\u00e9l\u00e9bra Mercier d&rsquo;avoir dit \u00ab\u00a0ce qu&rsquo;il devait dire&nbsp;\u00bb (<a href=\"https:\/\/gallica.bnf.fr\/ark:\/12148\/bpt6k7618186g\/f3.item\" target=\"_blank\" rel=\"noopener noreferrer\">10 f\u00e9vrier<\/a>) et son ami Pellieux, \u00ab&nbsp;homme de t\u00eate et de c\u0153ur&nbsp;\u00bb, cr\u00e2ne, \u00ab&nbsp;tr\u00e8s ma\u00eetre de lui&nbsp;\u00bb (<a href=\"https:\/\/gallica.bnf.fr\/ark:\/12148\/bpt6k7618187w\/f3.item\" target=\"_blank\" rel=\"noopener noreferrer\">11 f\u00e9vrier<\/a>), \u00ab&nbsp;dont l&rsquo;attitude si franche, dont la parole si claire, dont les affirmations si nettes produisent le plus grand effet&nbsp;\u00bb (<a href=\"https:\/\/gallica.bnf.fr\/ark:\/12148\/bpt6k76181889\/f3.item\" target=\"_blank\" rel=\"noopener noreferrer\">12 f\u00e9vrier<\/a>). Mais il se r\u00e9jouit surtout de son \u00ab&nbsp;Allons-y&nbsp;!&nbsp;\u00bb, r\u00e9v\u00e9lation de l\u2019existence et du contenu de la <a href=\"https:\/\/dicoaffairedreyfus.com\/index.php\/2020\/01\/12\/faux-henry\/\" target=\"_blank\" rel=\"noopener noreferrer\">\u00ab&nbsp;preuve&nbsp;\u00bb fabriqu\u00e9e par Henry<\/a>&nbsp;:<\/p>\r\n<blockquote>\r\n<p style=\"text-align: justify;\">La v\u00e9rit\u00e9 a \u00e9clat\u00e9, hier, comme une bombe en pleine audience.<br \/>M. le g\u00e9n\u00e9ral de Pellieux l\u2019a jet\u00e9e avec cette cr\u00e2nerie qui lui vaut la respectueuse sympathie de ses adversaires eux-m\u00eames.<br \/>Depuis trop longtemps l\u2019arm\u00e9e \u00e9tait muette&nbsp;; elle laissait s\u2019\u00e9couler le flot des accusations, persuad\u00e9e qu\u2019enfin un d\u00e9fenseur autoris\u00e9 la laverait de toutes les offenses.<br \/>Ce d\u00e9fenseur, elle l\u2019a trouv\u00e9 dans la personne de M. le g\u00e9n\u00e9ral de Pellieux qui s\u2019est bravement lanc\u00e9 en avant et a pris l\u2019offensive, avec t\u00e9m\u00e9rit\u00e9 peut-\u00eatre, mais aussi avec cette belle g\u00e9n\u00e9rosit\u00e9 que cr\u00e9e la fraternit\u00e9 d\u2019armes. Il n\u2019a pas voulu que ces camarades et lui fussent plus longtemps expos\u00e9s aux odieux soup\u00e7ons qui p\u00e8sent sur eux.<br \/>Il a parl\u00e9 et il a bien fait.<br \/>Il faut que la nation arm\u00e9e sache que ses chefs sont dignes de toute sa confiance&nbsp;\u00bb (<a href=\"https:\/\/gallica.bnf.fr\/ark:\/12148\/bpt6k76181941\/f3.item\" target=\"_blank\" rel=\"noopener noreferrer\">\u00ab&nbsp;Le proc\u00e8s Zola&nbsp;\u00bb, 18 f\u00e9vrier<\/a>).<\/p>\r\n<\/blockquote>\r\n<p style=\"text-align: justify;\">Et le lendemain, apr\u00e8s la confirmation par <a href=\"https:\/\/dicoaffairedreyfus.com\/index.php\/2020\/01\/12\/raoul-de-boisdeffre\/\" target=\"_blank\" rel=\"noopener noreferrer\">Boisdeffre<\/a> des d\u00e9clarations de Pellieux et sa sortie par laquelle il mettait son \u00e9p\u00e9e et celle de l&rsquo;\u00e9tat-major dans la balance, Barth\u00e9lemy justifia ce qui n&rsquo;\u00e9tait jamais qu&rsquo;un chantage pesant sur la d\u00e9cision \u00e0 venir du jury&nbsp;:<\/p>\r\n<blockquote>\r\n<p id=\"PAG_00000002_TB000240\" style=\"text-align: justify;\">Apr\u00e8s avoir confirm\u00e9 l&rsquo;exactitude de la d\u00e9claration faite avant-hier par M.- le g\u00e9n\u00e9ral de Pellieux, apr\u00e8s avoir insist\u00e9 sur l&rsquo;authenticit\u00e9 du document dont le commandant du d\u00e9partement de la Seine avait r\u00e9v\u00e9l\u00e9 l&rsquo;existence, M. le g\u00e9n\u00e9ral de Boisdeffre s&rsquo;est adress\u00e9 aux membres du jury.<br \/>En quelques mots dict\u00e9s par le plus noble sentiment il leur a d\u00e9clar\u00e9 que si, par le verdict qu&rsquo;ils sont appel\u00e9s \u00e0 prononcer, ils approuvent les attaques dont les chefs de l&rsquo;arm\u00e9e ont \u00e9t\u00e9 l&rsquo;objet dans le pamphlet \u00ab&nbsp;J&rsquo;accuse&nbsp;\u00bb, ces chefs se soumettront \u00e0 la sentence des repr\u00e9sentants de la nation et laisseront \u00e0 d&rsquo;autres la responsabilit\u00e9 de la d\u00e9fense nationale.<br \/>\u2013 M. le g\u00e9n\u00e9ral de Boisdeffre a pos\u00e9 la question de confiance et a pes\u00e9 de tout son poids sur la d\u00e9cision des jur\u00e9s, ont dit aussit\u00f4t les organes de la d\u00e9fense.<br \/>Produire et soutenir cette assertion, c&rsquo;est se m\u00e9prendre sur l&rsquo;attitude du chef de l&rsquo;\u00e9tat-major de l&rsquo;arm\u00e9e et sur le caract\u00e8re de sa d\u00e9claration.<br \/>Depuis l&rsquo;ouverture de ce lamentable proc\u00e8s, les g\u00e9n\u00e9raux et les officiers cit\u00e9s en t\u00e9moignage ont pu entendre maintes fois d&rsquo;autres t\u00e9moins mettre en doute leurs aptitudes professionnelles. L&rsquo;<a href=\"https:\/\/dicoaffairedreyfus.com\/index.php\/2020\/01\/07\/jean-jaures\/\" target=\"_blank\" rel=\"noopener noreferrer\">orateur du parti socialiste<\/a> n&rsquo;a pas h\u00e9sit\u00e9 \u00e0 terminer sa d\u00e9position, ou plus exactement son discours, par une affirmation formelle de leur incapacit\u00e9. De m\u00eame que M. \u00c9mile Zola, M. Jean Jaur\u00e8s a, en outre, agit\u00e9 devant l&rsquo;opinion publique le spectre de la dictature militaire. Voudrait-on, par hasard, que, se refusant \u00e0 accepter un verdict qui serait leur condamnation, les chefs de la. nation arm\u00e9e en vinssent \u00e0 entreprendre une tentative de domination par la force&nbsp;?<br \/>En annon\u00e7ant, au contraire, que ses pairs et lui \u00e9taient fermement r\u00e9solus \u00e0 se soumettre et \u00e0 se d\u00e9mettre, M. le g\u00e9n\u00e9ral de Boisdeffre n&rsquo;a-t-il pas prouv\u00e9 que, respectueux du jugement port\u00e9 sur leurs personnes et sur leurs travaux par les douze citoyens qui repr\u00e9sentent la conscience l\u00e9gale du pays, les chefs de l&rsquo;arm\u00e9e sauraient en subir les cons\u00e9quences sans protestation, si cette sentence comportait un bl\u00e2me.<br \/>Nous ne voyons pas que l&rsquo;on puisse lui reprocher un langage si digne et si patriotique.<br \/>Par sa correction m\u00eame, il est inattaquable, car il ne fait que r\u00e9pondre \u00e0 d&rsquo;autres pressions exerc\u00e9es par d&rsquo;autres t\u00e9moins sur l&rsquo;esprit des jur\u00e9s.<br \/>Par son opportunit\u00e9, il ram\u00e8ne enfin les d\u00e9bats \u00e0 l&rsquo;objet m\u00eame du proc\u00e8s que de multiples incidents ont fait perdre presque compl\u00e8tement de vue pendant les dix audiences pr\u00e9c\u00e9dentes.<br \/>Loin de reprocher au chef de l&rsquo;\u00e9tat-major de l&rsquo;arm\u00e9e cette d\u00e9f\u00e9rence, il convient de l&rsquo;en f\u00e9liciter, car ce qu&rsquo;il a dit exprime, en m\u00eame temps le respect de nos g\u00e9n\u00e9raux pour nos institutions politiques, leur adh\u00e9sion aux sentences de la justice civile, enfin la soumission compl\u00e8te et absolue du pouvoir militaire \u00e0 tous les autres pouvoirs, comme il convient dans un grand \u00c9tat d\u00e9mocratique.<br \/>Quelle serait, d&rsquo;ailleurs, l&rsquo;autorit\u00e9 des chefs de l&rsquo;arm\u00e9e, s&rsquo;ils pr\u00e9tendaient encore diriger la d\u00e9fense du pays apr\u00e8s que leurs compatriotes auraient condamn\u00e9 leurs actes&nbsp;?<br \/>La confiance, surtout dans une nation impressionnable comme la n\u00f4tre, est le premier \u00e9l\u00e9ment du succ\u00e8s. Il faut que les g\u00e9n\u00e9raux l&rsquo;imposent \u00e0 leurs soldats pour que ceux-ci les suivent, malgr\u00e9 les fatigues, malgr\u00e9 les privations, malgr\u00e9 les p\u00e9rils.<br \/>Sans la confiance du soldat, le chef perd tout ascendant sur la troupe qu&rsquo;il commande, c&rsquo;est la d\u00e9faite, la d\u00e9b\u00e2cle, le d\u00e9sastre, s&rsquo;il pr\u00e9tend la conduire au feu quand m\u00eame.<br \/>Or, le proc\u00e8s intent\u00e9 \u00e0 M. \u00c9mile Zola peut aboutir \u00e0 cette redoutable \u00e9ventualit\u00e9 d&rsquo;une condamnation de notre \u00e9tat-major par le verdict de la cour d&rsquo;assises, et c&rsquo;est pr\u00e9cis\u00e9ment parce que nous en pr\u00e9voyions le danger que nous \u00e9tions oppos\u00e9 au proc\u00e8s.<br \/>Mais aujourd&rsquo;hui il n&rsquo;y a plus qu&rsquo;\u00e0 bien d\u00e9finir la question, telle que les d\u00e9bats l&rsquo;ont pos\u00e9e devant le jury, et nous estimons que M. le g\u00e9n\u00e9ral de Boisdeffre a agi loyalement quand il en a pr\u00e9cis\u00e9 les termes. (<a href=\"https:\/\/gallica.bnf.fr\/ark:\/12148\/bpt6k7618195f\/f2.item\" target=\"_blank\" rel=\"noopener noreferrer\">\u00ab&nbsp;Le proc\u00e8s Zola. 19 f\u00e9vrier 1898<\/a>).<\/p>\r\n<\/blockquote>\r\n<p style=\"text-align: justify;\">Le lendemain, il salua ses lecteurs, estimant, sans qu&rsquo;il f\u00fbt besoin d&rsquo;attendre le verdict, que sa mission termin\u00e9e&#8230; Il y revenait encore une fois sur ce qu&rsquo;avait \u00e9t\u00e9 sa ligne de conduite et mentait une nouvelle fois relativement aux confidences qu&rsquo;il disait n&rsquo;avoir pas eue&nbsp;:<\/p>\r\n<blockquote>\r\n<p style=\"text-align: justify;\">Quel que soit le verdict de la cour d&rsquo;assises, il me semble que mon r\u00f4le de publiciste militaire dans l&rsquo;affaire Dreyfus-Esterhazy-Zola a pris fin avec l&rsquo;audience d&rsquo;hier.<br \/>Quand \u00e9clata la d\u00e9nonciation du fr\u00e8re du d\u00e9port\u00e9 de l&rsquo;\u00eele du Diable, le Journal voulut bien. me confier la lourde t\u00e2che d&rsquo;\u00e9clairer l&rsquo;opinion de ses lecteurs en prenant pour base unique de mon argumentation le respect absolu de la chose\u00a0l\u00e9galement jug\u00e9e jusqu&rsquo;au jour o\u00f9 il serait prouv\u00e9 que le conseil de guerre de 1894 aurait commis une erreur judiciaire ou une ill\u00e9galit\u00e9.<br \/>J&rsquo;ai suivi cette ligne de conduite sans d\u00e9vier, uniquement soutenu par ma conviction in\u00e9branlable que des officiers n&rsquo;avaient pu condamner un de leurs pairs pour le crime de trahison sans preuves irr\u00e9futables.\u00a0<br \/>Le hasard faisait que plusieurs de mes condisciples de La Fl\u00e8che et de Saint-Cyr, ainsi que plusieurs de mes anciens \u00e9l\u00e8ves de l&rsquo;Ecole militaire, \u00e9taient plus ou moins directement intervenus&rsquo;, en raison de leurs fonctions, soit dans les enqu\u00eates judiciaires, soit dans le jugement des proc\u00e8s Dreyfus et Esterhazy.<br \/>Le respect que j&rsquo;ai de leur discr\u00e9tion et de leur responsabilit\u00e9 m&rsquo;a interdit m\u00eame de les voir jusqu&rsquo;aux audiences de la cour d&rsquo;assises.<br \/>Pour soutenir ma th\u00e8se, je n&rsquo;ai donc eu ni confidences, ni documents&nbsp;; le bon sens a \u00e9t\u00e9 mon seul guide.<br \/>Tr\u00e8s r\u00e9solu \u00e0 accepter l&rsquo;erreur judiciaire ou l&rsquo;irr\u00e9gularit\u00e9 du jugement, si elles m&rsquo;\u00e9taient d\u00e9montr\u00e9es, j&rsquo;ai attendu, que la preuve en f\u00fbt manifeste.<br \/>Cette preuve n&rsquo;a pas \u00e9t\u00e9 produite.<br \/>La France l&rsquo;attend encore de ceux qui l&rsquo;ont tant agit\u00e9e depuis de si longues semaines en lui annon\u00e7ant chaque jour qu&rsquo;ils allaient l&rsquo;administrer le lendemain.<br \/>Durant cette longue et p\u00e9nible campagne, je ne me suis pas d\u00e9parti de mon impartialit\u00e9, et j&rsquo;en ai pour t\u00e9moignage les innombrables lettres d&rsquo;approbation que m&rsquo;ont adress\u00e9es les lecteurs du Journal. Ils ont compris que nous sommes tous, ici, soucieux de la justice, de la v\u00e9rit\u00e9, de la lumi\u00e8re, mais que nous sommes fermement r\u00e9solus \u00e0 ne l&rsquo;obtenir que par les formes l\u00e9gales, correctes, raisonnables.<br \/>Avoir recueilli, dans une France aujourd&rsquo;hui si profond\u00e9ment divis\u00e9e par l&rsquo;objet m\u00eame du litige, ces marques d&rsquo;estime et de sympathie, est la meilleure r\u00e9compense du publiciste de bonne foi.<br \/>Je pouvais me tromper; mais nul ne doutait que le jour o\u00f9 il m&rsquo;e\u00fbt \u00e9t\u00e9 d\u00e9montr\u00e9 que j&rsquo;avais \u00e9t\u00e9 abus\u00e9, j&rsquo;en aurais fait l&rsquo;aveu loyal.<br \/>Cet aveu, je n&rsquo;aurai pas \u00e0 l&rsquo;exprimer, car les d\u00e9bats si d\u00e9velopp\u00e9s et si passionn\u00e9s de la cour d&rsquo;assises n&rsquo;ont entam\u00e9 ni le jugement de 1894, ni le jugement de 1898; ils restent debout, et ainsi se confirme la doctrine qui a inspir\u00e9 le Journal.<br \/>Je le remercie de m&rsquo;avoir remis le soin de la soutenir en son nom.<br \/>Ma mission est termin\u00e9e, et je rentre dans le rang avec la conscience du devoir accompli. (<a href=\"https:\/\/gallica.bnf.fr\/ark:\/12148\/bpt6k7618196v\/f2.item\" target=\"_blank\" rel=\"noopener noreferrer\">20 f\u00e9vrier 1898<\/a>).<\/p>\r\n<\/blockquote>\r\n<p style=\"text-align: justify;\">Barth\u00e9l\u00e9my ne sera plus gu\u00e8re sollicit\u00e9. En 1898, il publiera trois articles apr\u00e8s la cassation du proc\u00e8s Zola (<a href=\"https:\/\/gallica.bnf.fr\/ark:\/12148\/bpt6k76182432\/f1.item\" target=\"_blank\" rel=\"noopener noreferrer\">\u00ab&nbsp;Le 1<sup>er<\/sup> conseil de guerre&nbsp;\u00bb<\/a>, <a href=\"https:\/\/gallica.bnf.fr\/ark:\/12148\/bpt6k7618244g\/f2.item\" target=\"_blank\" rel=\"noopener noreferrer\">\u00ab&nbsp;Nouveau proc\u00e8s Zola&nbsp;\u00bb<\/a> et <a href=\"https:\/\/gallica.bnf.fr\/ark:\/12148\/bpt6k7618245w\/f2.item\" target=\"_blank\" rel=\"noopener noreferrer\">\u00ab&nbsp;Le nouveau proc\u00e8s Zola&nbsp;\u00bb,<\/a> 8, 9 et 10 avril) et, en, 1899, une importante interview de <a href=\"https:\/\/dicoaffairedreyfus.com\/index.php\/2020\/01\/07\/general-gaston-de-galliffet\/\" target=\"_blank\" rel=\"noopener noreferrer\">Galliffet<\/a> dans laquelle le nouveau ministre donnait sa \u00ab&nbsp;parole d\u2019honneur&nbsp;\u00bb, au nom du cabinet dont il \u00e9tait membre, qu\u2019aucun d\u2019eux \u00ab&nbsp;ne songe[ait] \u00e0 influencer les juges du <a href=\"https:\/\/dicoaffairedreyfus.com\/index.php\/2020\/01\/05\/proces-de-rennes\/\" target=\"_blank\" rel=\"noopener noreferrer\">conseil de guerre de Rennes<\/a>&nbsp;\u00bb (<a href=\"https:\/\/gallica.bnf.fr\/ark:\/12148\/bpt6k76192293\/f2.item\" target=\"_blank\" rel=\"noopener noreferrer\">\u00ab&nbsp;Chez M. le g\u00e9n\u00e9ral de Galliffet&nbsp;\u00bb, 25 juin 1899<\/a>). Il ne sera pas envoy\u00e9 \u00e0 Rennes et, apr\u00e8s un article sur la gr\u00e2ce de Dreyfus dans lequel il s\u2019inqui\u00e9tait de la volont\u00e9 des dreyfusards de ne pas en rester l\u00e0 quoi qu&rsquo;en p\u00fbt proclamer Galliffet en annon\u00e7ant la cl\u00f4ture de l&rsquo;Affaire et la suppression de toutes repr\u00e9sailles (<a href=\"https:\/\/gallica.bnf.fr\/ark:\/12148\/bpt6k7622626b\/f2.image\" target=\"_blank\" rel=\"noopener noreferrer\">\u00ab&nbsp;Nos informations&nbsp;\u00bb, 22 septembre<\/a>), n\u2019\u00e9crira plus \u00e0 notre connaissance sur l\u2019Affaire.<\/p>\r\n\r\n<p style=\"font-size: 12px; text-align: justify;\">Sources et bibliographie&nbsp;: <span style=\"letter-spacing: -0.133333px;\">on consultera son dossier militaire au SHD sous la cote&nbsp;: 5 Ye 30693.<\/span><\/p>\r\n\r\n<p class=\"has-text-align-right\" style=\"font-size: 10px; text-align: right;\"><em>Philippe Oriol<\/em><\/p>\r\n\r\n<p><img loading=\"lazy\" decoding=\"async\" class=\"aligncenter wp-image-5038 size-full\" src=\"https:\/\/dicoaffairedreyfus.com\/wp-content\/uploads\/2020\/04\/Barth\u00e9lemy1.jpg\" alt=\"\" width=\"1212\" height=\"2000\" srcset=\"https:\/\/dicoaffairedreyfus.com\/wp-content\/uploads\/2020\/04\/Barth\u00e9lemy1.jpg 1212w, https:\/\/dicoaffairedreyfus.com\/wp-content\/uploads\/2020\/04\/Barth\u00e9lemy1-182x300.jpg 182w, https:\/\/dicoaffairedreyfus.com\/wp-content\/uploads\/2020\/04\/Barth\u00e9lemy1-621x1024.jpg 621w, https:\/\/dicoaffairedreyfus.com\/wp-content\/uploads\/2020\/04\/Barth\u00e9lemy1-768x1267.jpg 768w, https:\/\/dicoaffairedreyfus.com\/wp-content\/uploads\/2020\/04\/Barth\u00e9lemy1-931x1536.jpg 931w, https:\/\/dicoaffairedreyfus.com\/wp-content\/uploads\/2020\/04\/Barth\u00e9lemy1-624x1030.jpg 624w\" sizes=\"auto, (max-width: 1212px) 100vw, 1212px\" \/><\/p>\r\n<p><img loading=\"lazy\" decoding=\"async\" class=\"aligncenter wp-image-5039 size-full\" src=\"https:\/\/dicoaffairedreyfus.com\/wp-content\/uploads\/2020\/04\/Barth\u00e9lemy2.jpg\" alt=\"\" width=\"1199\" height=\"2000\" srcset=\"https:\/\/dicoaffairedreyfus.com\/wp-content\/uploads\/2020\/04\/Barth\u00e9lemy2.jpg 1199w, https:\/\/dicoaffairedreyfus.com\/wp-content\/uploads\/2020\/04\/Barth\u00e9lemy2-180x300.jpg 180w, https:\/\/dicoaffairedreyfus.com\/wp-content\/uploads\/2020\/04\/Barth\u00e9lemy2-614x1024.jpg 614w, https:\/\/dicoaffairedreyfus.com\/wp-content\/uploads\/2020\/04\/Barth\u00e9lemy2-768x1281.jpg 768w, https:\/\/dicoaffairedreyfus.com\/wp-content\/uploads\/2020\/04\/Barth\u00e9lemy2-921x1536.jpg 921w, https:\/\/dicoaffairedreyfus.com\/wp-content\/uploads\/2020\/04\/Barth\u00e9lemy2-624x1041.jpg 624w\" sizes=\"auto, (max-width: 1199px) 100vw, 1199px\" \/><\/p>\r\n<p>&nbsp;<\/p>\r\n","protected":false},"excerpt":{"rendered":"<p>Barth\u00e9lemy, Jean, Hippolyte, Oscar, journaliste fran\u00e7ais, n\u00e9 \u00e0 Alger le 30 juillet 1840, d\u00e9c\u00e9d\u00e9 le 20 novembre 1900.<\/p>\n","protected":false},"author":1,"featured_media":0,"comment_status":"open","ping_status":"open","sticky":false,"template":"","format":"standard","meta":{"footnotes":""},"categories":[8,58,56],"tags":[87,86,288],"class_list":["post-5023","post","type-post","status-publish","format-standard","hentry","category-antidreyfusard","category-ecrivain","category-publiciste-journaliste","tag-affaire-dreyfus","tag-dictionnaire-de-laffaire-dreyfus","tag-hippolyte-barthelemy-et-laffaire-dreyfus"],"yoast_head":"<!-- This site is optimized with the Yoast SEO plugin v21.1 - https:\/\/yoast.com\/wordpress\/plugins\/seo\/ -->\n<title>Hippolyte Barth\u00e9lemy - Dictionnaire de l&#039;affaire Dreyfus<\/title>\n<meta name=\"robots\" content=\"index, follow, max-snippet:-1, max-image-preview:large, max-video-preview:-1\" \/>\n<link rel=\"canonical\" href=\"https:\/\/dicoaffairedreyfus.com\/index.php\/2020\/04\/18\/hippolyte-barthelemy\/\" \/>\n<meta property=\"og:locale\" content=\"fr_FR\" \/>\n<meta property=\"og:type\" content=\"article\" \/>\n<meta property=\"og:title\" content=\"Hippolyte Barth\u00e9lemy - Dictionnaire de l&#039;affaire Dreyfus\" \/>\n<meta property=\"og:description\" content=\"Barth\u00e9lemy, Jean, Hippolyte, Oscar, journaliste fran\u00e7ais, n\u00e9 \u00e0 Alger le 30 juillet 1840, d\u00e9c\u00e9d\u00e9 le 20 novembre 1900.\" \/>\n<meta property=\"og:url\" content=\"https:\/\/dicoaffairedreyfus.com\/index.php\/2020\/04\/18\/hippolyte-barthelemy\/\" \/>\n<meta property=\"og:site_name\" content=\"Dictionnaire de l&#039;affaire Dreyfus\" \/>\n<meta property=\"article:published_time\" content=\"2020-04-18T20:50:44+00:00\" \/>\n<meta property=\"article:modified_time\" content=\"2022-02-01T23:56:14+00:00\" \/>\n<meta name=\"author\" content=\"ph.oriol\" \/>\n<meta name=\"twitter:card\" content=\"summary_large_image\" \/>\n<meta name=\"twitter:label1\" content=\"\u00c9crit par\" \/>\n\t<meta name=\"twitter:data1\" content=\"ph.oriol\" \/>\n\t<meta name=\"twitter:label2\" content=\"Dur\u00e9e de lecture estim\u00e9e\" \/>\n\t<meta name=\"twitter:data2\" content=\"18 minutes\" \/>\n<script type=\"application\/ld+json\" class=\"yoast-schema-graph\">{\"@context\":\"https:\/\/schema.org\",\"@graph\":[{\"@type\":\"Article\",\"@id\":\"https:\/\/dicoaffairedreyfus.com\/index.php\/2020\/04\/18\/hippolyte-barthelemy\/#article\",\"isPartOf\":{\"@id\":\"https:\/\/dicoaffairedreyfus.com\/index.php\/2020\/04\/18\/hippolyte-barthelemy\/\"},\"author\":{\"name\":\"ph.oriol\",\"@id\":\"https:\/\/dicoaffairedreyfus.com\/#\/schema\/person\/eb6314936862b5f00f876026520b19ef\"},\"headline\":\"Hippolyte Barth\u00e9lemy\",\"datePublished\":\"2020-04-18T20:50:44+00:00\",\"dateModified\":\"2022-02-01T23:56:14+00:00\",\"mainEntityOfPage\":{\"@id\":\"https:\/\/dicoaffairedreyfus.com\/index.php\/2020\/04\/18\/hippolyte-barthelemy\/\"},\"wordCount\":3525,\"commentCount\":0,\"publisher\":{\"@id\":\"https:\/\/dicoaffairedreyfus.com\/#\/schema\/person\/eb6314936862b5f00f876026520b19ef\"},\"keywords\":[\"affaire Dreyfus\",\"Dictionnaire de l&#039;affaire Dreyfus\",\"Hippolyte Barth\u00e9lemy et l'affaire Dreyfus\"],\"articleSection\":[\"Antidreyfusard\",\"\u00c9crivain\",\"Publiciste\/Journaliste\"],\"inLanguage\":\"fr-FR\",\"potentialAction\":[{\"@type\":\"CommentAction\",\"name\":\"Comment\",\"target\":[\"https:\/\/dicoaffairedreyfus.com\/index.php\/2020\/04\/18\/hippolyte-barthelemy\/#respond\"]}]},{\"@type\":\"WebPage\",\"@id\":\"https:\/\/dicoaffairedreyfus.com\/index.php\/2020\/04\/18\/hippolyte-barthelemy\/\",\"url\":\"https:\/\/dicoaffairedreyfus.com\/index.php\/2020\/04\/18\/hippolyte-barthelemy\/\",\"name\":\"Hippolyte Barth\u00e9lemy - Dictionnaire de l&#039;affaire Dreyfus\",\"isPartOf\":{\"@id\":\"https:\/\/dicoaffairedreyfus.com\/#website\"},\"datePublished\":\"2020-04-18T20:50:44+00:00\",\"dateModified\":\"2022-02-01T23:56:14+00:00\",\"breadcrumb\":{\"@id\":\"https:\/\/dicoaffairedreyfus.com\/index.php\/2020\/04\/18\/hippolyte-barthelemy\/#breadcrumb\"},\"inLanguage\":\"fr-FR\",\"potentialAction\":[{\"@type\":\"ReadAction\",\"target\":[\"https:\/\/dicoaffairedreyfus.com\/index.php\/2020\/04\/18\/hippolyte-barthelemy\/\"]}]},{\"@type\":\"BreadcrumbList\",\"@id\":\"https:\/\/dicoaffairedreyfus.com\/index.php\/2020\/04\/18\/hippolyte-barthelemy\/#breadcrumb\",\"itemListElement\":[{\"@type\":\"ListItem\",\"position\":1,\"name\":\"Accueil\",\"item\":\"https:\/\/dicoaffairedreyfus.com\/\"},{\"@type\":\"ListItem\",\"position\":2,\"name\":\"Hippolyte Barth\u00e9lemy\"}]},{\"@type\":\"WebSite\",\"@id\":\"https:\/\/dicoaffairedreyfus.com\/#website\",\"url\":\"https:\/\/dicoaffairedreyfus.com\/\",\"name\":\"Dictionnaire de l&#039;affaire Dreyfus\",\"description\":\"Tout sur l&#039;affaire Dreyfus\",\"publisher\":{\"@id\":\"https:\/\/dicoaffairedreyfus.com\/#\/schema\/person\/eb6314936862b5f00f876026520b19ef\"},\"potentialAction\":[{\"@type\":\"SearchAction\",\"target\":{\"@type\":\"EntryPoint\",\"urlTemplate\":\"https:\/\/dicoaffairedreyfus.com\/?s={search_term_string}\"},\"query-input\":\"required name=search_term_string\"}],\"inLanguage\":\"fr-FR\"},{\"@type\":[\"Person\",\"Organization\"],\"@id\":\"https:\/\/dicoaffairedreyfus.com\/#\/schema\/person\/eb6314936862b5f00f876026520b19ef\",\"name\":\"ph.oriol\",\"image\":{\"@type\":\"ImageObject\",\"inLanguage\":\"fr-FR\",\"@id\":\"https:\/\/dicoaffairedreyfus.com\/#\/schema\/person\/image\/\",\"url\":\"https:\/\/secure.gravatar.com\/avatar\/90cd184f47237a6b9abd891ba824fbed?s=96&d=mm&r=g\",\"contentUrl\":\"https:\/\/secure.gravatar.com\/avatar\/90cd184f47237a6b9abd891ba824fbed?s=96&d=mm&r=g\",\"caption\":\"ph.oriol\"},\"logo\":{\"@id\":\"https:\/\/dicoaffairedreyfus.com\/#\/schema\/person\/image\/\"},\"sameAs\":[\"http:\/\/affaire-dreyfus.com\/\"]}]}<\/script>\n<!-- \/ Yoast SEO plugin. -->","yoast_head_json":{"title":"Hippolyte Barth\u00e9lemy - Dictionnaire de l&#039;affaire Dreyfus","robots":{"index":"index","follow":"follow","max-snippet":"max-snippet:-1","max-image-preview":"max-image-preview:large","max-video-preview":"max-video-preview:-1"},"canonical":"https:\/\/dicoaffairedreyfus.com\/index.php\/2020\/04\/18\/hippolyte-barthelemy\/","og_locale":"fr_FR","og_type":"article","og_title":"Hippolyte Barth\u00e9lemy - Dictionnaire de l&#039;affaire Dreyfus","og_description":"Barth\u00e9lemy, Jean, Hippolyte, Oscar, journaliste fran\u00e7ais, n\u00e9 \u00e0 Alger le 30 juillet 1840, d\u00e9c\u00e9d\u00e9 le 20 novembre 1900.","og_url":"https:\/\/dicoaffairedreyfus.com\/index.php\/2020\/04\/18\/hippolyte-barthelemy\/","og_site_name":"Dictionnaire de l&#039;affaire Dreyfus","article_published_time":"2020-04-18T20:50:44+00:00","article_modified_time":"2022-02-01T23:56:14+00:00","author":"ph.oriol","twitter_card":"summary_large_image","twitter_misc":{"\u00c9crit par":"ph.oriol","Dur\u00e9e de lecture estim\u00e9e":"18 minutes"},"schema":{"@context":"https:\/\/schema.org","@graph":[{"@type":"Article","@id":"https:\/\/dicoaffairedreyfus.com\/index.php\/2020\/04\/18\/hippolyte-barthelemy\/#article","isPartOf":{"@id":"https:\/\/dicoaffairedreyfus.com\/index.php\/2020\/04\/18\/hippolyte-barthelemy\/"},"author":{"name":"ph.oriol","@id":"https:\/\/dicoaffairedreyfus.com\/#\/schema\/person\/eb6314936862b5f00f876026520b19ef"},"headline":"Hippolyte Barth\u00e9lemy","datePublished":"2020-04-18T20:50:44+00:00","dateModified":"2022-02-01T23:56:14+00:00","mainEntityOfPage":{"@id":"https:\/\/dicoaffairedreyfus.com\/index.php\/2020\/04\/18\/hippolyte-barthelemy\/"},"wordCount":3525,"commentCount":0,"publisher":{"@id":"https:\/\/dicoaffairedreyfus.com\/#\/schema\/person\/eb6314936862b5f00f876026520b19ef"},"keywords":["affaire Dreyfus","Dictionnaire de l&#039;affaire Dreyfus","Hippolyte Barth\u00e9lemy et l'affaire Dreyfus"],"articleSection":["Antidreyfusard","\u00c9crivain","Publiciste\/Journaliste"],"inLanguage":"fr-FR","potentialAction":[{"@type":"CommentAction","name":"Comment","target":["https:\/\/dicoaffairedreyfus.com\/index.php\/2020\/04\/18\/hippolyte-barthelemy\/#respond"]}]},{"@type":"WebPage","@id":"https:\/\/dicoaffairedreyfus.com\/index.php\/2020\/04\/18\/hippolyte-barthelemy\/","url":"https:\/\/dicoaffairedreyfus.com\/index.php\/2020\/04\/18\/hippolyte-barthelemy\/","name":"Hippolyte Barth\u00e9lemy - Dictionnaire de l&#039;affaire Dreyfus","isPartOf":{"@id":"https:\/\/dicoaffairedreyfus.com\/#website"},"datePublished":"2020-04-18T20:50:44+00:00","dateModified":"2022-02-01T23:56:14+00:00","breadcrumb":{"@id":"https:\/\/dicoaffairedreyfus.com\/index.php\/2020\/04\/18\/hippolyte-barthelemy\/#breadcrumb"},"inLanguage":"fr-FR","potentialAction":[{"@type":"ReadAction","target":["https:\/\/dicoaffairedreyfus.com\/index.php\/2020\/04\/18\/hippolyte-barthelemy\/"]}]},{"@type":"BreadcrumbList","@id":"https:\/\/dicoaffairedreyfus.com\/index.php\/2020\/04\/18\/hippolyte-barthelemy\/#breadcrumb","itemListElement":[{"@type":"ListItem","position":1,"name":"Accueil","item":"https:\/\/dicoaffairedreyfus.com\/"},{"@type":"ListItem","position":2,"name":"Hippolyte Barth\u00e9lemy"}]},{"@type":"WebSite","@id":"https:\/\/dicoaffairedreyfus.com\/#website","url":"https:\/\/dicoaffairedreyfus.com\/","name":"Dictionnaire de l&#039;affaire Dreyfus","description":"Tout sur l&#039;affaire Dreyfus","publisher":{"@id":"https:\/\/dicoaffairedreyfus.com\/#\/schema\/person\/eb6314936862b5f00f876026520b19ef"},"potentialAction":[{"@type":"SearchAction","target":{"@type":"EntryPoint","urlTemplate":"https:\/\/dicoaffairedreyfus.com\/?s={search_term_string}"},"query-input":"required name=search_term_string"}],"inLanguage":"fr-FR"},{"@type":["Person","Organization"],"@id":"https:\/\/dicoaffairedreyfus.com\/#\/schema\/person\/eb6314936862b5f00f876026520b19ef","name":"ph.oriol","image":{"@type":"ImageObject","inLanguage":"fr-FR","@id":"https:\/\/dicoaffairedreyfus.com\/#\/schema\/person\/image\/","url":"https:\/\/secure.gravatar.com\/avatar\/90cd184f47237a6b9abd891ba824fbed?s=96&d=mm&r=g","contentUrl":"https:\/\/secure.gravatar.com\/avatar\/90cd184f47237a6b9abd891ba824fbed?s=96&d=mm&r=g","caption":"ph.oriol"},"logo":{"@id":"https:\/\/dicoaffairedreyfus.com\/#\/schema\/person\/image\/"},"sameAs":["http:\/\/affaire-dreyfus.com\/"]}]}},"_links":{"self":[{"href":"https:\/\/dicoaffairedreyfus.com\/index.php\/wp-json\/wp\/v2\/posts\/5023","targetHints":{"allow":["GET"]}}],"collection":[{"href":"https:\/\/dicoaffairedreyfus.com\/index.php\/wp-json\/wp\/v2\/posts"}],"about":[{"href":"https:\/\/dicoaffairedreyfus.com\/index.php\/wp-json\/wp\/v2\/types\/post"}],"author":[{"embeddable":true,"href":"https:\/\/dicoaffairedreyfus.com\/index.php\/wp-json\/wp\/v2\/users\/1"}],"replies":[{"embeddable":true,"href":"https:\/\/dicoaffairedreyfus.com\/index.php\/wp-json\/wp\/v2\/comments?post=5023"}],"version-history":[{"count":18,"href":"https:\/\/dicoaffairedreyfus.com\/index.php\/wp-json\/wp\/v2\/posts\/5023\/revisions"}],"predecessor-version":[{"id":7654,"href":"https:\/\/dicoaffairedreyfus.com\/index.php\/wp-json\/wp\/v2\/posts\/5023\/revisions\/7654"}],"wp:attachment":[{"href":"https:\/\/dicoaffairedreyfus.com\/index.php\/wp-json\/wp\/v2\/media?parent=5023"}],"wp:term":[{"taxonomy":"category","embeddable":true,"href":"https:\/\/dicoaffairedreyfus.com\/index.php\/wp-json\/wp\/v2\/categories?post=5023"},{"taxonomy":"post_tag","embeddable":true,"href":"https:\/\/dicoaffairedreyfus.com\/index.php\/wp-json\/wp\/v2\/tags?post=5023"}],"curies":[{"name":"wp","href":"https:\/\/api.w.org\/{rel}","templated":true}]}}