{"id":465,"date":"2020-01-09T12:16:51","date_gmt":"2020-01-09T11:16:51","guid":{"rendered":"http:\/\/dicoaffairedreyfus.com\/?p=465"},"modified":"2020-04-08T01:02:43","modified_gmt":"2020-04-07T23:02:43","slug":"adamovitch","status":"publish","type":"post","link":"https:\/\/dicoaffairedreyfus.com\/index.php\/2020\/01\/09\/adamovitch\/","title":{"rendered":"Adamovitch"},"content":{"rendered":"<p class=\"Usuel\" style=\"text-align: justify;\"><span style=\"font-size: 14pt;\">Adamovitch<\/span>, sujet serbe dont nous ignorons tout.<\/p>\r\n<p><!--more--><\/p>\r\n<p class=\"Usuel\" style=\"text-align: justify;\"><span style=\"letter-spacing: -.1pt;\"> Selon, <a href=\"https:\/\/dicoaffairedreyfus.com\/index.php\/2020\/01\/09\/cernuscki\/\" target=\"_blank\" rel=\"noopener noreferrer\">Cernuscki<\/a>, ainsi qu\u2019il le dit \u00e0 <a href=\"https:\/\/dicoaffairedreyfus.com\/index.php\/2020\/01\/05\/proces-de-rennes\/\" target=\"_blank\" rel=\"noopener noreferrer\">Rennes<\/a>, Adamovitch aurait re\u00e7u les confidences du conseiller aulique <a href=\"https:\/\/dicoaffairedreyfus.com\/index.php\/2020\/01\/09\/albert-mosetig\/\" target=\"_blank\" rel=\"noopener noreferrer\">Mosetig<\/a>, certifiant la culpabilit\u00e9 du capitaine et celle d\u2019autres \u00ab\u2008espions&nbsp;\u00bb&nbsp;: <a href=\"https:\/\/dicoaffairedreyfus.com\/index.php\/2020\/01\/09\/andre-cremieu-foa\/\" target=\"_blank\" rel=\"noopener noreferrer\">Cr\u00e9mieu-Foa<\/a>, <a href=\"https:\/\/dicoaffairedreyfus.com\/index.php\/2020\/01\/09\/francois-guenee\/\" target=\"_blank\" rel=\"noopener noreferrer\">Gu\u00e9n\u00e9e<\/a> et un certain <a href=\"https:\/\/dicoaffairedreyfus.com\/index.php\/2020\/01\/09\/hoffmann\/\" target=\"_blank\" rel=\"noopener noreferrer\">Hoffmann<\/a> (<i>Cassation <span style=\"text-transform: uppercase;\">ii. <\/span><\/i><span style=\"text-transform: uppercase;\">ii<\/span>, tome 3, pp.\u200881 et 93.\u2008Il le r\u00e9affirmera en 1904\u00a0: <i>ibid., <\/i>p.\u2008265). Mosetig, inform\u00e9 par <a href=\"https:\/\/dicoaffairedreyfus.com\/index.php\/2020\/01\/09\/berthold-frischauer\/\" target=\"_blank\" rel=\"noopener noreferrer\">Frischauer<\/a> \u00e0 la demande de <a href=\"https:\/\/dicoaffairedreyfus.com\/index.php\/2020\/01\/07\/joseph-reinach\/\" target=\"_blank\" rel=\"noopener noreferrer\">Joseph Reinach<\/a>, d\u00e9mentira la \u00ab<span style=\"font-size: 1rem;\">\u00a0<\/span>r\u00e9v\u00e9lation\u2008\u00bb dans la <i>Neue Freie Presse <\/i>du 5 octobre 1899 (repris dans <a href=\"https:\/\/gallica.bnf.fr\/ark:\/12148\/bpt6k7441274.item\" target=\"_blank\" rel=\"noopener noreferrer\"><i>Le Si\u00e8cle <\/i>du 7 octobre<\/a>) ce qu\u2019il r\u00e9p\u00e9tera, \u00e0 la requ\u00eate de <a href=\"https:\/\/dicoaffairedreyfus.com\/index.php\/2020\/01\/05\/alfred-dreyfus\/\" target=\"_blank\" rel=\"noopener noreferrer\">Dreyfus<\/a>, le 7 novembre 1899 (<i>Cassation <span style=\"text-transform: uppercase;\">ii. <\/span><\/i><span style=\"text-transform: uppercase;\">ii<\/span>, tome 3, p.\u200886). Il d\u00e9clarera formellement, \u00e0 cette occasion, ne pas se rappeler \u00ab&nbsp;avoir jamais parl\u00e9 \u00e0 un Serbe nomm\u00e9 Adamovitch&nbsp;\u00bb&nbsp;: \u00ab\u2008je suis certain de ne pas le conna\u00eetre&nbsp;\u00bb. Il le redira, \u00e0 l\u2019occasion de la <a href=\"https:\/\/dicoaffairedreyfus.com\/index.php\/2020\/01\/09\/seconde-revision\/\" target=\"_blank\" rel=\"noopener noreferrer\">seconde r\u00e9vision<\/a>, en mars 1904 (<i>Cassation <span style=\"text-transform: uppercase;\">ii. <\/span><\/i><span style=\"text-transform: uppercase;\">ii<\/span>, tome 3, p.\u2008186).<\/span><br \/><span style=\"letter-spacing: -.1pt;\">Lors de la seconde r\u00e9vision, il fut mis en cause avec <a href=\"https:\/\/dicoaffairedreyfus.com\/index.php\/2020\/01\/09\/przyborowski\/\" target=\"_blank\" rel=\"noopener noreferrer\">Przyborowski<\/a> par <a href=\"https:\/\/dicoaffairedreyfus.com\/index.php\/2020\/01\/09\/mathilde-baumler\/\" target=\"_blank\" rel=\"noopener noreferrer\">Mathilde Ba\u00fcmler<\/a> qui raconta que tous deux avaient pr\u00e9par\u00e9 le faux-t\u00e9moignage Cernuscki, petite affaire faite avec le <a href=\"https:\/\/dicoaffairedreyfus.com\/index.php\/2020\/01\/05\/auguste-mercier\/\" target=\"_blank\" rel=\"noopener noreferrer\">g\u00e9n\u00e9ral Mercie<\/a>r pour 30\u2008000\u2008francs (<i>Cassation <span style=\"text-transform: uppercase;\">ii. <\/span><\/i><span style=\"text-transform: uppercase;\">ii,<\/span> tome 3, p.\u2008128).\u2008Pzryborowski nia.<\/span><\/p>\r\n\r\n<p class=\"has-text-align-right\" style=\"font-size: 10px; text-align: right;\"><em>Philippe Oriol<\/em><\/p>\r\n","protected":false},"excerpt":{"rendered":"<p>Adamovitch, sujet serbe dont nous ignorons tout.<\/p>\n","protected":false},"author":1,"featured_media":0,"comment_status":"open","ping_status":"open","sticky":false,"template":"","format":"standard","meta":{"footnotes":""},"categories":[105],"tags":[87,86],"class_list":["post-465","post","type-post","status-publish","format-standard","hentry","category-espion","tag-affaire-dreyfus","tag-dictionnaire-de-laffaire-dreyfus"],"yoast_head":"<!-- This site is optimized with the Yoast SEO plugin v21.1 - https:\/\/yoast.com\/wordpress\/plugins\/seo\/ -->\n<title>Adamovitch - Dictionnaire de l&#039;affaire Dreyfus<\/title>\n<meta name=\"robots\" content=\"index, follow, max-snippet:-1, max-image-preview:large, max-video-preview:-1\" \/>\n<link rel=\"canonical\" href=\"https:\/\/dicoaffairedreyfus.com\/index.php\/2020\/01\/09\/adamovitch\/\" \/>\n<meta property=\"og:locale\" content=\"fr_FR\" \/>\n<meta property=\"og:type\" content=\"article\" \/>\n<meta property=\"og:title\" content=\"Adamovitch - Dictionnaire de l&#039;affaire Dreyfus\" \/>\n<meta property=\"og:description\" content=\"Adamovitch, sujet serbe dont nous ignorons tout.\" \/>\n<meta property=\"og:url\" content=\"https:\/\/dicoaffairedreyfus.com\/index.php\/2020\/01\/09\/adamovitch\/\" \/>\n<meta property=\"og:site_name\" content=\"Dictionnaire de l&#039;affaire Dreyfus\" \/>\n<meta property=\"article:published_time\" content=\"2020-01-09T11:16:51+00:00\" \/>\n<meta property=\"article:modified_time\" content=\"2020-04-07T23:02:43+00:00\" \/>\n<meta name=\"author\" content=\"ph.oriol\" \/>\n<meta name=\"twitter:card\" content=\"summary_large_image\" \/>\n<meta name=\"twitter:label1\" content=\"\u00c9crit par\" \/>\n\t<meta name=\"twitter:data1\" content=\"ph.oriol\" \/>\n\t<meta name=\"twitter:label2\" content=\"Dur\u00e9e de lecture estim\u00e9e\" \/>\n\t<meta name=\"twitter:data2\" content=\"1 minute\" \/>\n<script type=\"application\/ld+json\" class=\"yoast-schema-graph\">{\"@context\":\"https:\/\/schema.org\",\"@graph\":[{\"@type\":\"Article\",\"@id\":\"https:\/\/dicoaffairedreyfus.com\/index.php\/2020\/01\/09\/adamovitch\/#article\",\"isPartOf\":{\"@id\":\"https:\/\/dicoaffairedreyfus.com\/index.php\/2020\/01\/09\/adamovitch\/\"},\"author\":{\"name\":\"ph.oriol\",\"@id\":\"https:\/\/dicoaffairedreyfus.com\/#\/schema\/person\/eb6314936862b5f00f876026520b19ef\"},\"headline\":\"Adamovitch\",\"datePublished\":\"2020-01-09T11:16:51+00:00\",\"dateModified\":\"2020-04-07T23:02:43+00:00\",\"mainEntityOfPage\":{\"@id\":\"https:\/\/dicoaffairedreyfus.com\/index.php\/2020\/01\/09\/adamovitch\/\"},\"wordCount\":197,\"commentCount\":0,\"publisher\":{\"@id\":\"https:\/\/dicoaffairedreyfus.com\/#\/schema\/person\/eb6314936862b5f00f876026520b19ef\"},\"keywords\":[\"affaire Dreyfus\",\"Dictionnaire de l&#039;affaire Dreyfus\"],\"articleSection\":[\"Espion\"],\"inLanguage\":\"fr-FR\",\"potentialAction\":[{\"@type\":\"CommentAction\",\"name\":\"Comment\",\"target\":[\"https:\/\/dicoaffairedreyfus.com\/index.php\/2020\/01\/09\/adamovitch\/#respond\"]}]},{\"@type\":\"WebPage\",\"@id\":\"https:\/\/dicoaffairedreyfus.com\/index.php\/2020\/01\/09\/adamovitch\/\",\"url\":\"https:\/\/dicoaffairedreyfus.com\/index.php\/2020\/01\/09\/adamovitch\/\",\"name\":\"Adamovitch - Dictionnaire de l&#039;affaire Dreyfus\",\"isPartOf\":{\"@id\":\"https:\/\/dicoaffairedreyfus.com\/#website\"},\"datePublished\":\"2020-01-09T11:16:51+00:00\",\"dateModified\":\"2020-04-07T23:02:43+00:00\",\"breadcrumb\":{\"@id\":\"https:\/\/dicoaffairedreyfus.com\/index.php\/2020\/01\/09\/adamovitch\/#breadcrumb\"},\"inLanguage\":\"fr-FR\",\"potentialAction\":[{\"@type\":\"ReadAction\",\"target\":[\"https:\/\/dicoaffairedreyfus.com\/index.php\/2020\/01\/09\/adamovitch\/\"]}]},{\"@type\":\"BreadcrumbList\",\"@id\":\"https:\/\/dicoaffairedreyfus.com\/index.php\/2020\/01\/09\/adamovitch\/#breadcrumb\",\"itemListElement\":[{\"@type\":\"ListItem\",\"position\":1,\"name\":\"Accueil\",\"item\":\"https:\/\/dicoaffairedreyfus.com\/\"},{\"@type\":\"ListItem\",\"position\":2,\"name\":\"Adamovitch\"}]},{\"@type\":\"WebSite\",\"@id\":\"https:\/\/dicoaffairedreyfus.com\/#website\",\"url\":\"https:\/\/dicoaffairedreyfus.com\/\",\"name\":\"Dictionnaire de l&#039;affaire Dreyfus\",\"description\":\"Tout sur l&#039;affaire Dreyfus\",\"publisher\":{\"@id\":\"https:\/\/dicoaffairedreyfus.com\/#\/schema\/person\/eb6314936862b5f00f876026520b19ef\"},\"potentialAction\":[{\"@type\":\"SearchAction\",\"target\":{\"@type\":\"EntryPoint\",\"urlTemplate\":\"https:\/\/dicoaffairedreyfus.com\/?s={search_term_string}\"},\"query-input\":\"required name=search_term_string\"}],\"inLanguage\":\"fr-FR\"},{\"@type\":[\"Person\",\"Organization\"],\"@id\":\"https:\/\/dicoaffairedreyfus.com\/#\/schema\/person\/eb6314936862b5f00f876026520b19ef\",\"name\":\"ph.oriol\",\"image\":{\"@type\":\"ImageObject\",\"inLanguage\":\"fr-FR\",\"@id\":\"https:\/\/dicoaffairedreyfus.com\/#\/schema\/person\/image\/\",\"url\":\"https:\/\/secure.gravatar.com\/avatar\/90cd184f47237a6b9abd891ba824fbed?s=96&d=mm&r=g\",\"contentUrl\":\"https:\/\/secure.gravatar.com\/avatar\/90cd184f47237a6b9abd891ba824fbed?s=96&d=mm&r=g\",\"caption\":\"ph.oriol\"},\"logo\":{\"@id\":\"https:\/\/dicoaffairedreyfus.com\/#\/schema\/person\/image\/\"},\"sameAs\":[\"http:\/\/affaire-dreyfus.com\/\"]}]}<\/script>\n<!-- \/ Yoast SEO plugin. -->","yoast_head_json":{"title":"Adamovitch - Dictionnaire de l&#039;affaire Dreyfus","robots":{"index":"index","follow":"follow","max-snippet":"max-snippet:-1","max-image-preview":"max-image-preview:large","max-video-preview":"max-video-preview:-1"},"canonical":"https:\/\/dicoaffairedreyfus.com\/index.php\/2020\/01\/09\/adamovitch\/","og_locale":"fr_FR","og_type":"article","og_title":"Adamovitch - Dictionnaire de l&#039;affaire Dreyfus","og_description":"Adamovitch, sujet serbe dont nous ignorons tout.","og_url":"https:\/\/dicoaffairedreyfus.com\/index.php\/2020\/01\/09\/adamovitch\/","og_site_name":"Dictionnaire de l&#039;affaire Dreyfus","article_published_time":"2020-01-09T11:16:51+00:00","article_modified_time":"2020-04-07T23:02:43+00:00","author":"ph.oriol","twitter_card":"summary_large_image","twitter_misc":{"\u00c9crit par":"ph.oriol","Dur\u00e9e de lecture estim\u00e9e":"1 minute"},"schema":{"@context":"https:\/\/schema.org","@graph":[{"@type":"Article","@id":"https:\/\/dicoaffairedreyfus.com\/index.php\/2020\/01\/09\/adamovitch\/#article","isPartOf":{"@id":"https:\/\/dicoaffairedreyfus.com\/index.php\/2020\/01\/09\/adamovitch\/"},"author":{"name":"ph.oriol","@id":"https:\/\/dicoaffairedreyfus.com\/#\/schema\/person\/eb6314936862b5f00f876026520b19ef"},"headline":"Adamovitch","datePublished":"2020-01-09T11:16:51+00:00","dateModified":"2020-04-07T23:02:43+00:00","mainEntityOfPage":{"@id":"https:\/\/dicoaffairedreyfus.com\/index.php\/2020\/01\/09\/adamovitch\/"},"wordCount":197,"commentCount":0,"publisher":{"@id":"https:\/\/dicoaffairedreyfus.com\/#\/schema\/person\/eb6314936862b5f00f876026520b19ef"},"keywords":["affaire Dreyfus","Dictionnaire de l&#039;affaire Dreyfus"],"articleSection":["Espion"],"inLanguage":"fr-FR","potentialAction":[{"@type":"CommentAction","name":"Comment","target":["https:\/\/dicoaffairedreyfus.com\/index.php\/2020\/01\/09\/adamovitch\/#respond"]}]},{"@type":"WebPage","@id":"https:\/\/dicoaffairedreyfus.com\/index.php\/2020\/01\/09\/adamovitch\/","url":"https:\/\/dicoaffairedreyfus.com\/index.php\/2020\/01\/09\/adamovitch\/","name":"Adamovitch - Dictionnaire de l&#039;affaire Dreyfus","isPartOf":{"@id":"https:\/\/dicoaffairedreyfus.com\/#website"},"datePublished":"2020-01-09T11:16:51+00:00","dateModified":"2020-04-07T23:02:43+00:00","breadcrumb":{"@id":"https:\/\/dicoaffairedreyfus.com\/index.php\/2020\/01\/09\/adamovitch\/#breadcrumb"},"inLanguage":"fr-FR","potentialAction":[{"@type":"ReadAction","target":["https:\/\/dicoaffairedreyfus.com\/index.php\/2020\/01\/09\/adamovitch\/"]}]},{"@type":"BreadcrumbList","@id":"https:\/\/dicoaffairedreyfus.com\/index.php\/2020\/01\/09\/adamovitch\/#breadcrumb","itemListElement":[{"@type":"ListItem","position":1,"name":"Accueil","item":"https:\/\/dicoaffairedreyfus.com\/"},{"@type":"ListItem","position":2,"name":"Adamovitch"}]},{"@type":"WebSite","@id":"https:\/\/dicoaffairedreyfus.com\/#website","url":"https:\/\/dicoaffairedreyfus.com\/","name":"Dictionnaire de l&#039;affaire Dreyfus","description":"Tout sur l&#039;affaire Dreyfus","publisher":{"@id":"https:\/\/dicoaffairedreyfus.com\/#\/schema\/person\/eb6314936862b5f00f876026520b19ef"},"potentialAction":[{"@type":"SearchAction","target":{"@type":"EntryPoint","urlTemplate":"https:\/\/dicoaffairedreyfus.com\/?s={search_term_string}"},"query-input":"required name=search_term_string"}],"inLanguage":"fr-FR"},{"@type":["Person","Organization"],"@id":"https:\/\/dicoaffairedreyfus.com\/#\/schema\/person\/eb6314936862b5f00f876026520b19ef","name":"ph.oriol","image":{"@type":"ImageObject","inLanguage":"fr-FR","@id":"https:\/\/dicoaffairedreyfus.com\/#\/schema\/person\/image\/","url":"https:\/\/secure.gravatar.com\/avatar\/90cd184f47237a6b9abd891ba824fbed?s=96&d=mm&r=g","contentUrl":"https:\/\/secure.gravatar.com\/avatar\/90cd184f47237a6b9abd891ba824fbed?s=96&d=mm&r=g","caption":"ph.oriol"},"logo":{"@id":"https:\/\/dicoaffairedreyfus.com\/#\/schema\/person\/image\/"},"sameAs":["http:\/\/affaire-dreyfus.com\/"]}]}},"_links":{"self":[{"href":"https:\/\/dicoaffairedreyfus.com\/index.php\/wp-json\/wp\/v2\/posts\/465","targetHints":{"allow":["GET"]}}],"collection":[{"href":"https:\/\/dicoaffairedreyfus.com\/index.php\/wp-json\/wp\/v2\/posts"}],"about":[{"href":"https:\/\/dicoaffairedreyfus.com\/index.php\/wp-json\/wp\/v2\/types\/post"}],"author":[{"embeddable":true,"href":"https:\/\/dicoaffairedreyfus.com\/index.php\/wp-json\/wp\/v2\/users\/1"}],"replies":[{"embeddable":true,"href":"https:\/\/dicoaffairedreyfus.com\/index.php\/wp-json\/wp\/v2\/comments?post=465"}],"version-history":[{"count":10,"href":"https:\/\/dicoaffairedreyfus.com\/index.php\/wp-json\/wp\/v2\/posts\/465\/revisions"}],"predecessor-version":[{"id":4503,"href":"https:\/\/dicoaffairedreyfus.com\/index.php\/wp-json\/wp\/v2\/posts\/465\/revisions\/4503"}],"wp:attachment":[{"href":"https:\/\/dicoaffairedreyfus.com\/index.php\/wp-json\/wp\/v2\/media?parent=465"}],"wp:term":[{"taxonomy":"category","embeddable":true,"href":"https:\/\/dicoaffairedreyfus.com\/index.php\/wp-json\/wp\/v2\/categories?post=465"},{"taxonomy":"post_tag","embeddable":true,"href":"https:\/\/dicoaffairedreyfus.com\/index.php\/wp-json\/wp\/v2\/tags?post=465"}],"curies":[{"name":"wp","href":"https:\/\/api.w.org\/{rel}","templated":true}]}}