{"id":4118,"date":"2020-03-29T18:45:38","date_gmt":"2020-03-29T16:45:38","guid":{"rendered":"https:\/\/dicoaffairedreyfus.com\/?p=4118"},"modified":"2020-03-29T19:20:23","modified_gmt":"2020-03-29T17:20:23","slug":"etienne-barbe","status":"publish","type":"post","link":"https:\/\/dicoaffairedreyfus.com\/index.php\/2020\/03\/29\/etienne-barbe\/","title":{"rendered":"\u00c9tienne Barbe"},"content":{"rendered":"<p style=\"text-align: justify;\"><span style=\"font-size: 14pt;\">Barbe, \u00c9tienne<\/span>, propri\u00e9taire et homme politique fran\u00e7ais, n\u00e9 \u00e0 Saint-Denis-de-Pile (Gironde) le 9 novembre 1826*, d\u00e9c\u00e9d\u00e9 en 1908<\/p>\r\n<p><!--more--><\/p>\r\n<p style=\"text-align: justify;\">Maire de sa ville natale de 1879 \u00e0 1900,\u00a0conseiller g\u00e9n\u00e9ral de la Gironde de 1889 \u00e0 1901, il proposa avec quelques autres,\u00a0en avril 1898 le v\u0153u suivant&nbsp;:<\/p>\r\n<blockquote>\r\n<p style=\"text-align: justify;\">\u00c9c\u0153ur\u00e9s des men\u00e9es odieuses de certains personnages d\u00e9sireux d\u2019amener la r\u00e9vision de la sentence qui a justement et l\u00e9galement frapp\u00e9 le tra\u00eetre Dreyfus&nbsp;;<br \/>Fl\u00e9trissant les calomnies et les injures prof\u00e9r\u00e9es contre notre arm\u00e9e nationale dans la personne de ses chefs les plus l\u00e9gitimement consid\u00e9r\u00e9es&nbsp;;<br \/>\u00c9mettent le v\u0153u que s\u2019associant \u00e0 leur indignation, le Conseil g\u00e9n\u00e9ral de la Gironde adresse \u00e0 M. le Ministre de la Guerre l\u2019expression de la confiance patriotique qu\u2019il a dans notre arm\u00e9e nationale&nbsp;\u00bb (<a href=\"https:\/\/gallica.bnf.fr\/ark:\/12148\/bpt6k57516703\/f707.image\" target=\"_blank\" rel=\"noopener noreferrer\">Conseil g\u00e9n\u00e9ral du d\u00e9partement de la Gironde, <em>Session d\u2019avril 1898. Rapports du pr\u00e9fet et de la commission d\u00e9partementale. Proc\u00e8s-verbaux et d\u00e9lib\u00e9rations<\/em>, Bordeaux, imprimeries centrales A. de Lanefnanque &amp; G. Delmas r\u00e9unies, 1898, p. 267-268<\/a>).<\/p>\r\n<\/blockquote>\r\n\r\n<p class=\"has-text-align-right\" style=\"font-size: 10px; text-align: right;\"><em>Philippe Oriol<\/em><\/p>","protected":false},"excerpt":{"rendered":"<p>Barbe, \u00c9tienne, propri\u00e9taire et homme politique fran\u00e7ais, n\u00e9 \u00e0 Saint-Denis-de-Pile (Gironde) le 9 novembre 1826*, d\u00e9c\u00e9d\u00e9 en 1908<\/p>\n","protected":false},"author":1,"featured_media":0,"comment_status":"open","ping_status":"open","sticky":false,"template":"","format":"standard","meta":{"footnotes":""},"categories":[8,43,263,41,47,186],"tags":[87,86],"class_list":["post-4118","post","type-post","status-publish","format-standard","hentry","category-antidreyfusard","category-conseiller-general","category-gironde","category-homme-politique","category-maire","category-proprietaire","tag-affaire-dreyfus","tag-dictionnaire-de-laffaire-dreyfus"],"yoast_head":"<!-- This site is optimized with the Yoast SEO plugin v21.1 - https:\/\/yoast.com\/wordpress\/plugins\/seo\/ -->\n<title>\u00c9tienne Barbe - Dictionnaire de l&#039;affaire Dreyfus<\/title>\n<meta name=\"robots\" content=\"index, follow, max-snippet:-1, max-image-preview:large, max-video-preview:-1\" \/>\n<link rel=\"canonical\" href=\"https:\/\/dicoaffairedreyfus.com\/index.php\/2020\/03\/29\/etienne-barbe\/\" \/>\n<meta property=\"og:locale\" content=\"fr_FR\" \/>\n<meta property=\"og:type\" content=\"article\" \/>\n<meta property=\"og:title\" content=\"\u00c9tienne Barbe - Dictionnaire de l&#039;affaire Dreyfus\" \/>\n<meta property=\"og:description\" content=\"Barbe, \u00c9tienne, propri\u00e9taire et homme politique fran\u00e7ais, n\u00e9 \u00e0 Saint-Denis-de-Pile (Gironde) le 9 novembre 1826*, d\u00e9c\u00e9d\u00e9 en 1908\" \/>\n<meta property=\"og:url\" content=\"https:\/\/dicoaffairedreyfus.com\/index.php\/2020\/03\/29\/etienne-barbe\/\" \/>\n<meta property=\"og:site_name\" content=\"Dictionnaire de l&#039;affaire Dreyfus\" \/>\n<meta property=\"article:published_time\" content=\"2020-03-29T16:45:38+00:00\" \/>\n<meta property=\"article:modified_time\" content=\"2020-03-29T17:20:23+00:00\" \/>\n<meta name=\"author\" content=\"ph.oriol\" \/>\n<meta name=\"twitter:card\" content=\"summary_large_image\" \/>\n<meta name=\"twitter:label1\" content=\"\u00c9crit par\" \/>\n\t<meta name=\"twitter:data1\" content=\"ph.oriol\" \/>\n\t<meta name=\"twitter:label2\" content=\"Dur\u00e9e de lecture estim\u00e9e\" \/>\n\t<meta name=\"twitter:data2\" content=\"1 minute\" \/>\n<script type=\"application\/ld+json\" class=\"yoast-schema-graph\">{\"@context\":\"https:\/\/schema.org\",\"@graph\":[{\"@type\":\"Article\",\"@id\":\"https:\/\/dicoaffairedreyfus.com\/index.php\/2020\/03\/29\/etienne-barbe\/#article\",\"isPartOf\":{\"@id\":\"https:\/\/dicoaffairedreyfus.com\/index.php\/2020\/03\/29\/etienne-barbe\/\"},\"author\":{\"name\":\"ph.oriol\",\"@id\":\"https:\/\/dicoaffairedreyfus.com\/#\/schema\/person\/eb6314936862b5f00f876026520b19ef\"},\"headline\":\"\u00c9tienne Barbe\",\"datePublished\":\"2020-03-29T16:45:38+00:00\",\"dateModified\":\"2020-03-29T17:20:23+00:00\",\"mainEntityOfPage\":{\"@id\":\"https:\/\/dicoaffairedreyfus.com\/index.php\/2020\/03\/29\/etienne-barbe\/\"},\"wordCount\":186,\"commentCount\":0,\"publisher\":{\"@id\":\"https:\/\/dicoaffairedreyfus.com\/#\/schema\/person\/eb6314936862b5f00f876026520b19ef\"},\"keywords\":[\"affaire Dreyfus\",\"Dictionnaire de l&#039;affaire Dreyfus\"],\"articleSection\":[\"Antidreyfusard\",\"Conseiller g\u00e9n\u00e9ral\",\"Gironde\",\"Homme politique\",\"Maire\",\"Propri\u00e9taire\"],\"inLanguage\":\"fr-FR\",\"potentialAction\":[{\"@type\":\"CommentAction\",\"name\":\"Comment\",\"target\":[\"https:\/\/dicoaffairedreyfus.com\/index.php\/2020\/03\/29\/etienne-barbe\/#respond\"]}]},{\"@type\":\"WebPage\",\"@id\":\"https:\/\/dicoaffairedreyfus.com\/index.php\/2020\/03\/29\/etienne-barbe\/\",\"url\":\"https:\/\/dicoaffairedreyfus.com\/index.php\/2020\/03\/29\/etienne-barbe\/\",\"name\":\"\u00c9tienne Barbe - Dictionnaire de l&#039;affaire Dreyfus\",\"isPartOf\":{\"@id\":\"https:\/\/dicoaffairedreyfus.com\/#website\"},\"datePublished\":\"2020-03-29T16:45:38+00:00\",\"dateModified\":\"2020-03-29T17:20:23+00:00\",\"breadcrumb\":{\"@id\":\"https:\/\/dicoaffairedreyfus.com\/index.php\/2020\/03\/29\/etienne-barbe\/#breadcrumb\"},\"inLanguage\":\"fr-FR\",\"potentialAction\":[{\"@type\":\"ReadAction\",\"target\":[\"https:\/\/dicoaffairedreyfus.com\/index.php\/2020\/03\/29\/etienne-barbe\/\"]}]},{\"@type\":\"BreadcrumbList\",\"@id\":\"https:\/\/dicoaffairedreyfus.com\/index.php\/2020\/03\/29\/etienne-barbe\/#breadcrumb\",\"itemListElement\":[{\"@type\":\"ListItem\",\"position\":1,\"name\":\"Accueil\",\"item\":\"https:\/\/dicoaffairedreyfus.com\/\"},{\"@type\":\"ListItem\",\"position\":2,\"name\":\"\u00c9tienne Barbe\"}]},{\"@type\":\"WebSite\",\"@id\":\"https:\/\/dicoaffairedreyfus.com\/#website\",\"url\":\"https:\/\/dicoaffairedreyfus.com\/\",\"name\":\"Dictionnaire de l&#039;affaire Dreyfus\",\"description\":\"Tout sur l&#039;affaire Dreyfus\",\"publisher\":{\"@id\":\"https:\/\/dicoaffairedreyfus.com\/#\/schema\/person\/eb6314936862b5f00f876026520b19ef\"},\"potentialAction\":[{\"@type\":\"SearchAction\",\"target\":{\"@type\":\"EntryPoint\",\"urlTemplate\":\"https:\/\/dicoaffairedreyfus.com\/?s={search_term_string}\"},\"query-input\":\"required name=search_term_string\"}],\"inLanguage\":\"fr-FR\"},{\"@type\":[\"Person\",\"Organization\"],\"@id\":\"https:\/\/dicoaffairedreyfus.com\/#\/schema\/person\/eb6314936862b5f00f876026520b19ef\",\"name\":\"ph.oriol\",\"image\":{\"@type\":\"ImageObject\",\"inLanguage\":\"fr-FR\",\"@id\":\"https:\/\/dicoaffairedreyfus.com\/#\/schema\/person\/image\/\",\"url\":\"https:\/\/secure.gravatar.com\/avatar\/90cd184f47237a6b9abd891ba824fbed?s=96&d=mm&r=g\",\"contentUrl\":\"https:\/\/secure.gravatar.com\/avatar\/90cd184f47237a6b9abd891ba824fbed?s=96&d=mm&r=g\",\"caption\":\"ph.oriol\"},\"logo\":{\"@id\":\"https:\/\/dicoaffairedreyfus.com\/#\/schema\/person\/image\/\"},\"sameAs\":[\"http:\/\/affaire-dreyfus.com\/\"]}]}<\/script>\n<!-- \/ Yoast SEO plugin. -->","yoast_head_json":{"title":"\u00c9tienne Barbe - Dictionnaire de l&#039;affaire Dreyfus","robots":{"index":"index","follow":"follow","max-snippet":"max-snippet:-1","max-image-preview":"max-image-preview:large","max-video-preview":"max-video-preview:-1"},"canonical":"https:\/\/dicoaffairedreyfus.com\/index.php\/2020\/03\/29\/etienne-barbe\/","og_locale":"fr_FR","og_type":"article","og_title":"\u00c9tienne Barbe - Dictionnaire de l&#039;affaire Dreyfus","og_description":"Barbe, \u00c9tienne, propri\u00e9taire et homme politique fran\u00e7ais, n\u00e9 \u00e0 Saint-Denis-de-Pile (Gironde) le 9 novembre 1826*, d\u00e9c\u00e9d\u00e9 en 1908","og_url":"https:\/\/dicoaffairedreyfus.com\/index.php\/2020\/03\/29\/etienne-barbe\/","og_site_name":"Dictionnaire de l&#039;affaire Dreyfus","article_published_time":"2020-03-29T16:45:38+00:00","article_modified_time":"2020-03-29T17:20:23+00:00","author":"ph.oriol","twitter_card":"summary_large_image","twitter_misc":{"\u00c9crit par":"ph.oriol","Dur\u00e9e de lecture estim\u00e9e":"1 minute"},"schema":{"@context":"https:\/\/schema.org","@graph":[{"@type":"Article","@id":"https:\/\/dicoaffairedreyfus.com\/index.php\/2020\/03\/29\/etienne-barbe\/#article","isPartOf":{"@id":"https:\/\/dicoaffairedreyfus.com\/index.php\/2020\/03\/29\/etienne-barbe\/"},"author":{"name":"ph.oriol","@id":"https:\/\/dicoaffairedreyfus.com\/#\/schema\/person\/eb6314936862b5f00f876026520b19ef"},"headline":"\u00c9tienne Barbe","datePublished":"2020-03-29T16:45:38+00:00","dateModified":"2020-03-29T17:20:23+00:00","mainEntityOfPage":{"@id":"https:\/\/dicoaffairedreyfus.com\/index.php\/2020\/03\/29\/etienne-barbe\/"},"wordCount":186,"commentCount":0,"publisher":{"@id":"https:\/\/dicoaffairedreyfus.com\/#\/schema\/person\/eb6314936862b5f00f876026520b19ef"},"keywords":["affaire Dreyfus","Dictionnaire de l&#039;affaire Dreyfus"],"articleSection":["Antidreyfusard","Conseiller g\u00e9n\u00e9ral","Gironde","Homme politique","Maire","Propri\u00e9taire"],"inLanguage":"fr-FR","potentialAction":[{"@type":"CommentAction","name":"Comment","target":["https:\/\/dicoaffairedreyfus.com\/index.php\/2020\/03\/29\/etienne-barbe\/#respond"]}]},{"@type":"WebPage","@id":"https:\/\/dicoaffairedreyfus.com\/index.php\/2020\/03\/29\/etienne-barbe\/","url":"https:\/\/dicoaffairedreyfus.com\/index.php\/2020\/03\/29\/etienne-barbe\/","name":"\u00c9tienne Barbe - Dictionnaire de l&#039;affaire Dreyfus","isPartOf":{"@id":"https:\/\/dicoaffairedreyfus.com\/#website"},"datePublished":"2020-03-29T16:45:38+00:00","dateModified":"2020-03-29T17:20:23+00:00","breadcrumb":{"@id":"https:\/\/dicoaffairedreyfus.com\/index.php\/2020\/03\/29\/etienne-barbe\/#breadcrumb"},"inLanguage":"fr-FR","potentialAction":[{"@type":"ReadAction","target":["https:\/\/dicoaffairedreyfus.com\/index.php\/2020\/03\/29\/etienne-barbe\/"]}]},{"@type":"BreadcrumbList","@id":"https:\/\/dicoaffairedreyfus.com\/index.php\/2020\/03\/29\/etienne-barbe\/#breadcrumb","itemListElement":[{"@type":"ListItem","position":1,"name":"Accueil","item":"https:\/\/dicoaffairedreyfus.com\/"},{"@type":"ListItem","position":2,"name":"\u00c9tienne Barbe"}]},{"@type":"WebSite","@id":"https:\/\/dicoaffairedreyfus.com\/#website","url":"https:\/\/dicoaffairedreyfus.com\/","name":"Dictionnaire de l&#039;affaire Dreyfus","description":"Tout sur l&#039;affaire Dreyfus","publisher":{"@id":"https:\/\/dicoaffairedreyfus.com\/#\/schema\/person\/eb6314936862b5f00f876026520b19ef"},"potentialAction":[{"@type":"SearchAction","target":{"@type":"EntryPoint","urlTemplate":"https:\/\/dicoaffairedreyfus.com\/?s={search_term_string}"},"query-input":"required name=search_term_string"}],"inLanguage":"fr-FR"},{"@type":["Person","Organization"],"@id":"https:\/\/dicoaffairedreyfus.com\/#\/schema\/person\/eb6314936862b5f00f876026520b19ef","name":"ph.oriol","image":{"@type":"ImageObject","inLanguage":"fr-FR","@id":"https:\/\/dicoaffairedreyfus.com\/#\/schema\/person\/image\/","url":"https:\/\/secure.gravatar.com\/avatar\/90cd184f47237a6b9abd891ba824fbed?s=96&d=mm&r=g","contentUrl":"https:\/\/secure.gravatar.com\/avatar\/90cd184f47237a6b9abd891ba824fbed?s=96&d=mm&r=g","caption":"ph.oriol"},"logo":{"@id":"https:\/\/dicoaffairedreyfus.com\/#\/schema\/person\/image\/"},"sameAs":["http:\/\/affaire-dreyfus.com\/"]}]}},"_links":{"self":[{"href":"https:\/\/dicoaffairedreyfus.com\/index.php\/wp-json\/wp\/v2\/posts\/4118","targetHints":{"allow":["GET"]}}],"collection":[{"href":"https:\/\/dicoaffairedreyfus.com\/index.php\/wp-json\/wp\/v2\/posts"}],"about":[{"href":"https:\/\/dicoaffairedreyfus.com\/index.php\/wp-json\/wp\/v2\/types\/post"}],"author":[{"embeddable":true,"href":"https:\/\/dicoaffairedreyfus.com\/index.php\/wp-json\/wp\/v2\/users\/1"}],"replies":[{"embeddable":true,"href":"https:\/\/dicoaffairedreyfus.com\/index.php\/wp-json\/wp\/v2\/comments?post=4118"}],"version-history":[{"count":7,"href":"https:\/\/dicoaffairedreyfus.com\/index.php\/wp-json\/wp\/v2\/posts\/4118\/revisions"}],"predecessor-version":[{"id":4135,"href":"https:\/\/dicoaffairedreyfus.com\/index.php\/wp-json\/wp\/v2\/posts\/4118\/revisions\/4135"}],"wp:attachment":[{"href":"https:\/\/dicoaffairedreyfus.com\/index.php\/wp-json\/wp\/v2\/media?parent=4118"}],"wp:term":[{"taxonomy":"category","embeddable":true,"href":"https:\/\/dicoaffairedreyfus.com\/index.php\/wp-json\/wp\/v2\/categories?post=4118"},{"taxonomy":"post_tag","embeddable":true,"href":"https:\/\/dicoaffairedreyfus.com\/index.php\/wp-json\/wp\/v2\/tags?post=4118"}],"curies":[{"name":"wp","href":"https:\/\/api.w.org\/{rel}","templated":true}]}}