{"id":3211,"date":"2020-03-05T13:04:37","date_gmt":"2020-03-05T12:04:37","guid":{"rendered":"https:\/\/dicoaffairedreyfus.com\/?p=3211"},"modified":"2022-01-29T14:55:27","modified_gmt":"2022-01-29T13:55:27","slug":"commandant-louis-dastorg","status":"publish","type":"post","link":"https:\/\/dicoaffairedreyfus.com\/index.php\/2020\/03\/05\/commandant-louis-dastorg\/","title":{"rendered":"Commandant Louis d&rsquo;Astorg"},"content":{"rendered":"<p style=\"text-align: justify;\"><span style=\"font-size: 14pt;\">Astorg, Louis<\/span>, Fran\u00e7ois, Charles <span style=\"font-size: 14pt;\">d&rsquo;<\/span>, militaire fran\u00e7ais, n\u00e9 \u00e0 Stuttgart le 18 ao\u00fbt 1854*, d\u00e9c\u00e9d\u00e9 \u00e0 Paris le 25 d\u00e9cembre 1937*.<\/p>\r\n<p><!--more--><\/p>\r\n<p style=\"text-align: justify;\">Polytechnicien (1873), \u00e9l\u00e8ve de l&rsquo;\u00c9cole d&rsquo;application de l&rsquo;artillerie et du G\u00e9nie (1875), \u00e9l\u00e8ve, \u00e0 l&rsquo;\u00c9cole de guerre (1883), brevet\u00e9 d&rsquo;\u00c9tat-major (1885), cet artilleur avait int\u00e9gr\u00e9 le 2<sup>e<\/sup> bureau de l&rsquo;\u00c9tat-major en 1892, dix ans apr\u00e8s l&rsquo;obtention de son grade de capitaine.<br \/>Promu chef d&rsquo;escadron en octobre 1894, il sera \u00e9voqu\u00e9 par <a href=\"https:\/\/dicoaffairedreyfus.com\/index.php\/2020\/01\/12\/lieutenant-colonel-ferdinand-mercier-du-paty-de-clam\/\" target=\"_blank\" rel=\"noopener noreferrer\">Du Paty<\/a> lors de son <a href=\"https:\/\/dicoaffairedreyfus.com\/index.php\/2020\/03\/05\/instruction-du-paty\/\" target=\"_blank\" rel=\"noopener noreferrer\">enqu\u00eate pr\u00e9liminaire<\/a>&nbsp;: Dreyfus avait-il parl\u00e9 avec le commandant d&rsquo;Astorg du manuel de tir&nbsp;? \u00ab&nbsp;Non. Jamais&nbsp;\u00bb avait r\u00e9pondu <a href=\"https:\/\/dicoaffairedreyfus.com\/index.php\/2020\/01\/05\/alfred-dreyfus\/\" target=\"_blank\" rel=\"noopener noreferrer\">Dreyfus<\/a> (Cassation II. II, tome 3, p. 612). Dans son rapport, d&rsquo;Ormescheville laissera pourtant planer le doute en \u00e9crivant\u00a0: \u00ab&nbsp;Quant au projet de manuel de tir de l&rsquo;artillerie de campagne du 14 mars 1894, le capitaine Dreyfus a reconnu, au cours de son premier interrogatoire, s&rsquo;en \u00eatre entretenu \u00e0 plusieurs reprises avec un officier sup\u00e9rieur du 2<sup>e<\/sup>\u00a0bureau de\u00a0l&rsquo;\u00c9tat-major de l&rsquo;arm\u00e9e&nbsp;\u00bb (<a href=\"https:\/\/dicoaffairedreyfus.com\/index.php\/2020\/02\/20\/instruction-dormescheville\/\" target=\"_blank\" rel=\"noopener noreferrer\">Cassation I. II, tome 2,p. 86<\/a>). Astorg&nbsp;? <a href=\"https:\/\/dicoaffairedreyfus.com\/index.php\/2020\/03\/05\/commandant-charles-jeannel\/\" target=\"_blank\" rel=\"noopener noreferrer\">Jeannel<\/a>, son coll\u00e8gue au m\u00eame 2<sup>e<\/sup> bureau&nbsp;? Pourtant, pour l&rsquo;un comme pour l&rsquo;autre, Dreyfus avait \u00e9t\u00e9 clair et, comme il le dira dans <a href=\"https:\/\/affaire-dreyfus.com\/documents\/dreyfus-face-a-laccusation-en-1894-complement\/\" target=\"_blank\" rel=\"noopener noreferrer\">ses notes<\/a> \u00e0 l&rsquo;attention de <a href=\"https:\/\/dicoaffairedreyfus.com\/index.php\/2020\/01\/10\/edgar-demange\/\" target=\"_blank\" rel=\"noopener noreferrer\">Demange<\/a>&nbsp;: \u00ab&nbsp;Projet de Manuel de tir. \u2013 Je n\u2019ai vu aucun officier sup\u00e9rieur, ainsi que le disait le rapport du rapporteur, venant t\u00e9moigner m\u2019avoir parl\u00e9 du Manuel de tir du 14 mars 1894 (ni le commandant Jeannel, ni le commandant d\u2019Astorg).&nbsp;\u00bb D&rsquo;Astorg, qui n&rsquo;appara\u00eetra pas autrement dans l&rsquo;Affaire, sera promu lieutenant-colonel en 1907 puis colonel en 1910.<\/p>\r\n<p style=\"font-size: 12px; text-align: justify;\">Sources et bibliographie&nbsp;: \u00c0 son sujet, on consultera son dossier militaire au SHD sous la cote&nbsp;: 5 Ye 126879 et son dossier de la L\u00e9gion d\u2019honneur sous la cote&nbsp;:<a href=\"http:\/\/www2.culture.gouv.fr\/LH\/LH006\/PG\/FRDAFAN83_OL0062003v001.htm\" target=\"_blank\" rel=\"noopener noreferrer\">LH\/62\/3<\/a>.<\/p>\r\n\r\n<p class=\"has-text-align-right\" style=\"font-size: 10px; text-align: right;\"><em>Philippe Oriol<\/em><\/p>\r\n","protected":false},"excerpt":{"rendered":"<p>Astorg, Louis, Fran\u00e7ois, Charles d&rsquo;, militaire fran\u00e7ais, n\u00e9 \u00e0 Stuttgart le 18 ao\u00fbt 1854*, d\u00e9c\u00e9d\u00e9 \u00e0 Paris le 25 d\u00e9cembre 1937*.<\/p>\n","protected":false},"author":1,"featured_media":0,"comment_status":"open","ping_status":"open","sticky":false,"template":"","format":"standard","meta":{"footnotes":""},"categories":[51],"tags":[87,86],"class_list":["post-3211","post","type-post","status-publish","format-standard","hentry","category-militaire","tag-affaire-dreyfus","tag-dictionnaire-de-laffaire-dreyfus"],"yoast_head":"<!-- This site is optimized with the Yoast SEO plugin v21.1 - https:\/\/yoast.com\/wordpress\/plugins\/seo\/ -->\n<title>Commandant Louis d&#039;Astorg - Dictionnaire de l&#039;affaire Dreyfus<\/title>\n<meta name=\"robots\" content=\"index, follow, max-snippet:-1, max-image-preview:large, max-video-preview:-1\" \/>\n<link rel=\"canonical\" href=\"https:\/\/dicoaffairedreyfus.com\/index.php\/2020\/03\/05\/commandant-louis-dastorg\/\" \/>\n<meta property=\"og:locale\" content=\"fr_FR\" \/>\n<meta property=\"og:type\" content=\"article\" \/>\n<meta property=\"og:title\" content=\"Commandant Louis d&#039;Astorg - Dictionnaire de l&#039;affaire Dreyfus\" \/>\n<meta property=\"og:description\" content=\"Astorg, Louis, Fran\u00e7ois, Charles d&rsquo;, militaire fran\u00e7ais, n\u00e9 \u00e0 Stuttgart le 18 ao\u00fbt 1854*, d\u00e9c\u00e9d\u00e9 \u00e0 Paris le 25 d\u00e9cembre 1937*.\" \/>\n<meta property=\"og:url\" content=\"https:\/\/dicoaffairedreyfus.com\/index.php\/2020\/03\/05\/commandant-louis-dastorg\/\" \/>\n<meta property=\"og:site_name\" content=\"Dictionnaire de l&#039;affaire Dreyfus\" \/>\n<meta property=\"article:published_time\" content=\"2020-03-05T12:04:37+00:00\" \/>\n<meta property=\"article:modified_time\" content=\"2022-01-29T13:55:27+00:00\" \/>\n<meta name=\"author\" content=\"ph.oriol\" \/>\n<meta name=\"twitter:card\" content=\"summary_large_image\" \/>\n<meta name=\"twitter:label1\" content=\"\u00c9crit par\" \/>\n\t<meta name=\"twitter:data1\" content=\"ph.oriol\" \/>\n\t<meta name=\"twitter:label2\" content=\"Dur\u00e9e de lecture estim\u00e9e\" \/>\n\t<meta name=\"twitter:data2\" content=\"1 minute\" \/>\n<script type=\"application\/ld+json\" class=\"yoast-schema-graph\">{\"@context\":\"https:\/\/schema.org\",\"@graph\":[{\"@type\":\"Article\",\"@id\":\"https:\/\/dicoaffairedreyfus.com\/index.php\/2020\/03\/05\/commandant-louis-dastorg\/#article\",\"isPartOf\":{\"@id\":\"https:\/\/dicoaffairedreyfus.com\/index.php\/2020\/03\/05\/commandant-louis-dastorg\/\"},\"author\":{\"name\":\"ph.oriol\",\"@id\":\"https:\/\/dicoaffairedreyfus.com\/#\/schema\/person\/eb6314936862b5f00f876026520b19ef\"},\"headline\":\"Commandant Louis d&rsquo;Astorg\",\"datePublished\":\"2020-03-05T12:04:37+00:00\",\"dateModified\":\"2022-01-29T13:55:27+00:00\",\"mainEntityOfPage\":{\"@id\":\"https:\/\/dicoaffairedreyfus.com\/index.php\/2020\/03\/05\/commandant-louis-dastorg\/\"},\"wordCount\":286,\"commentCount\":0,\"publisher\":{\"@id\":\"https:\/\/dicoaffairedreyfus.com\/#\/schema\/person\/eb6314936862b5f00f876026520b19ef\"},\"keywords\":[\"affaire Dreyfus\",\"Dictionnaire de l&#039;affaire Dreyfus\"],\"articleSection\":[\"Militaire\"],\"inLanguage\":\"fr-FR\",\"potentialAction\":[{\"@type\":\"CommentAction\",\"name\":\"Comment\",\"target\":[\"https:\/\/dicoaffairedreyfus.com\/index.php\/2020\/03\/05\/commandant-louis-dastorg\/#respond\"]}]},{\"@type\":\"WebPage\",\"@id\":\"https:\/\/dicoaffairedreyfus.com\/index.php\/2020\/03\/05\/commandant-louis-dastorg\/\",\"url\":\"https:\/\/dicoaffairedreyfus.com\/index.php\/2020\/03\/05\/commandant-louis-dastorg\/\",\"name\":\"Commandant Louis d'Astorg - Dictionnaire de l&#039;affaire Dreyfus\",\"isPartOf\":{\"@id\":\"https:\/\/dicoaffairedreyfus.com\/#website\"},\"datePublished\":\"2020-03-05T12:04:37+00:00\",\"dateModified\":\"2022-01-29T13:55:27+00:00\",\"breadcrumb\":{\"@id\":\"https:\/\/dicoaffairedreyfus.com\/index.php\/2020\/03\/05\/commandant-louis-dastorg\/#breadcrumb\"},\"inLanguage\":\"fr-FR\",\"potentialAction\":[{\"@type\":\"ReadAction\",\"target\":[\"https:\/\/dicoaffairedreyfus.com\/index.php\/2020\/03\/05\/commandant-louis-dastorg\/\"]}]},{\"@type\":\"BreadcrumbList\",\"@id\":\"https:\/\/dicoaffairedreyfus.com\/index.php\/2020\/03\/05\/commandant-louis-dastorg\/#breadcrumb\",\"itemListElement\":[{\"@type\":\"ListItem\",\"position\":1,\"name\":\"Accueil\",\"item\":\"https:\/\/dicoaffairedreyfus.com\/\"},{\"@type\":\"ListItem\",\"position\":2,\"name\":\"Commandant Louis d&rsquo;Astorg\"}]},{\"@type\":\"WebSite\",\"@id\":\"https:\/\/dicoaffairedreyfus.com\/#website\",\"url\":\"https:\/\/dicoaffairedreyfus.com\/\",\"name\":\"Dictionnaire de l&#039;affaire Dreyfus\",\"description\":\"Tout sur l&#039;affaire Dreyfus\",\"publisher\":{\"@id\":\"https:\/\/dicoaffairedreyfus.com\/#\/schema\/person\/eb6314936862b5f00f876026520b19ef\"},\"potentialAction\":[{\"@type\":\"SearchAction\",\"target\":{\"@type\":\"EntryPoint\",\"urlTemplate\":\"https:\/\/dicoaffairedreyfus.com\/?s={search_term_string}\"},\"query-input\":\"required name=search_term_string\"}],\"inLanguage\":\"fr-FR\"},{\"@type\":[\"Person\",\"Organization\"],\"@id\":\"https:\/\/dicoaffairedreyfus.com\/#\/schema\/person\/eb6314936862b5f00f876026520b19ef\",\"name\":\"ph.oriol\",\"image\":{\"@type\":\"ImageObject\",\"inLanguage\":\"fr-FR\",\"@id\":\"https:\/\/dicoaffairedreyfus.com\/#\/schema\/person\/image\/\",\"url\":\"https:\/\/secure.gravatar.com\/avatar\/90cd184f47237a6b9abd891ba824fbed?s=96&d=mm&r=g\",\"contentUrl\":\"https:\/\/secure.gravatar.com\/avatar\/90cd184f47237a6b9abd891ba824fbed?s=96&d=mm&r=g\",\"caption\":\"ph.oriol\"},\"logo\":{\"@id\":\"https:\/\/dicoaffairedreyfus.com\/#\/schema\/person\/image\/\"},\"sameAs\":[\"http:\/\/affaire-dreyfus.com\/\"]}]}<\/script>\n<!-- \/ Yoast SEO plugin. -->","yoast_head_json":{"title":"Commandant Louis d'Astorg - Dictionnaire de l&#039;affaire Dreyfus","robots":{"index":"index","follow":"follow","max-snippet":"max-snippet:-1","max-image-preview":"max-image-preview:large","max-video-preview":"max-video-preview:-1"},"canonical":"https:\/\/dicoaffairedreyfus.com\/index.php\/2020\/03\/05\/commandant-louis-dastorg\/","og_locale":"fr_FR","og_type":"article","og_title":"Commandant Louis d'Astorg - Dictionnaire de l&#039;affaire Dreyfus","og_description":"Astorg, Louis, Fran\u00e7ois, Charles d&rsquo;, militaire fran\u00e7ais, n\u00e9 \u00e0 Stuttgart le 18 ao\u00fbt 1854*, d\u00e9c\u00e9d\u00e9 \u00e0 Paris le 25 d\u00e9cembre 1937*.","og_url":"https:\/\/dicoaffairedreyfus.com\/index.php\/2020\/03\/05\/commandant-louis-dastorg\/","og_site_name":"Dictionnaire de l&#039;affaire Dreyfus","article_published_time":"2020-03-05T12:04:37+00:00","article_modified_time":"2022-01-29T13:55:27+00:00","author":"ph.oriol","twitter_card":"summary_large_image","twitter_misc":{"\u00c9crit par":"ph.oriol","Dur\u00e9e de lecture estim\u00e9e":"1 minute"},"schema":{"@context":"https:\/\/schema.org","@graph":[{"@type":"Article","@id":"https:\/\/dicoaffairedreyfus.com\/index.php\/2020\/03\/05\/commandant-louis-dastorg\/#article","isPartOf":{"@id":"https:\/\/dicoaffairedreyfus.com\/index.php\/2020\/03\/05\/commandant-louis-dastorg\/"},"author":{"name":"ph.oriol","@id":"https:\/\/dicoaffairedreyfus.com\/#\/schema\/person\/eb6314936862b5f00f876026520b19ef"},"headline":"Commandant Louis d&rsquo;Astorg","datePublished":"2020-03-05T12:04:37+00:00","dateModified":"2022-01-29T13:55:27+00:00","mainEntityOfPage":{"@id":"https:\/\/dicoaffairedreyfus.com\/index.php\/2020\/03\/05\/commandant-louis-dastorg\/"},"wordCount":286,"commentCount":0,"publisher":{"@id":"https:\/\/dicoaffairedreyfus.com\/#\/schema\/person\/eb6314936862b5f00f876026520b19ef"},"keywords":["affaire Dreyfus","Dictionnaire de l&#039;affaire Dreyfus"],"articleSection":["Militaire"],"inLanguage":"fr-FR","potentialAction":[{"@type":"CommentAction","name":"Comment","target":["https:\/\/dicoaffairedreyfus.com\/index.php\/2020\/03\/05\/commandant-louis-dastorg\/#respond"]}]},{"@type":"WebPage","@id":"https:\/\/dicoaffairedreyfus.com\/index.php\/2020\/03\/05\/commandant-louis-dastorg\/","url":"https:\/\/dicoaffairedreyfus.com\/index.php\/2020\/03\/05\/commandant-louis-dastorg\/","name":"Commandant Louis d'Astorg - Dictionnaire de l&#039;affaire Dreyfus","isPartOf":{"@id":"https:\/\/dicoaffairedreyfus.com\/#website"},"datePublished":"2020-03-05T12:04:37+00:00","dateModified":"2022-01-29T13:55:27+00:00","breadcrumb":{"@id":"https:\/\/dicoaffairedreyfus.com\/index.php\/2020\/03\/05\/commandant-louis-dastorg\/#breadcrumb"},"inLanguage":"fr-FR","potentialAction":[{"@type":"ReadAction","target":["https:\/\/dicoaffairedreyfus.com\/index.php\/2020\/03\/05\/commandant-louis-dastorg\/"]}]},{"@type":"BreadcrumbList","@id":"https:\/\/dicoaffairedreyfus.com\/index.php\/2020\/03\/05\/commandant-louis-dastorg\/#breadcrumb","itemListElement":[{"@type":"ListItem","position":1,"name":"Accueil","item":"https:\/\/dicoaffairedreyfus.com\/"},{"@type":"ListItem","position":2,"name":"Commandant Louis d&rsquo;Astorg"}]},{"@type":"WebSite","@id":"https:\/\/dicoaffairedreyfus.com\/#website","url":"https:\/\/dicoaffairedreyfus.com\/","name":"Dictionnaire de l&#039;affaire Dreyfus","description":"Tout sur l&#039;affaire Dreyfus","publisher":{"@id":"https:\/\/dicoaffairedreyfus.com\/#\/schema\/person\/eb6314936862b5f00f876026520b19ef"},"potentialAction":[{"@type":"SearchAction","target":{"@type":"EntryPoint","urlTemplate":"https:\/\/dicoaffairedreyfus.com\/?s={search_term_string}"},"query-input":"required name=search_term_string"}],"inLanguage":"fr-FR"},{"@type":["Person","Organization"],"@id":"https:\/\/dicoaffairedreyfus.com\/#\/schema\/person\/eb6314936862b5f00f876026520b19ef","name":"ph.oriol","image":{"@type":"ImageObject","inLanguage":"fr-FR","@id":"https:\/\/dicoaffairedreyfus.com\/#\/schema\/person\/image\/","url":"https:\/\/secure.gravatar.com\/avatar\/90cd184f47237a6b9abd891ba824fbed?s=96&d=mm&r=g","contentUrl":"https:\/\/secure.gravatar.com\/avatar\/90cd184f47237a6b9abd891ba824fbed?s=96&d=mm&r=g","caption":"ph.oriol"},"logo":{"@id":"https:\/\/dicoaffairedreyfus.com\/#\/schema\/person\/image\/"},"sameAs":["http:\/\/affaire-dreyfus.com\/"]}]}},"_links":{"self":[{"href":"https:\/\/dicoaffairedreyfus.com\/index.php\/wp-json\/wp\/v2\/posts\/3211","targetHints":{"allow":["GET"]}}],"collection":[{"href":"https:\/\/dicoaffairedreyfus.com\/index.php\/wp-json\/wp\/v2\/posts"}],"about":[{"href":"https:\/\/dicoaffairedreyfus.com\/index.php\/wp-json\/wp\/v2\/types\/post"}],"author":[{"embeddable":true,"href":"https:\/\/dicoaffairedreyfus.com\/index.php\/wp-json\/wp\/v2\/users\/1"}],"replies":[{"embeddable":true,"href":"https:\/\/dicoaffairedreyfus.com\/index.php\/wp-json\/wp\/v2\/comments?post=3211"}],"version-history":[{"count":14,"href":"https:\/\/dicoaffairedreyfus.com\/index.php\/wp-json\/wp\/v2\/posts\/3211\/revisions"}],"predecessor-version":[{"id":7535,"href":"https:\/\/dicoaffairedreyfus.com\/index.php\/wp-json\/wp\/v2\/posts\/3211\/revisions\/7535"}],"wp:attachment":[{"href":"https:\/\/dicoaffairedreyfus.com\/index.php\/wp-json\/wp\/v2\/media?parent=3211"}],"wp:term":[{"taxonomy":"category","embeddable":true,"href":"https:\/\/dicoaffairedreyfus.com\/index.php\/wp-json\/wp\/v2\/categories?post=3211"},{"taxonomy":"post_tag","embeddable":true,"href":"https:\/\/dicoaffairedreyfus.com\/index.php\/wp-json\/wp\/v2\/tags?post=3211"}],"curies":[{"name":"wp","href":"https:\/\/api.w.org\/{rel}","templated":true}]}}