{"id":3129,"date":"2020-03-03T20:09:04","date_gmt":"2020-03-03T19:09:04","guid":{"rendered":"https:\/\/dicoaffairedreyfus.com\/?p=3129"},"modified":"2020-05-04T21:05:25","modified_gmt":"2020-05-04T19:05:25","slug":"paul-aulneau","status":"publish","type":"post","link":"https:\/\/dicoaffairedreyfus.com\/index.php\/2020\/03\/03\/paul-aulneau\/","title":{"rendered":"Paul Aulneau"},"content":{"rendered":"<p style=\"text-align: justify;\"><span style=\"font-size: 14pt;\">Aulneau, Paul<\/span>, Hypolite, m\u00e9decin fran\u00e7ais, n\u00e9 \u00e0 Bournezeau (Vend\u00e9e) le 17 mai 1846*, d\u00e9c\u00e9d\u00e9 le 1<sup>er<\/sup> mars 1938*.<\/p>\r\n<p><!--more--><\/p>\r\n<p style=\"text-align: justify;\">Licenci\u00e9 en droit, maire de La Ch\u00e2taigneraie de 1892 \u00e0 1904, conseiller g\u00e9n\u00e9ral de la Vend\u00e9e de 1881 \u00e0 son d\u00e9c\u00e8s, Paul Aulneau (qui semble-t-il \u00e9tait de vieille noblesse et pouvait revendiquer un <a href=\"https:\/\/gallica.bnf.fr\/ark:\/12148\/bpt6k112001b\/f402.image\" target=\"_blank\" rel=\"noopener noreferrer\">Aulneau de la Touche<\/a>) s\u2019associa au v\u0153u de son coll\u00e8gue <a href=\"https:\/\/dicoaffairedreyfus.com\/index.php\/2020\/03\/03\/emmanuel-halgan\/\" target=\"_blank\" rel=\"noopener noreferrer\">Halgan<\/a> en avril 1898&nbsp;:<\/p>\r\n<blockquote>\r\n<p style=\"text-align: justify;\">En Vend\u00e9e, dans ce d\u00e9partement o\u00f9 les sentiments du plus pur patriotisme sont toujours en honneur, les repr\u00e9sentants de nombreuses municipalit\u00e9s se sont lev\u00e9s, afin de protester contre les agissements de ceux qui essayaient de porter atteinte \u00e0 la dignit\u00e9 de l\u2019arm\u00e9e.<br \/>Les membres du Conseil g\u00e9n\u00e9ral de la Vend\u00e9e s\u2019associent cette manifestation et prient M. le Ministre de la Guerre de croire que tous professent pour les chefs de notre arm\u00e9e entier respect et pleine confiance&nbsp;\u00bb (<a href=\"https:\/\/gallica.bnf.fr\/ark:\/12148\/bpt6k6128404h\/f242.image\" target=\"_blank\" rel=\"noopener noreferrer\">D\u00e9partement de la Vend\u00e9e. Conseil g\u00e9n\u00e9ral. 1<sup>re<\/sup> session ordinaire de 1898, <em>Rapport du pr\u00e9fet et proc\u00e8s-verbaux des d\u00e9lib\u00e9rations<\/em>, La Roche-sur-Yon, Raoul Ivonnet imprimeur, 1898, p. 99-100<\/a>).<\/p>\r\n<\/blockquote>\r\n<p>En ao\u00fbt, il signa un nouveau v\u0153ux, propos\u00e9 par <a href=\"https:\/\/dicoaffairedreyfus.com\/index.php\/2020\/02\/12\/paul-bourgeois\/\" target=\"_blank\" rel=\"noopener noreferrer\">Paul Bourgeois<\/a>, ainsi libell\u00e9&nbsp;:\u00a0<\/p>\r\n<blockquote>\r\n<p style=\"text-align: justify;\">Le Conseil g\u00e9n\u00e9ral de la Vend\u00e9e,<br \/>Justement indign\u00e9 par la campagne scandaleuse qui est dirig\u00e9e contre l&rsquo;arm\u00e9e&nbsp;;<br \/>Tout particuli\u00e8rement \u00e9mu par des \u00e9v\u00e9nements qui, \u00e0 une date \u00ab&nbsp;r\u00e9cente, se sont produits dans le d\u00e9partement,<br \/>\u00ab&nbsp;Emet le voeu que le Gouvernement prenne enfin des mesures pour que nul ne puisse porter atteinte \u00e0 l&rsquo;honneur de l&rsquo;arm\u00e9e, et n&rsquo;essaie ainsi de frapper la\u00a0<span class=\"highlightedText\">Patrie<\/span> elle-m\u00eame. (<a href=\"https:\/\/gallica.bnf.fr\/ark:\/12148\/bpt6k5844411f\/f956.item.r=patrie.texteImage\" target=\"_blank\" rel=\"noopener noreferrer\">D\u00e9partement de la Vend\u00e9e. Conseil g\u00e9n\u00e9ral. 2<sup>e<\/sup> session ordinaire de 1898, <em>Rapport du pr\u00e9fet et proc\u00e8s-verbaux des d\u00e9lib\u00e9rations<\/em>, La Roche-sur-Yon, Raoul Ivonnet imprimeur, 1898, p. 162<\/a>).<\/p>\r\n<\/blockquote>\r\n\r\n<p style=\"font-size: 12px; text-align: justify;\">Sources et bibliographie&nbsp;: dossier de la L\u00e9gion d\u2019honneur sous la cote\u00a0: <a href=\"http:\/\/www2.culture.gouv.fr\/LH\/LH138\/PG\/FRDAFAN84_O19800035v0378467.htm\" target=\"_blank\" rel=\"noopener noreferrer\">19800035\/200\/26121<\/a>.<\/p>\r\n\r\n<p class=\"has-text-align-right\" style=\"font-size: 10px; text-align: right;\"><em>Philippe Oriol<\/em><\/p>\r\n<p>&nbsp;<\/p>\r\n<p><img loading=\"lazy\" decoding=\"async\" class=\"aligncenter wp-image-3142 size-full\" src=\"https:\/\/dicoaffairedreyfus.com\/wp-content\/uploads\/2020\/03\/Aulneau-1.jpg\" alt=\"\" width=\"481\" height=\"563\" srcset=\"https:\/\/dicoaffairedreyfus.com\/wp-content\/uploads\/2020\/03\/Aulneau-1.jpg 481w, https:\/\/dicoaffairedreyfus.com\/wp-content\/uploads\/2020\/03\/Aulneau-1-256x300.jpg 256w\" sizes=\"auto, (max-width: 481px) 100vw, 481px\" \/><\/p>\r\n","protected":false},"excerpt":{"rendered":"<p>Aulneau, Paul, Hypolite, m\u00e9decin fran\u00e7ais, n\u00e9 \u00e0 Bournezeau (Vend\u00e9e) le 17 mai 1846*, d\u00e9c\u00e9d\u00e9 le 1er mars 1938*.<\/p>\n","protected":false},"author":1,"featured_media":0,"comment_status":"open","ping_status":"open","sticky":false,"template":"","format":"standard","meta":{"footnotes":""},"categories":[8,43,41,47,107],"tags":[87,86],"class_list":["post-3129","post","type-post","status-publish","format-standard","hentry","category-antidreyfusard","category-conseiller-general","category-homme-politique","category-maire","category-vendee","tag-affaire-dreyfus","tag-dictionnaire-de-laffaire-dreyfus"],"yoast_head":"<!-- This site is optimized with the Yoast SEO plugin v21.1 - https:\/\/yoast.com\/wordpress\/plugins\/seo\/ -->\n<title>Paul Aulneau - Dictionnaire de l&#039;affaire Dreyfus<\/title>\n<meta name=\"robots\" content=\"index, follow, max-snippet:-1, max-image-preview:large, max-video-preview:-1\" \/>\n<link rel=\"canonical\" href=\"https:\/\/dicoaffairedreyfus.com\/index.php\/2020\/03\/03\/paul-aulneau\/\" \/>\n<meta property=\"og:locale\" content=\"fr_FR\" \/>\n<meta property=\"og:type\" content=\"article\" \/>\n<meta property=\"og:title\" content=\"Paul Aulneau - Dictionnaire de l&#039;affaire Dreyfus\" \/>\n<meta property=\"og:description\" content=\"Aulneau, Paul, Hypolite, m\u00e9decin fran\u00e7ais, n\u00e9 \u00e0 Bournezeau (Vend\u00e9e) le 17 mai 1846*, d\u00e9c\u00e9d\u00e9 le 1er mars 1938*.\" \/>\n<meta property=\"og:url\" content=\"https:\/\/dicoaffairedreyfus.com\/index.php\/2020\/03\/03\/paul-aulneau\/\" \/>\n<meta property=\"og:site_name\" content=\"Dictionnaire de l&#039;affaire Dreyfus\" \/>\n<meta property=\"article:published_time\" content=\"2020-03-03T19:09:04+00:00\" \/>\n<meta property=\"article:modified_time\" content=\"2020-05-04T19:05:25+00:00\" \/>\n<meta property=\"og:image\" content=\"https:\/\/dicoaffairedreyfus.com\/wp-content\/uploads\/2020\/03\/Aulneau-1.jpg\" \/>\n<meta name=\"author\" content=\"ph.oriol\" \/>\n<meta name=\"twitter:card\" content=\"summary_large_image\" \/>\n<meta name=\"twitter:label1\" content=\"\u00c9crit par\" \/>\n\t<meta name=\"twitter:data1\" content=\"ph.oriol\" \/>\n\t<meta name=\"twitter:label2\" content=\"Dur\u00e9e de lecture estim\u00e9e\" \/>\n\t<meta name=\"twitter:data2\" content=\"2 minutes\" \/>\n<script type=\"application\/ld+json\" class=\"yoast-schema-graph\">{\"@context\":\"https:\/\/schema.org\",\"@graph\":[{\"@type\":\"Article\",\"@id\":\"https:\/\/dicoaffairedreyfus.com\/index.php\/2020\/03\/03\/paul-aulneau\/#article\",\"isPartOf\":{\"@id\":\"https:\/\/dicoaffairedreyfus.com\/index.php\/2020\/03\/03\/paul-aulneau\/\"},\"author\":{\"name\":\"ph.oriol\",\"@id\":\"https:\/\/dicoaffairedreyfus.com\/#\/schema\/person\/eb6314936862b5f00f876026520b19ef\"},\"headline\":\"Paul Aulneau\",\"datePublished\":\"2020-03-03T19:09:04+00:00\",\"dateModified\":\"2020-05-04T19:05:25+00:00\",\"mainEntityOfPage\":{\"@id\":\"https:\/\/dicoaffairedreyfus.com\/index.php\/2020\/03\/03\/paul-aulneau\/\"},\"wordCount\":325,\"commentCount\":0,\"publisher\":{\"@id\":\"https:\/\/dicoaffairedreyfus.com\/#\/schema\/person\/eb6314936862b5f00f876026520b19ef\"},\"keywords\":[\"affaire Dreyfus\",\"Dictionnaire de l&#039;affaire Dreyfus\"],\"articleSection\":[\"Antidreyfusard\",\"Conseiller g\u00e9n\u00e9ral\",\"Homme politique\",\"Maire\",\"Vend\u00e9e\"],\"inLanguage\":\"fr-FR\",\"potentialAction\":[{\"@type\":\"CommentAction\",\"name\":\"Comment\",\"target\":[\"https:\/\/dicoaffairedreyfus.com\/index.php\/2020\/03\/03\/paul-aulneau\/#respond\"]}]},{\"@type\":\"WebPage\",\"@id\":\"https:\/\/dicoaffairedreyfus.com\/index.php\/2020\/03\/03\/paul-aulneau\/\",\"url\":\"https:\/\/dicoaffairedreyfus.com\/index.php\/2020\/03\/03\/paul-aulneau\/\",\"name\":\"Paul Aulneau - Dictionnaire de l&#039;affaire Dreyfus\",\"isPartOf\":{\"@id\":\"https:\/\/dicoaffairedreyfus.com\/#website\"},\"datePublished\":\"2020-03-03T19:09:04+00:00\",\"dateModified\":\"2020-05-04T19:05:25+00:00\",\"breadcrumb\":{\"@id\":\"https:\/\/dicoaffairedreyfus.com\/index.php\/2020\/03\/03\/paul-aulneau\/#breadcrumb\"},\"inLanguage\":\"fr-FR\",\"potentialAction\":[{\"@type\":\"ReadAction\",\"target\":[\"https:\/\/dicoaffairedreyfus.com\/index.php\/2020\/03\/03\/paul-aulneau\/\"]}]},{\"@type\":\"BreadcrumbList\",\"@id\":\"https:\/\/dicoaffairedreyfus.com\/index.php\/2020\/03\/03\/paul-aulneau\/#breadcrumb\",\"itemListElement\":[{\"@type\":\"ListItem\",\"position\":1,\"name\":\"Accueil\",\"item\":\"https:\/\/dicoaffairedreyfus.com\/\"},{\"@type\":\"ListItem\",\"position\":2,\"name\":\"Paul Aulneau\"}]},{\"@type\":\"WebSite\",\"@id\":\"https:\/\/dicoaffairedreyfus.com\/#website\",\"url\":\"https:\/\/dicoaffairedreyfus.com\/\",\"name\":\"Dictionnaire de l&#039;affaire Dreyfus\",\"description\":\"Tout sur l&#039;affaire Dreyfus\",\"publisher\":{\"@id\":\"https:\/\/dicoaffairedreyfus.com\/#\/schema\/person\/eb6314936862b5f00f876026520b19ef\"},\"potentialAction\":[{\"@type\":\"SearchAction\",\"target\":{\"@type\":\"EntryPoint\",\"urlTemplate\":\"https:\/\/dicoaffairedreyfus.com\/?s={search_term_string}\"},\"query-input\":\"required name=search_term_string\"}],\"inLanguage\":\"fr-FR\"},{\"@type\":[\"Person\",\"Organization\"],\"@id\":\"https:\/\/dicoaffairedreyfus.com\/#\/schema\/person\/eb6314936862b5f00f876026520b19ef\",\"name\":\"ph.oriol\",\"image\":{\"@type\":\"ImageObject\",\"inLanguage\":\"fr-FR\",\"@id\":\"https:\/\/dicoaffairedreyfus.com\/#\/schema\/person\/image\/\",\"url\":\"https:\/\/secure.gravatar.com\/avatar\/90cd184f47237a6b9abd891ba824fbed?s=96&d=mm&r=g\",\"contentUrl\":\"https:\/\/secure.gravatar.com\/avatar\/90cd184f47237a6b9abd891ba824fbed?s=96&d=mm&r=g\",\"caption\":\"ph.oriol\"},\"logo\":{\"@id\":\"https:\/\/dicoaffairedreyfus.com\/#\/schema\/person\/image\/\"},\"sameAs\":[\"http:\/\/affaire-dreyfus.com\/\"]}]}<\/script>\n<!-- \/ Yoast SEO plugin. -->","yoast_head_json":{"title":"Paul Aulneau - Dictionnaire de l&#039;affaire Dreyfus","robots":{"index":"index","follow":"follow","max-snippet":"max-snippet:-1","max-image-preview":"max-image-preview:large","max-video-preview":"max-video-preview:-1"},"canonical":"https:\/\/dicoaffairedreyfus.com\/index.php\/2020\/03\/03\/paul-aulneau\/","og_locale":"fr_FR","og_type":"article","og_title":"Paul Aulneau - Dictionnaire de l&#039;affaire Dreyfus","og_description":"Aulneau, Paul, Hypolite, m\u00e9decin fran\u00e7ais, n\u00e9 \u00e0 Bournezeau (Vend\u00e9e) le 17 mai 1846*, d\u00e9c\u00e9d\u00e9 le 1er mars 1938*.","og_url":"https:\/\/dicoaffairedreyfus.com\/index.php\/2020\/03\/03\/paul-aulneau\/","og_site_name":"Dictionnaire de l&#039;affaire Dreyfus","article_published_time":"2020-03-03T19:09:04+00:00","article_modified_time":"2020-05-04T19:05:25+00:00","og_image":[{"url":"https:\/\/dicoaffairedreyfus.com\/wp-content\/uploads\/2020\/03\/Aulneau-1.jpg"}],"author":"ph.oriol","twitter_card":"summary_large_image","twitter_misc":{"\u00c9crit par":"ph.oriol","Dur\u00e9e de lecture estim\u00e9e":"2 minutes"},"schema":{"@context":"https:\/\/schema.org","@graph":[{"@type":"Article","@id":"https:\/\/dicoaffairedreyfus.com\/index.php\/2020\/03\/03\/paul-aulneau\/#article","isPartOf":{"@id":"https:\/\/dicoaffairedreyfus.com\/index.php\/2020\/03\/03\/paul-aulneau\/"},"author":{"name":"ph.oriol","@id":"https:\/\/dicoaffairedreyfus.com\/#\/schema\/person\/eb6314936862b5f00f876026520b19ef"},"headline":"Paul Aulneau","datePublished":"2020-03-03T19:09:04+00:00","dateModified":"2020-05-04T19:05:25+00:00","mainEntityOfPage":{"@id":"https:\/\/dicoaffairedreyfus.com\/index.php\/2020\/03\/03\/paul-aulneau\/"},"wordCount":325,"commentCount":0,"publisher":{"@id":"https:\/\/dicoaffairedreyfus.com\/#\/schema\/person\/eb6314936862b5f00f876026520b19ef"},"keywords":["affaire Dreyfus","Dictionnaire de l&#039;affaire Dreyfus"],"articleSection":["Antidreyfusard","Conseiller g\u00e9n\u00e9ral","Homme politique","Maire","Vend\u00e9e"],"inLanguage":"fr-FR","potentialAction":[{"@type":"CommentAction","name":"Comment","target":["https:\/\/dicoaffairedreyfus.com\/index.php\/2020\/03\/03\/paul-aulneau\/#respond"]}]},{"@type":"WebPage","@id":"https:\/\/dicoaffairedreyfus.com\/index.php\/2020\/03\/03\/paul-aulneau\/","url":"https:\/\/dicoaffairedreyfus.com\/index.php\/2020\/03\/03\/paul-aulneau\/","name":"Paul Aulneau - Dictionnaire de l&#039;affaire Dreyfus","isPartOf":{"@id":"https:\/\/dicoaffairedreyfus.com\/#website"},"datePublished":"2020-03-03T19:09:04+00:00","dateModified":"2020-05-04T19:05:25+00:00","breadcrumb":{"@id":"https:\/\/dicoaffairedreyfus.com\/index.php\/2020\/03\/03\/paul-aulneau\/#breadcrumb"},"inLanguage":"fr-FR","potentialAction":[{"@type":"ReadAction","target":["https:\/\/dicoaffairedreyfus.com\/index.php\/2020\/03\/03\/paul-aulneau\/"]}]},{"@type":"BreadcrumbList","@id":"https:\/\/dicoaffairedreyfus.com\/index.php\/2020\/03\/03\/paul-aulneau\/#breadcrumb","itemListElement":[{"@type":"ListItem","position":1,"name":"Accueil","item":"https:\/\/dicoaffairedreyfus.com\/"},{"@type":"ListItem","position":2,"name":"Paul Aulneau"}]},{"@type":"WebSite","@id":"https:\/\/dicoaffairedreyfus.com\/#website","url":"https:\/\/dicoaffairedreyfus.com\/","name":"Dictionnaire de l&#039;affaire Dreyfus","description":"Tout sur l&#039;affaire Dreyfus","publisher":{"@id":"https:\/\/dicoaffairedreyfus.com\/#\/schema\/person\/eb6314936862b5f00f876026520b19ef"},"potentialAction":[{"@type":"SearchAction","target":{"@type":"EntryPoint","urlTemplate":"https:\/\/dicoaffairedreyfus.com\/?s={search_term_string}"},"query-input":"required name=search_term_string"}],"inLanguage":"fr-FR"},{"@type":["Person","Organization"],"@id":"https:\/\/dicoaffairedreyfus.com\/#\/schema\/person\/eb6314936862b5f00f876026520b19ef","name":"ph.oriol","image":{"@type":"ImageObject","inLanguage":"fr-FR","@id":"https:\/\/dicoaffairedreyfus.com\/#\/schema\/person\/image\/","url":"https:\/\/secure.gravatar.com\/avatar\/90cd184f47237a6b9abd891ba824fbed?s=96&d=mm&r=g","contentUrl":"https:\/\/secure.gravatar.com\/avatar\/90cd184f47237a6b9abd891ba824fbed?s=96&d=mm&r=g","caption":"ph.oriol"},"logo":{"@id":"https:\/\/dicoaffairedreyfus.com\/#\/schema\/person\/image\/"},"sameAs":["http:\/\/affaire-dreyfus.com\/"]}]}},"_links":{"self":[{"href":"https:\/\/dicoaffairedreyfus.com\/index.php\/wp-json\/wp\/v2\/posts\/3129","targetHints":{"allow":["GET"]}}],"collection":[{"href":"https:\/\/dicoaffairedreyfus.com\/index.php\/wp-json\/wp\/v2\/posts"}],"about":[{"href":"https:\/\/dicoaffairedreyfus.com\/index.php\/wp-json\/wp\/v2\/types\/post"}],"author":[{"embeddable":true,"href":"https:\/\/dicoaffairedreyfus.com\/index.php\/wp-json\/wp\/v2\/users\/1"}],"replies":[{"embeddable":true,"href":"https:\/\/dicoaffairedreyfus.com\/index.php\/wp-json\/wp\/v2\/comments?post=3129"}],"version-history":[{"count":11,"href":"https:\/\/dicoaffairedreyfus.com\/index.php\/wp-json\/wp\/v2\/posts\/3129\/revisions"}],"predecessor-version":[{"id":5499,"href":"https:\/\/dicoaffairedreyfus.com\/index.php\/wp-json\/wp\/v2\/posts\/3129\/revisions\/5499"}],"wp:attachment":[{"href":"https:\/\/dicoaffairedreyfus.com\/index.php\/wp-json\/wp\/v2\/media?parent=3129"}],"wp:term":[{"taxonomy":"category","embeddable":true,"href":"https:\/\/dicoaffairedreyfus.com\/index.php\/wp-json\/wp\/v2\/categories?post=3129"},{"taxonomy":"post_tag","embeddable":true,"href":"https:\/\/dicoaffairedreyfus.com\/index.php\/wp-json\/wp\/v2\/tags?post=3129"}],"curies":[{"name":"wp","href":"https:\/\/api.w.org\/{rel}","templated":true}]}}