{"id":2988,"date":"2020-03-01T20:30:38","date_gmt":"2020-03-01T19:30:38","guid":{"rendered":"https:\/\/dicoaffairedreyfus.com\/?p=2988"},"modified":"2020-03-01T20:34:41","modified_gmt":"2020-03-01T19:34:41","slug":"auguste-audollent","status":"publish","type":"post","link":"https:\/\/dicoaffairedreyfus.com\/index.php\/2020\/03\/01\/auguste-audollent\/","title":{"rendered":"Auguste Audollent"},"content":{"rendered":"<p style=\"text-align: justify;\"><span style=\"font-size: 14pt;\">Audollent, Auguste<\/span>, Marie, Henri, historien et arch\u00e9ologue fran\u00e7ais, n\u00e9 \u00e0 Paris le 14 juillet 1864*, d\u00e9c\u00e9d\u00e9 \u00e0 Clermont-Ferrand (Puy-de-Dome) le 7 avril 1943.<\/p>\r\n<p><!--more--><\/p>\r\n<p style=\"text-align: justify;\">Agr\u00e9g\u00e9 et docteur \u00e8s lettres, membre de l\u2019\u00c9cole fran\u00e7aise de Rome (1888-1890), professeur \u00e0 l&rsquo;\u00c9cole Normale de Cluny puis ma\u00eetre de conf\u00e9rences \u00e0 la Facult\u00e9 de Lettres de Clermont depuis 1893, Audollent adh\u00e9ra \u00e0 la <a href=\"https:\/\/dicoaffairedreyfus.com\/index.php\/2020\/01\/07\/ligue-de-la-patrie-francaise\/\" target=\"_blank\" rel=\"noopener noreferrer\">Ligue de la patrie fran\u00e7aise<\/a> (1<sup>\u00e8re<\/sup> liste). Il sera par la suite professeur (1905) puis Doyen (1914) de la Facult\u00e9 de Clermont.<\/p>\r\n<p style=\"font-size: 12px; text-align: justify;\">Sources et bibliographie&nbsp;: son dossier de la L\u00e9gion d\u2019honneur se consulte sous la cote&nbsp;: <a href=\"http:\/\/www2.culture.gouv.fr\/LH\/LH158\/PG\/FRDAFAN84_O19800035v0731578.htm\" target=\"_blank\" rel=\"noopener noreferrer\">19800035\/0370\/49710<\/a>.<\/p>\r\n\r\n<p class=\"has-text-align-right\" style=\"font-size: 10px; text-align: right;\"><em>Philippe Oriol<\/em><\/p>\r\n<p><img loading=\"lazy\" decoding=\"async\" class=\"aligncenter wp-image-2997 size-full\" src=\"https:\/\/dicoaffairedreyfus.com\/wp-content\/uploads\/2020\/03\/Audollent.gif\" alt=\"\" width=\"158\" height=\"191\" \/><\/p>\r\n","protected":false},"excerpt":{"rendered":"<p>Audollent, Auguste, Marie, Henri, historien et arch\u00e9ologue fran\u00e7ais, n\u00e9 \u00e0 Paris le 14 juillet 1864*, d\u00e9c\u00e9d\u00e9 \u00e0 Clermont-Ferrand (Puy-de-Dome) le 7 avril 1943.<\/p>\n","protected":false},"author":1,"featured_media":0,"comment_status":"open","ping_status":"open","sticky":false,"template":"","format":"standard","meta":{"footnotes":""},"categories":[8,79,80,214,75],"tags":[87,86],"class_list":["post-2988","post","type-post","status-publish","format-standard","hentry","category-antidreyfusard","category-archeologue","category-historien","category-ligue-de-la-patrie-francaise","category-universitaire","tag-affaire-dreyfus","tag-dictionnaire-de-laffaire-dreyfus"],"yoast_head":"<!-- This site is optimized with the Yoast SEO plugin v21.1 - https:\/\/yoast.com\/wordpress\/plugins\/seo\/ -->\n<title>Auguste Audollent - Dictionnaire de l&#039;affaire Dreyfus<\/title>\n<meta name=\"robots\" content=\"index, follow, max-snippet:-1, max-image-preview:large, max-video-preview:-1\" \/>\n<link rel=\"canonical\" href=\"https:\/\/dicoaffairedreyfus.com\/index.php\/2020\/03\/01\/auguste-audollent\/\" \/>\n<meta property=\"og:locale\" content=\"fr_FR\" \/>\n<meta property=\"og:type\" content=\"article\" \/>\n<meta property=\"og:title\" content=\"Auguste Audollent - Dictionnaire de l&#039;affaire Dreyfus\" \/>\n<meta property=\"og:description\" content=\"Audollent, Auguste, Marie, Henri, historien et arch\u00e9ologue fran\u00e7ais, n\u00e9 \u00e0 Paris le 14 juillet 1864*, d\u00e9c\u00e9d\u00e9 \u00e0 Clermont-Ferrand (Puy-de-Dome) le 7 avril 1943.\" \/>\n<meta property=\"og:url\" content=\"https:\/\/dicoaffairedreyfus.com\/index.php\/2020\/03\/01\/auguste-audollent\/\" \/>\n<meta property=\"og:site_name\" content=\"Dictionnaire de l&#039;affaire Dreyfus\" \/>\n<meta property=\"article:published_time\" content=\"2020-03-01T19:30:38+00:00\" \/>\n<meta property=\"article:modified_time\" content=\"2020-03-01T19:34:41+00:00\" \/>\n<meta property=\"og:image\" content=\"https:\/\/dicoaffairedreyfus.com\/wp-content\/uploads\/2020\/03\/Audollent.gif\" \/>\n<meta name=\"author\" content=\"ph.oriol\" \/>\n<meta name=\"twitter:card\" content=\"summary_large_image\" \/>\n<meta name=\"twitter:label1\" content=\"\u00c9crit par\" \/>\n\t<meta name=\"twitter:data1\" content=\"ph.oriol\" \/>\n<script type=\"application\/ld+json\" class=\"yoast-schema-graph\">{\"@context\":\"https:\/\/schema.org\",\"@graph\":[{\"@type\":\"Article\",\"@id\":\"https:\/\/dicoaffairedreyfus.com\/index.php\/2020\/03\/01\/auguste-audollent\/#article\",\"isPartOf\":{\"@id\":\"https:\/\/dicoaffairedreyfus.com\/index.php\/2020\/03\/01\/auguste-audollent\/\"},\"author\":{\"name\":\"ph.oriol\",\"@id\":\"https:\/\/dicoaffairedreyfus.com\/#\/schema\/person\/eb6314936862b5f00f876026520b19ef\"},\"headline\":\"Auguste Audollent\",\"datePublished\":\"2020-03-01T19:30:38+00:00\",\"dateModified\":\"2020-03-01T19:34:41+00:00\",\"mainEntityOfPage\":{\"@id\":\"https:\/\/dicoaffairedreyfus.com\/index.php\/2020\/03\/01\/auguste-audollent\/\"},\"wordCount\":100,\"commentCount\":0,\"publisher\":{\"@id\":\"https:\/\/dicoaffairedreyfus.com\/#\/schema\/person\/eb6314936862b5f00f876026520b19ef\"},\"keywords\":[\"affaire Dreyfus\",\"Dictionnaire de l&#039;affaire Dreyfus\"],\"articleSection\":[\"Antidreyfusard\",\"Arch\u00e9ologue\",\"Historien\",\"Ligue de la patrie fran\u00e7aise\",\"Universitaire\"],\"inLanguage\":\"fr-FR\",\"potentialAction\":[{\"@type\":\"CommentAction\",\"name\":\"Comment\",\"target\":[\"https:\/\/dicoaffairedreyfus.com\/index.php\/2020\/03\/01\/auguste-audollent\/#respond\"]}]},{\"@type\":\"WebPage\",\"@id\":\"https:\/\/dicoaffairedreyfus.com\/index.php\/2020\/03\/01\/auguste-audollent\/\",\"url\":\"https:\/\/dicoaffairedreyfus.com\/index.php\/2020\/03\/01\/auguste-audollent\/\",\"name\":\"Auguste Audollent - Dictionnaire de l&#039;affaire Dreyfus\",\"isPartOf\":{\"@id\":\"https:\/\/dicoaffairedreyfus.com\/#website\"},\"datePublished\":\"2020-03-01T19:30:38+00:00\",\"dateModified\":\"2020-03-01T19:34:41+00:00\",\"breadcrumb\":{\"@id\":\"https:\/\/dicoaffairedreyfus.com\/index.php\/2020\/03\/01\/auguste-audollent\/#breadcrumb\"},\"inLanguage\":\"fr-FR\",\"potentialAction\":[{\"@type\":\"ReadAction\",\"target\":[\"https:\/\/dicoaffairedreyfus.com\/index.php\/2020\/03\/01\/auguste-audollent\/\"]}]},{\"@type\":\"BreadcrumbList\",\"@id\":\"https:\/\/dicoaffairedreyfus.com\/index.php\/2020\/03\/01\/auguste-audollent\/#breadcrumb\",\"itemListElement\":[{\"@type\":\"ListItem\",\"position\":1,\"name\":\"Accueil\",\"item\":\"https:\/\/dicoaffairedreyfus.com\/\"},{\"@type\":\"ListItem\",\"position\":2,\"name\":\"Auguste Audollent\"}]},{\"@type\":\"WebSite\",\"@id\":\"https:\/\/dicoaffairedreyfus.com\/#website\",\"url\":\"https:\/\/dicoaffairedreyfus.com\/\",\"name\":\"Dictionnaire de l&#039;affaire Dreyfus\",\"description\":\"Tout sur l&#039;affaire Dreyfus\",\"publisher\":{\"@id\":\"https:\/\/dicoaffairedreyfus.com\/#\/schema\/person\/eb6314936862b5f00f876026520b19ef\"},\"potentialAction\":[{\"@type\":\"SearchAction\",\"target\":{\"@type\":\"EntryPoint\",\"urlTemplate\":\"https:\/\/dicoaffairedreyfus.com\/?s={search_term_string}\"},\"query-input\":\"required name=search_term_string\"}],\"inLanguage\":\"fr-FR\"},{\"@type\":[\"Person\",\"Organization\"],\"@id\":\"https:\/\/dicoaffairedreyfus.com\/#\/schema\/person\/eb6314936862b5f00f876026520b19ef\",\"name\":\"ph.oriol\",\"image\":{\"@type\":\"ImageObject\",\"inLanguage\":\"fr-FR\",\"@id\":\"https:\/\/dicoaffairedreyfus.com\/#\/schema\/person\/image\/\",\"url\":\"https:\/\/secure.gravatar.com\/avatar\/90cd184f47237a6b9abd891ba824fbed?s=96&d=mm&r=g\",\"contentUrl\":\"https:\/\/secure.gravatar.com\/avatar\/90cd184f47237a6b9abd891ba824fbed?s=96&d=mm&r=g\",\"caption\":\"ph.oriol\"},\"logo\":{\"@id\":\"https:\/\/dicoaffairedreyfus.com\/#\/schema\/person\/image\/\"},\"sameAs\":[\"http:\/\/affaire-dreyfus.com\/\"]}]}<\/script>\n<!-- \/ Yoast SEO plugin. -->","yoast_head_json":{"title":"Auguste Audollent - Dictionnaire de l&#039;affaire Dreyfus","robots":{"index":"index","follow":"follow","max-snippet":"max-snippet:-1","max-image-preview":"max-image-preview:large","max-video-preview":"max-video-preview:-1"},"canonical":"https:\/\/dicoaffairedreyfus.com\/index.php\/2020\/03\/01\/auguste-audollent\/","og_locale":"fr_FR","og_type":"article","og_title":"Auguste Audollent - Dictionnaire de l&#039;affaire Dreyfus","og_description":"Audollent, Auguste, Marie, Henri, historien et arch\u00e9ologue fran\u00e7ais, n\u00e9 \u00e0 Paris le 14 juillet 1864*, d\u00e9c\u00e9d\u00e9 \u00e0 Clermont-Ferrand (Puy-de-Dome) le 7 avril 1943.","og_url":"https:\/\/dicoaffairedreyfus.com\/index.php\/2020\/03\/01\/auguste-audollent\/","og_site_name":"Dictionnaire de l&#039;affaire Dreyfus","article_published_time":"2020-03-01T19:30:38+00:00","article_modified_time":"2020-03-01T19:34:41+00:00","og_image":[{"url":"https:\/\/dicoaffairedreyfus.com\/wp-content\/uploads\/2020\/03\/Audollent.gif"}],"author":"ph.oriol","twitter_card":"summary_large_image","twitter_misc":{"\u00c9crit par":"ph.oriol"},"schema":{"@context":"https:\/\/schema.org","@graph":[{"@type":"Article","@id":"https:\/\/dicoaffairedreyfus.com\/index.php\/2020\/03\/01\/auguste-audollent\/#article","isPartOf":{"@id":"https:\/\/dicoaffairedreyfus.com\/index.php\/2020\/03\/01\/auguste-audollent\/"},"author":{"name":"ph.oriol","@id":"https:\/\/dicoaffairedreyfus.com\/#\/schema\/person\/eb6314936862b5f00f876026520b19ef"},"headline":"Auguste Audollent","datePublished":"2020-03-01T19:30:38+00:00","dateModified":"2020-03-01T19:34:41+00:00","mainEntityOfPage":{"@id":"https:\/\/dicoaffairedreyfus.com\/index.php\/2020\/03\/01\/auguste-audollent\/"},"wordCount":100,"commentCount":0,"publisher":{"@id":"https:\/\/dicoaffairedreyfus.com\/#\/schema\/person\/eb6314936862b5f00f876026520b19ef"},"keywords":["affaire Dreyfus","Dictionnaire de l&#039;affaire Dreyfus"],"articleSection":["Antidreyfusard","Arch\u00e9ologue","Historien","Ligue de la patrie fran\u00e7aise","Universitaire"],"inLanguage":"fr-FR","potentialAction":[{"@type":"CommentAction","name":"Comment","target":["https:\/\/dicoaffairedreyfus.com\/index.php\/2020\/03\/01\/auguste-audollent\/#respond"]}]},{"@type":"WebPage","@id":"https:\/\/dicoaffairedreyfus.com\/index.php\/2020\/03\/01\/auguste-audollent\/","url":"https:\/\/dicoaffairedreyfus.com\/index.php\/2020\/03\/01\/auguste-audollent\/","name":"Auguste Audollent - Dictionnaire de l&#039;affaire Dreyfus","isPartOf":{"@id":"https:\/\/dicoaffairedreyfus.com\/#website"},"datePublished":"2020-03-01T19:30:38+00:00","dateModified":"2020-03-01T19:34:41+00:00","breadcrumb":{"@id":"https:\/\/dicoaffairedreyfus.com\/index.php\/2020\/03\/01\/auguste-audollent\/#breadcrumb"},"inLanguage":"fr-FR","potentialAction":[{"@type":"ReadAction","target":["https:\/\/dicoaffairedreyfus.com\/index.php\/2020\/03\/01\/auguste-audollent\/"]}]},{"@type":"BreadcrumbList","@id":"https:\/\/dicoaffairedreyfus.com\/index.php\/2020\/03\/01\/auguste-audollent\/#breadcrumb","itemListElement":[{"@type":"ListItem","position":1,"name":"Accueil","item":"https:\/\/dicoaffairedreyfus.com\/"},{"@type":"ListItem","position":2,"name":"Auguste Audollent"}]},{"@type":"WebSite","@id":"https:\/\/dicoaffairedreyfus.com\/#website","url":"https:\/\/dicoaffairedreyfus.com\/","name":"Dictionnaire de l&#039;affaire Dreyfus","description":"Tout sur l&#039;affaire Dreyfus","publisher":{"@id":"https:\/\/dicoaffairedreyfus.com\/#\/schema\/person\/eb6314936862b5f00f876026520b19ef"},"potentialAction":[{"@type":"SearchAction","target":{"@type":"EntryPoint","urlTemplate":"https:\/\/dicoaffairedreyfus.com\/?s={search_term_string}"},"query-input":"required name=search_term_string"}],"inLanguage":"fr-FR"},{"@type":["Person","Organization"],"@id":"https:\/\/dicoaffairedreyfus.com\/#\/schema\/person\/eb6314936862b5f00f876026520b19ef","name":"ph.oriol","image":{"@type":"ImageObject","inLanguage":"fr-FR","@id":"https:\/\/dicoaffairedreyfus.com\/#\/schema\/person\/image\/","url":"https:\/\/secure.gravatar.com\/avatar\/90cd184f47237a6b9abd891ba824fbed?s=96&d=mm&r=g","contentUrl":"https:\/\/secure.gravatar.com\/avatar\/90cd184f47237a6b9abd891ba824fbed?s=96&d=mm&r=g","caption":"ph.oriol"},"logo":{"@id":"https:\/\/dicoaffairedreyfus.com\/#\/schema\/person\/image\/"},"sameAs":["http:\/\/affaire-dreyfus.com\/"]}]}},"_links":{"self":[{"href":"https:\/\/dicoaffairedreyfus.com\/index.php\/wp-json\/wp\/v2\/posts\/2988","targetHints":{"allow":["GET"]}}],"collection":[{"href":"https:\/\/dicoaffairedreyfus.com\/index.php\/wp-json\/wp\/v2\/posts"}],"about":[{"href":"https:\/\/dicoaffairedreyfus.com\/index.php\/wp-json\/wp\/v2\/types\/post"}],"author":[{"embeddable":true,"href":"https:\/\/dicoaffairedreyfus.com\/index.php\/wp-json\/wp\/v2\/users\/1"}],"replies":[{"embeddable":true,"href":"https:\/\/dicoaffairedreyfus.com\/index.php\/wp-json\/wp\/v2\/comments?post=2988"}],"version-history":[{"count":2,"href":"https:\/\/dicoaffairedreyfus.com\/index.php\/wp-json\/wp\/v2\/posts\/2988\/revisions"}],"predecessor-version":[{"id":2998,"href":"https:\/\/dicoaffairedreyfus.com\/index.php\/wp-json\/wp\/v2\/posts\/2988\/revisions\/2998"}],"wp:attachment":[{"href":"https:\/\/dicoaffairedreyfus.com\/index.php\/wp-json\/wp\/v2\/media?parent=2988"}],"wp:term":[{"taxonomy":"category","embeddable":true,"href":"https:\/\/dicoaffairedreyfus.com\/index.php\/wp-json\/wp\/v2\/categories?post=2988"},{"taxonomy":"post_tag","embeddable":true,"href":"https:\/\/dicoaffairedreyfus.com\/index.php\/wp-json\/wp\/v2\/tags?post=2988"}],"curies":[{"name":"wp","href":"https:\/\/api.w.org\/{rel}","templated":true}]}}