{"id":2907,"date":"2020-02-29T17:07:02","date_gmt":"2020-02-29T16:07:02","guid":{"rendered":"https:\/\/dicoaffairedreyfus.com\/?p=2907"},"modified":"2020-04-09T16:09:08","modified_gmt":"2020-04-09T14:09:08","slug":"albert-aubry","status":"publish","type":"post","link":"https:\/\/dicoaffairedreyfus.com\/index.php\/2020\/02\/29\/albert-aubry\/","title":{"rendered":"Albert Aubry"},"content":{"rendered":"<p style=\"text-align: justify;\"><span style=\"font-size: 14pt;\">Aubry<\/span>, Charles, <span style=\"font-size: 14pt;\">Albert<\/span>, m\u00e9decin, chirurgien et homme politique fran\u00e7ais, n\u00e9 \u00e0 Saint-Loup-sur-Semouse (Haute-Sa\u00f4ne) le 22 juin 1853*, d\u00e9c\u00e9d\u00e9 \u00e0 Saint-Eug\u00e8ne (Alger) le 27 f\u00e9vrier 1939.<\/p>\r\n<p><!--more--><\/p>\r\n<p style=\"text-align: justify;\">Engag\u00e9 volontaire en 1870, m\u00e9decin militaire puis m\u00e9decin civil en Alg\u00e9rie, conseiller municipal de S\u00e9tif en 1888, puis maire en 1892 (jusqu\u2019\u00e0 1929), conseiller g\u00e9n\u00e9ral du canton d\u2019A\u00efn-Abessa en 1895, pr\u00e9sident du Conseil g\u00e9n\u00e9ral de Constantine en 1900, franc-ma\u00e7on (<em>Dictionnaire des FM, <\/em>p.\u200865&nbsp;; Ligou, p.\u200885), Aubry se pr\u00e9senta aux <a href=\"https:\/\/dicoaffairedreyfus.com\/index.php\/2020\/02\/05\/elections-de-1902\/\" target=\"_blank\" rel=\"noopener noreferrer\">\u00e9lections l\u00e9gislatives de 1902<\/a>, sous l\u2019\u00e9tiquette radicale, \u00e0 Constantine.<br \/>\u00ab&nbsp;R\u00e9publicain tout simplement&nbsp;\u00bb (<a href=\"https:\/\/archive.org\/details\/sc_0000588958_00000000362166\/page\/n1023\/mode\/2up\" target=\"_blank\" rel=\"noopener noreferrer\"><em>Recueil Barodet 1902, <\/em>p.\u20081013<\/a>), il fut \u00e9lu face \u00e0 <a href=\"https:\/\/dicoaffairedreyfus.com\/index.php\/2020\/02\/29\/emile-morinaud\/\" target=\"_blank\" rel=\"noopener noreferrer\">Morinaud<\/a> sur un programme qui disait son fait aux antis\u00e9mites&nbsp;:<\/p>\r\n<blockquote>\r\n<p style=\"text-align: justify;\">Sont-ils donc des r\u00e9publicains, sont-ils des disciples de la R\u00e9volution, ces politiciens qui ont d\u00e9shonor\u00e9 l\u2019Alg\u00e9rie par leur antis\u00e9mitisme grossier et sauvage, et ont fait \u00e0 <a href=\"https:\/\/dicoaffairedreyfus.com\/index.php\/2020\/01\/05\/edouard-drumont\/\" target=\"_blank\" rel=\"noopener noreferrer\">Drumont<\/a> un triomphe qui touche \u00e0 l\u2019apoth\u00e9ose\u2008!<br \/>L\u2019antis\u00e9mitisme est pass\u00e9 sur l\u2019Alg\u00e9rie comme un souffle d\u00e9l\u00e9t\u00e8re\u2008; il a d\u00e9traqu\u00e9 les intelligences et dess\u00e9ch\u00e9 les c\u0153urs.\u2008<br \/>\u00c0 cette politique de duplicit\u00e9, de mensonges, de violences et de trahison, j\u2019oppose une politique de franchise, de paix, de travail et de loyalisme r\u00e9publicain.\u2008<br \/>\u00c0 la loque hideuse de l\u2019antis\u00e9mitisme souill\u00e9 par des alliances honteuses et embl\u00e8me d\u2019un pass\u00e9 barbare, j\u2019oppose l\u2019\u00e9tendard r\u00e9publicain avec sa flamboyante devise&nbsp;: Libert\u00e9, \u00c9galit\u00e9, Fraternit\u00e9&nbsp;!\u2008\u00bb (<a href=\"https:\/\/archive.org\/details\/sc_0000588958_00000000362166\/page\/n1025\/mode\/2up\" target=\"_blank\" rel=\"noopener noreferrer\"><em>Recueil Barodet 1902, <\/em>p.\u20081011<\/a>).<\/p>\r\n<\/blockquote>\r\n<p style=\"text-align: justify;\">Logiquement, le 7 avril 1903, apr\u00e8s la relance de l\u2019Affaire par <a href=\"https:\/\/dicoaffairedreyfus.com\/index.php\/2020\/01\/07\/jean-jaures\/\" target=\"_blank\" rel=\"noopener noreferrer\">Jaur\u00e8s<\/a> et l\u2019enqu\u00eate annonc\u00e9e par <a href=\"https:\/\/dicoaffairedreyfus.com\/index.php\/2020\/01\/05\/general-louis-andre\/\" target=\"_blank\" rel=\"noopener noreferrer\">Andr\u00e9<\/a>, il vota, sur l\u2019ordre du jour <a href=\"https:\/\/dicoaffairedreyfus.com\/index.php\/2020\/01\/05\/gustave-chapuis\/\" target=\"_blank\" rel=\"noopener noreferrer\">Chapuis<\/a>, la confiance au gouvernement et contre la seconde partie qui demandait \u00ab&nbsp;\u00e0 ne pas laisser sortir l\u2019affaire Dreyfus du domaine judiciaire\u2008\u00bb. \u00c9lu au S\u00e9nat en 1906, inscrit au groupe de la Gauche d\u00e9mocratique, il vota la <a href=\"https:\/\/dicoaffairedreyfus.com\/index.php\/2020\/01\/09\/seconde-revision\/\" target=\"_blank\" rel=\"noopener noreferrer\">r\u00e9int\u00e9gration<\/a> de <a href=\"https:\/\/dicoaffairedreyfus.com\/index.php\/2020\/01\/05\/alfred-dreyfus\/\" target=\"_blank\" rel=\"noopener noreferrer\">Dreyfus<\/a> et de <a href=\"https:\/\/dicoaffairedreyfus.com\/index.php\/2020\/01\/05\/lieutenant-colonel-george-picquart\/\" target=\"_blank\" rel=\"noopener noreferrer\">Picquart<\/a>, le projet relatif \u00e0 l\u2019\u00e9rection, au S\u00e9nat, des statues de <a href=\"https:\/\/dicoaffairedreyfus.com\/index.php\/2020\/01\/07\/auguste-scheurer-kestner\/\" target=\"_blank\" rel=\"noopener noreferrer\">Scheurer<\/a> et <a href=\"https:\/\/dicoaffairedreyfus.com\/index.php\/2020\/01\/30\/ludovic-trarieux\/\" target=\"_blank\" rel=\"noopener noreferrer\">Trarieux<\/a> (r\u00e9solution <a href=\"https:\/\/dicoaffairedreyfus.com\/index.php\/2020\/02\/05\/ernest-monis\/\" target=\"_blank\" rel=\"noopener noreferrer\">Monis<\/a>) et le <a href=\"https:\/\/dicoaffairedreyfus.com\/index.php\/2020\/01\/05\/pantheonisation-de-zola\/\" target=\"_blank\" rel=\"noopener noreferrer\">transfert des cendres de Zola au Panth\u00e9on<\/a> (proposition de loi <a href=\"https:\/\/dicoaffairedreyfus.com\/index.php\/2020\/01\/05\/jules-louis-breton\/\" target=\"_blank\" rel=\"noopener noreferrer\">Breton<\/a>).<br \/>R\u00e9\u00e9lu jusqu\u2019en 1920, o\u00f9 il ne se repr\u00e9senta pas, il se consacra ensuite \u00e0 ses activit\u00e9s de maire de S\u00e9tif jusqu\u2019en 1929, date \u00e0 laquelle il se retira de la vie politique.<\/p>\r\n\r\n<p style=\"font-size: 12px; text-align: justify;\">Sources et bibliographie&nbsp;: dossier de la L\u00e9gion d\u2019honneur\u00a0: LH\/67\/69.<\/p>\r\n\r\n<p class=\"has-text-align-right\" style=\"font-size: 10px; text-align: right;\"><em>Philippe Oriol<\/em><\/p>\r\n<p><img loading=\"lazy\" decoding=\"async\" class=\"aligncenter wp-image-2917 size-full\" src=\"https:\/\/dicoaffairedreyfus.com\/wp-content\/uploads\/2020\/02\/Aubry.jpg\" alt=\"\" width=\"266\" height=\"370\" srcset=\"https:\/\/dicoaffairedreyfus.com\/wp-content\/uploads\/2020\/02\/Aubry.jpg 266w, https:\/\/dicoaffairedreyfus.com\/wp-content\/uploads\/2020\/02\/Aubry-216x300.jpg 216w\" sizes=\"auto, (max-width: 266px) 100vw, 266px\" \/><\/p>\r\n","protected":false},"excerpt":{"rendered":"<p>Aubry, Charles, Albert, m\u00e9decin, chirurgien et homme politique fran\u00e7ais, n\u00e9 \u00e0 Saint-Loup-sur-Semouse (Haute-Sa\u00f4ne) le 22 juin 1853*, d\u00e9c\u00e9d\u00e9 \u00e0 Saint-Eug\u00e8ne (Alger) le 27 f\u00e9vrier 1939.<\/p>\n","protected":false},"author":1,"featured_media":0,"comment_status":"open","ping_status":"open","sticky":false,"template":"","format":"standard","meta":{"footnotes":""},"categories":[60,43,44,72,41,45],"tags":[87,86],"class_list":["post-2907","post","type-post","status-publish","format-standard","hentry","category-algerie","category-conseiller-general","category-depute","category-franc-macon","category-homme-politique","category-senateur","tag-affaire-dreyfus","tag-dictionnaire-de-laffaire-dreyfus"],"yoast_head":"<!-- This site is optimized with the Yoast SEO plugin v21.1 - https:\/\/yoast.com\/wordpress\/plugins\/seo\/ -->\n<title>Albert Aubry - Dictionnaire de l&#039;affaire Dreyfus<\/title>\n<meta name=\"robots\" content=\"index, follow, max-snippet:-1, max-image-preview:large, max-video-preview:-1\" \/>\n<link rel=\"canonical\" href=\"https:\/\/dicoaffairedreyfus.com\/index.php\/2020\/02\/29\/albert-aubry\/\" \/>\n<meta property=\"og:locale\" content=\"fr_FR\" \/>\n<meta property=\"og:type\" content=\"article\" \/>\n<meta property=\"og:title\" content=\"Albert Aubry - Dictionnaire de l&#039;affaire Dreyfus\" \/>\n<meta property=\"og:description\" content=\"Aubry, Charles, Albert, m\u00e9decin, chirurgien et homme politique fran\u00e7ais, n\u00e9 \u00e0 Saint-Loup-sur-Semouse (Haute-Sa\u00f4ne) le 22 juin 1853*, d\u00e9c\u00e9d\u00e9 \u00e0 Saint-Eug\u00e8ne (Alger) le 27 f\u00e9vrier 1939.\" \/>\n<meta property=\"og:url\" content=\"https:\/\/dicoaffairedreyfus.com\/index.php\/2020\/02\/29\/albert-aubry\/\" \/>\n<meta property=\"og:site_name\" content=\"Dictionnaire de l&#039;affaire Dreyfus\" \/>\n<meta property=\"article:published_time\" content=\"2020-02-29T16:07:02+00:00\" \/>\n<meta property=\"article:modified_time\" content=\"2020-04-09T14:09:08+00:00\" \/>\n<meta property=\"og:image\" content=\"https:\/\/dicoaffairedreyfus.com\/wp-content\/uploads\/2020\/02\/Aubry.jpg\" \/>\n<meta name=\"author\" content=\"ph.oriol\" \/>\n<meta name=\"twitter:card\" content=\"summary_large_image\" \/>\n<meta name=\"twitter:label1\" content=\"\u00c9crit par\" \/>\n\t<meta name=\"twitter:data1\" content=\"ph.oriol\" \/>\n\t<meta name=\"twitter:label2\" content=\"Dur\u00e9e de lecture estim\u00e9e\" \/>\n\t<meta name=\"twitter:data2\" content=\"2 minutes\" \/>\n<script type=\"application\/ld+json\" class=\"yoast-schema-graph\">{\"@context\":\"https:\/\/schema.org\",\"@graph\":[{\"@type\":\"Article\",\"@id\":\"https:\/\/dicoaffairedreyfus.com\/index.php\/2020\/02\/29\/albert-aubry\/#article\",\"isPartOf\":{\"@id\":\"https:\/\/dicoaffairedreyfus.com\/index.php\/2020\/02\/29\/albert-aubry\/\"},\"author\":{\"name\":\"ph.oriol\",\"@id\":\"https:\/\/dicoaffairedreyfus.com\/#\/schema\/person\/eb6314936862b5f00f876026520b19ef\"},\"headline\":\"Albert Aubry\",\"datePublished\":\"2020-02-29T16:07:02+00:00\",\"dateModified\":\"2020-04-09T14:09:08+00:00\",\"mainEntityOfPage\":{\"@id\":\"https:\/\/dicoaffairedreyfus.com\/index.php\/2020\/02\/29\/albert-aubry\/\"},\"wordCount\":395,\"commentCount\":0,\"publisher\":{\"@id\":\"https:\/\/dicoaffairedreyfus.com\/#\/schema\/person\/eb6314936862b5f00f876026520b19ef\"},\"keywords\":[\"affaire Dreyfus\",\"Dictionnaire de l&#039;affaire Dreyfus\"],\"articleSection\":[\"Alg\u00e9rie\",\"Conseiller g\u00e9n\u00e9ral\",\"D\u00e9put\u00e9\",\"Franc-ma\u00e7on\",\"Homme politique\",\"S\u00e9nateur\"],\"inLanguage\":\"fr-FR\",\"potentialAction\":[{\"@type\":\"CommentAction\",\"name\":\"Comment\",\"target\":[\"https:\/\/dicoaffairedreyfus.com\/index.php\/2020\/02\/29\/albert-aubry\/#respond\"]}]},{\"@type\":\"WebPage\",\"@id\":\"https:\/\/dicoaffairedreyfus.com\/index.php\/2020\/02\/29\/albert-aubry\/\",\"url\":\"https:\/\/dicoaffairedreyfus.com\/index.php\/2020\/02\/29\/albert-aubry\/\",\"name\":\"Albert Aubry - Dictionnaire de l&#039;affaire Dreyfus\",\"isPartOf\":{\"@id\":\"https:\/\/dicoaffairedreyfus.com\/#website\"},\"datePublished\":\"2020-02-29T16:07:02+00:00\",\"dateModified\":\"2020-04-09T14:09:08+00:00\",\"breadcrumb\":{\"@id\":\"https:\/\/dicoaffairedreyfus.com\/index.php\/2020\/02\/29\/albert-aubry\/#breadcrumb\"},\"inLanguage\":\"fr-FR\",\"potentialAction\":[{\"@type\":\"ReadAction\",\"target\":[\"https:\/\/dicoaffairedreyfus.com\/index.php\/2020\/02\/29\/albert-aubry\/\"]}]},{\"@type\":\"BreadcrumbList\",\"@id\":\"https:\/\/dicoaffairedreyfus.com\/index.php\/2020\/02\/29\/albert-aubry\/#breadcrumb\",\"itemListElement\":[{\"@type\":\"ListItem\",\"position\":1,\"name\":\"Accueil\",\"item\":\"https:\/\/dicoaffairedreyfus.com\/\"},{\"@type\":\"ListItem\",\"position\":2,\"name\":\"Albert Aubry\"}]},{\"@type\":\"WebSite\",\"@id\":\"https:\/\/dicoaffairedreyfus.com\/#website\",\"url\":\"https:\/\/dicoaffairedreyfus.com\/\",\"name\":\"Dictionnaire de l&#039;affaire Dreyfus\",\"description\":\"Tout sur l&#039;affaire Dreyfus\",\"publisher\":{\"@id\":\"https:\/\/dicoaffairedreyfus.com\/#\/schema\/person\/eb6314936862b5f00f876026520b19ef\"},\"potentialAction\":[{\"@type\":\"SearchAction\",\"target\":{\"@type\":\"EntryPoint\",\"urlTemplate\":\"https:\/\/dicoaffairedreyfus.com\/?s={search_term_string}\"},\"query-input\":\"required name=search_term_string\"}],\"inLanguage\":\"fr-FR\"},{\"@type\":[\"Person\",\"Organization\"],\"@id\":\"https:\/\/dicoaffairedreyfus.com\/#\/schema\/person\/eb6314936862b5f00f876026520b19ef\",\"name\":\"ph.oriol\",\"image\":{\"@type\":\"ImageObject\",\"inLanguage\":\"fr-FR\",\"@id\":\"https:\/\/dicoaffairedreyfus.com\/#\/schema\/person\/image\/\",\"url\":\"https:\/\/secure.gravatar.com\/avatar\/90cd184f47237a6b9abd891ba824fbed?s=96&d=mm&r=g\",\"contentUrl\":\"https:\/\/secure.gravatar.com\/avatar\/90cd184f47237a6b9abd891ba824fbed?s=96&d=mm&r=g\",\"caption\":\"ph.oriol\"},\"logo\":{\"@id\":\"https:\/\/dicoaffairedreyfus.com\/#\/schema\/person\/image\/\"},\"sameAs\":[\"http:\/\/affaire-dreyfus.com\/\"]}]}<\/script>\n<!-- \/ Yoast SEO plugin. -->","yoast_head_json":{"title":"Albert Aubry - Dictionnaire de l&#039;affaire Dreyfus","robots":{"index":"index","follow":"follow","max-snippet":"max-snippet:-1","max-image-preview":"max-image-preview:large","max-video-preview":"max-video-preview:-1"},"canonical":"https:\/\/dicoaffairedreyfus.com\/index.php\/2020\/02\/29\/albert-aubry\/","og_locale":"fr_FR","og_type":"article","og_title":"Albert Aubry - Dictionnaire de l&#039;affaire Dreyfus","og_description":"Aubry, Charles, Albert, m\u00e9decin, chirurgien et homme politique fran\u00e7ais, n\u00e9 \u00e0 Saint-Loup-sur-Semouse (Haute-Sa\u00f4ne) le 22 juin 1853*, d\u00e9c\u00e9d\u00e9 \u00e0 Saint-Eug\u00e8ne (Alger) le 27 f\u00e9vrier 1939.","og_url":"https:\/\/dicoaffairedreyfus.com\/index.php\/2020\/02\/29\/albert-aubry\/","og_site_name":"Dictionnaire de l&#039;affaire Dreyfus","article_published_time":"2020-02-29T16:07:02+00:00","article_modified_time":"2020-04-09T14:09:08+00:00","og_image":[{"url":"https:\/\/dicoaffairedreyfus.com\/wp-content\/uploads\/2020\/02\/Aubry.jpg"}],"author":"ph.oriol","twitter_card":"summary_large_image","twitter_misc":{"\u00c9crit par":"ph.oriol","Dur\u00e9e de lecture estim\u00e9e":"2 minutes"},"schema":{"@context":"https:\/\/schema.org","@graph":[{"@type":"Article","@id":"https:\/\/dicoaffairedreyfus.com\/index.php\/2020\/02\/29\/albert-aubry\/#article","isPartOf":{"@id":"https:\/\/dicoaffairedreyfus.com\/index.php\/2020\/02\/29\/albert-aubry\/"},"author":{"name":"ph.oriol","@id":"https:\/\/dicoaffairedreyfus.com\/#\/schema\/person\/eb6314936862b5f00f876026520b19ef"},"headline":"Albert Aubry","datePublished":"2020-02-29T16:07:02+00:00","dateModified":"2020-04-09T14:09:08+00:00","mainEntityOfPage":{"@id":"https:\/\/dicoaffairedreyfus.com\/index.php\/2020\/02\/29\/albert-aubry\/"},"wordCount":395,"commentCount":0,"publisher":{"@id":"https:\/\/dicoaffairedreyfus.com\/#\/schema\/person\/eb6314936862b5f00f876026520b19ef"},"keywords":["affaire Dreyfus","Dictionnaire de l&#039;affaire Dreyfus"],"articleSection":["Alg\u00e9rie","Conseiller g\u00e9n\u00e9ral","D\u00e9put\u00e9","Franc-ma\u00e7on","Homme politique","S\u00e9nateur"],"inLanguage":"fr-FR","potentialAction":[{"@type":"CommentAction","name":"Comment","target":["https:\/\/dicoaffairedreyfus.com\/index.php\/2020\/02\/29\/albert-aubry\/#respond"]}]},{"@type":"WebPage","@id":"https:\/\/dicoaffairedreyfus.com\/index.php\/2020\/02\/29\/albert-aubry\/","url":"https:\/\/dicoaffairedreyfus.com\/index.php\/2020\/02\/29\/albert-aubry\/","name":"Albert Aubry - Dictionnaire de l&#039;affaire Dreyfus","isPartOf":{"@id":"https:\/\/dicoaffairedreyfus.com\/#website"},"datePublished":"2020-02-29T16:07:02+00:00","dateModified":"2020-04-09T14:09:08+00:00","breadcrumb":{"@id":"https:\/\/dicoaffairedreyfus.com\/index.php\/2020\/02\/29\/albert-aubry\/#breadcrumb"},"inLanguage":"fr-FR","potentialAction":[{"@type":"ReadAction","target":["https:\/\/dicoaffairedreyfus.com\/index.php\/2020\/02\/29\/albert-aubry\/"]}]},{"@type":"BreadcrumbList","@id":"https:\/\/dicoaffairedreyfus.com\/index.php\/2020\/02\/29\/albert-aubry\/#breadcrumb","itemListElement":[{"@type":"ListItem","position":1,"name":"Accueil","item":"https:\/\/dicoaffairedreyfus.com\/"},{"@type":"ListItem","position":2,"name":"Albert Aubry"}]},{"@type":"WebSite","@id":"https:\/\/dicoaffairedreyfus.com\/#website","url":"https:\/\/dicoaffairedreyfus.com\/","name":"Dictionnaire de l&#039;affaire Dreyfus","description":"Tout sur l&#039;affaire Dreyfus","publisher":{"@id":"https:\/\/dicoaffairedreyfus.com\/#\/schema\/person\/eb6314936862b5f00f876026520b19ef"},"potentialAction":[{"@type":"SearchAction","target":{"@type":"EntryPoint","urlTemplate":"https:\/\/dicoaffairedreyfus.com\/?s={search_term_string}"},"query-input":"required name=search_term_string"}],"inLanguage":"fr-FR"},{"@type":["Person","Organization"],"@id":"https:\/\/dicoaffairedreyfus.com\/#\/schema\/person\/eb6314936862b5f00f876026520b19ef","name":"ph.oriol","image":{"@type":"ImageObject","inLanguage":"fr-FR","@id":"https:\/\/dicoaffairedreyfus.com\/#\/schema\/person\/image\/","url":"https:\/\/secure.gravatar.com\/avatar\/90cd184f47237a6b9abd891ba824fbed?s=96&d=mm&r=g","contentUrl":"https:\/\/secure.gravatar.com\/avatar\/90cd184f47237a6b9abd891ba824fbed?s=96&d=mm&r=g","caption":"ph.oriol"},"logo":{"@id":"https:\/\/dicoaffairedreyfus.com\/#\/schema\/person\/image\/"},"sameAs":["http:\/\/affaire-dreyfus.com\/"]}]}},"_links":{"self":[{"href":"https:\/\/dicoaffairedreyfus.com\/index.php\/wp-json\/wp\/v2\/posts\/2907","targetHints":{"allow":["GET"]}}],"collection":[{"href":"https:\/\/dicoaffairedreyfus.com\/index.php\/wp-json\/wp\/v2\/posts"}],"about":[{"href":"https:\/\/dicoaffairedreyfus.com\/index.php\/wp-json\/wp\/v2\/types\/post"}],"author":[{"embeddable":true,"href":"https:\/\/dicoaffairedreyfus.com\/index.php\/wp-json\/wp\/v2\/users\/1"}],"replies":[{"embeddable":true,"href":"https:\/\/dicoaffairedreyfus.com\/index.php\/wp-json\/wp\/v2\/comments?post=2907"}],"version-history":[{"count":11,"href":"https:\/\/dicoaffairedreyfus.com\/index.php\/wp-json\/wp\/v2\/posts\/2907\/revisions"}],"predecessor-version":[{"id":4605,"href":"https:\/\/dicoaffairedreyfus.com\/index.php\/wp-json\/wp\/v2\/posts\/2907\/revisions\/4605"}],"wp:attachment":[{"href":"https:\/\/dicoaffairedreyfus.com\/index.php\/wp-json\/wp\/v2\/media?parent=2907"}],"wp:term":[{"taxonomy":"category","embeddable":true,"href":"https:\/\/dicoaffairedreyfus.com\/index.php\/wp-json\/wp\/v2\/categories?post=2907"},{"taxonomy":"post_tag","embeddable":true,"href":"https:\/\/dicoaffairedreyfus.com\/index.php\/wp-json\/wp\/v2\/tags?post=2907"}],"curies":[{"name":"wp","href":"https:\/\/api.w.org\/{rel}","templated":true}]}}