{"id":2855,"date":"2020-02-28T20:18:43","date_gmt":"2020-02-28T19:18:43","guid":{"rendered":"https:\/\/dicoaffairedreyfus.com\/?p=2855"},"modified":"2020-06-05T10:06:38","modified_gmt":"2020-06-05T08:06:38","slug":"octave-aubert","status":"publish","type":"post","link":"https:\/\/dicoaffairedreyfus.com\/index.php\/2020\/02\/28\/octave-aubert\/","title":{"rendered":"Octave Aubert"},"content":{"rendered":"<p style=\"text-align: justify;\"><span style=\"font-size: 14pt;\">Aubert, Octave<\/span>, Auguste, avocat et journaliste fran\u00e7ais, n\u00e9 \u00e0 Pau (Basses-Pyr\u00e9n\u00e9es) le 5 juin 1864*, d\u00e9c\u00e9d\u00e9 \u00e0 Paris le 24 f\u00e9vrier 1944.<\/p>\r\n<p><!--more--><\/p>\r\n<p style=\"text-align: justify;\">Aubert, ancien r\u00e9dacteur \u00e0 la Pr\u00e9fecture de la Seine, avocat, conseiller municipal de Pau, auteur de livres pour enfants et, avec Charles Germain d&rsquo;un volume titr\u00e9 <em>La R\u00e9volution, son \u0153uvre et ses bienfaits <\/em>(1888), r\u00e9dacteur \u00e0 <em>L\u2019Estafette <\/em>de 1888 \u00e0 1893 puis \u00e0 <a href=\"https:\/\/dicoaffairedreyfus.com\/index.php\/2020\/04\/12\/lindependant-des-basses-pyrenees\/\" target=\"_blank\" rel=\"noopener noreferrer\"><em>L\u2019Ind\u00e9pendant des Basses-Pyr\u00e9n\u00e9es <\/em><\/a>dont il sera r\u00e9dacteur-en-chef en 1893 puis directeur \u00e0 partir de janvier 1894, eut la surprise de voir figurer son nom parmi les souscripteurs du <a href=\"https:\/\/dicoaffairedreyfus.com\/index.php\/2020\/01\/05\/monument-henry\/\" target=\"_blank\" rel=\"noopener noreferrer\">monument Henry<\/a> (12<sup>e<\/sup> liste).\u2008\u00c9crivant, le 26 d\u00e9cembre 1898, au journal <em><a href=\"https:\/\/dicoaffairedreyfus.com\/index.php\/2020\/01\/09\/le-siecle\/\" target=\"_blank\" rel=\"noopener noreferrer\">Le Si\u00e8cle<\/a>, <\/em>pour signaler que \u00ab\u2008quelque dr\u00f4le antis\u00e9mite&nbsp;\u00bb avait abus\u00e9 de son nom, il ajoutait&nbsp;: Si toutes les souscriptions recueillies par <a href=\"https:\/\/dicoaffairedreyfus.com\/index.php\/2020\/01\/05\/la-libre-parole\/\" target=\"_blank\" rel=\"noopener noreferrer\">le journal<\/a> de M.\u2008<a href=\"https:\/\/dicoaffairedreyfus.com\/index.php\/2020\/01\/05\/edouard-drumont\/\" target=\"_blank\" rel=\"noopener noreferrer\">Drumont<\/a> ont ce caract\u00e8re d\u2019authenticit\u00e9, on peut se demander de quel syndicat lui viennent les indications et l\u2019argent\u2008\u00bb (<a href=\"https:\/\/gallica.bnf.fr\/ark:\/12148\/bpt6k743838r\/f2.item\" target=\"_blank\" rel=\"noopener noreferrer\">28 d\u00e9cembre<\/a>). Aubert, en effet, n\u2019aurait pu signer, qui menait dans son journal depuis le d\u00e9but de 1898 une vigoureuse campagne contre les antis\u00e9mites, leur presse, leur propagande et leurs exactions. Mais cela dit, catholique et r\u00e9publicain fervent, il ne fut pas \u00e0 proprement parler <a href=\"https:\/\/dicoaffairedreyfus.com\/index.php\/2020\/01\/14\/dreyfusard\/\" target=\"_blank\" rel=\"noopener noreferrer\">dreyfusard<\/a> et opta pour une ligne, tout au long de l\u2019Affaire, que dictait la prudence. Il avait pourtant, d\u00e8s le d\u00e9but de 1898, prit une position assez nette.\u2008En effet, au moment du proc\u00e8s <a href=\"https:\/\/dicoaffairedreyfus.com\/index.php\/2020\/01\/06\/commandant-ferdinand-walsin-esterhazy\/\" target=\"_blank\" rel=\"noopener noreferrer\">Esterhazy<\/a>, et malgr\u00e9 un prudent \u00ab&nbsp;jusqu\u2019\u00e0 preuve absolue du contraire nous tenons Dreyfus pour coupable\u2008\u00bb, il avait \u00e9crit, faisant tomber ses pr\u00e9cautions\u2008:<\/p>\r\n<blockquote>\r\n<p style=\"text-align: justify;\">On affirme \u2013 et l\u2019<a href=\"https:\/\/dicoaffairedreyfus.com\/index.php\/2020\/02\/20\/instruction-dormescheville\/\" target=\"_blank\" rel=\"noopener noreferrer\">acte d\u2019accusation de 1894<\/a> oubli\u00e9 semble le d\u00e9montrer \u2013 que c\u2019est sur l\u2019examen du <a href=\"https:\/\/dicoaffairedreyfus.com\/index.php\/2020\/01\/05\/le-bordereau\/\" target=\"_blank\" rel=\"noopener noreferrer\">bordereau<\/a> <em>seul<\/em> que Dreyfus a \u00e9t\u00e9 condamn\u00e9.\u2008Est-ce vrai&nbsp;?\u2008Nous allons le savoir sans doute.\u2008En tout cas, le bordereau semble \u00e9crit, non par <a href=\"https:\/\/dicoaffairedreyfus.com\/index.php\/2020\/01\/05\/alfred-dreyfus\/\" target=\"_blank\" rel=\"noopener noreferrer\">Dreyfus<\/a>, mais par Esterhazy. C\u2019est un fait brutal, indiscutable.\u2008Il frappe l\u2019esprit de tous les gens qui \u00e9tudient cette lamentable affaire sans autre passion que celle de la justice et de la v\u00e9rit\u00e9\u2008\u00bb (<a href=\"http:\/\/www.pireneas.fr\/media\/presse-ancienne\/INDEP\/MIDR_INDEP_MI19R53_0074_12011898_0001.pdf\" target=\"_blank\" rel=\"noopener noreferrer\">\u00ab\u2008L\u2019Affaire Esterhazy\u2008\u00bb, 12 janvier<\/a>).<\/p>\r\n<\/blockquote>\r\n<p style=\"text-align: justify;\">Mais apr\u00e8s le <a href=\"https:\/\/dicoaffairedreyfus.com\/index.php\/2020\/01\/25\/proces-esterhazy\/\" target=\"_blank\" rel=\"noopener noreferrer\">verdict qui innocentait Esterhazy<\/a>, il se rangea \u00e0 l\u2019avis g\u00e9n\u00e9ral\u2008: \u00ab\u2008le bordereau a-t-il \u00e9t\u00e9 \u00e9crit par Dreyfus\u2008?\u2008Les experts le croient et nous le croyons aussi\u2008\u00bb (<a href=\"http:\/\/www.pireneas.fr\/media\/presse-ancienne\/INDEP\/MIDR_INDEP_MI19R53_0076_14011898_0001.pdf\" target=\"_blank\" rel=\"noopener noreferrer\">\u00ab&nbsp;Le Verdict&nbsp;\u00bb, 14 janvier<\/a>). Malgr\u00e9 ce \u00ab\u2008retour \u00e0 la raison&nbsp;\u00bb, les quelques lignes du 12 janvier ne furent pas oubli\u00e9es. Les attaques contre son journal se multipli\u00e8rent et il fut oblig\u00e9, le 15 f\u00e9vrier, pour faire cesser la campagne entreprise, de publier une mise au point&nbsp;: il y affirmait la culpabilit\u00e9 de Dreyfus, l\u2019innocence d\u2019Esterhazy \u2013 toutefois qualifi\u00e9, et sans grand risque, de \u00ab&nbsp;peu recommandable\u2008\u00bb \u2013, y disait que selon lui <a href=\"https:\/\/dicoaffairedreyfus.com\/index.php\/2020\/01\/07\/auguste-scheurer-kestner\/\" target=\"_blank\" rel=\"noopener noreferrer\">Scheurer-Kestner<\/a> \u00ab\u2008s\u2019est tromp\u00e9\u2008\u00bb, que <a href=\"https:\/\/dicoaffairedreyfus.com\/index.php\/2020\/01\/05\/emile-zola\/\" target=\"_blank\" rel=\"noopener noreferrer\">Zola<\/a> \u00ab&nbsp;est coupable de <a href=\"https:\/\/dicoaffairedreyfus.com\/index.php\/2020\/01\/05\/jaccuse\/\" target=\"_blank\" rel=\"noopener noreferrer\">diffamation et d\u2019outrages envers les chefs de notre arm\u00e9e<\/a>&nbsp;\u00bb \u2013 et ajoutait \u00e0 propos de ce dernier&nbsp;: \u00ab&nbsp;nous esp\u00e9rons qu\u2019il <a href=\"https:\/\/dicoaffairedreyfus.com\/index.php\/2020\/01\/05\/proces-zola\/\" target=\"_blank\" rel=\"noopener noreferrer\">sera condamn\u00e9<\/a>&nbsp;\u00bb \u2013 mais r\u00e9prouvait fermement une nouvelle fois \u00ab\u2008les malsaines excitations d\u2019une grande partie de la presse fran\u00e7aise&nbsp;\u00bb <a href=\"http:\/\/www.pireneas.fr\/media\/presse-ancienne\/INDEP\/MIDR_INDEP_MI19R53_0103_15021898_0001.pdf\" target=\"_blank\" rel=\"noopener noreferrer\">(\u00ab&nbsp;L\u2019Affaire Zola&nbsp;\u00bb<\/a>). Il resta, dans les mois qui suivirent, sur cette ligne et si, par la suite, la r\u00e9v\u00e9lation du <a href=\"https:\/\/dicoaffairedreyfus.com\/index.php\/2020\/01\/12\/faux-henry\/\" target=\"_blank\" rel=\"noopener noreferrer\">faux Henry<\/a> le fit d\u00e9fendre la n\u00e9cessit\u00e9 de la <a href=\"https:\/\/dicoaffairedreyfus.com\/index.php\/2020\/01\/05\/premiere-revision\/\" target=\"_blank\" rel=\"noopener noreferrer\">r\u00e9vision du proc\u00e8s de 1894<\/a>, ce fut toujours en r\u00e9p\u00e9tant qu\u2019une telle demande ne pouvait \u00eatre faite qu\u2019\u00ab&nbsp;au nom de l\u2019honneur de l\u2019arm\u00e9e et au nom du droit viol\u00e9\u2008\u00bb (<a href=\"http:\/\/www.pireneas.fr\/media\/presse-ancienne\/INDEP\/MIDR_INDEP_MI19R56_0218_29051899_0001.pdf\" target=\"_blank\" rel=\"noopener noreferrer\">\u00ab&nbsp;Justice et V\u00e9rit\u00e9&nbsp;\u00bb, 29 mai 1899<\/a>) et \u00ab&nbsp;n\u2019impliqu[ait] pas une croyance quelconque en l\u2019innocence de Dreyfus&nbsp;\u00bb (<a href=\"http:\/\/www.pireneas.fr\/media\/presse-ancienne\/INDEP\/MIDR_INDEP_MI19R54_0285_06091898_0001.pdf\" target=\"_blank\" rel=\"noopener noreferrer\">\u00ab\u2008La R\u00e9vision&nbsp;\u00bb, 6 septembre 1898<\/a>). Par la suite, apr\u00e8s avoir combattu avec vigueur la <a href=\"https:\/\/dicoaffairedreyfus.com\/index.php\/2020\/01\/05\/loi-de-dessaisissement\/\" target=\"_blank\" rel=\"noopener noreferrer\">loi de dessaisissement<\/a> et r\u00e9pondu, en toute logique, au mod\u00e9r\u00e9 <a href=\"https:\/\/dicoaffairedreyfus.com\/index.php\/2020\/01\/09\/appel-a-lunion\/\" target=\"_blank\" rel=\"noopener noreferrer\">Appel \u00e0 l\u2019Union<\/a> (4<sup>e<\/sup> liste du <em>Figaro<\/em>), s\u2019il tint, r\u00e9visionniste, \u00e0 se d\u00e9finir comme \u00ab&nbsp;dreyfusard\u2008\u00bb, et de plus en plus au fur et \u00e0 mesure que l\u2019<a href=\"https:\/\/dicoaffairedreyfus.com\/index.php\/2020\/01\/05\/premiere-revision\/\" target=\"_blank\" rel=\"noopener noreferrer\">enqu\u00eate de la Cour de cassation<\/a> r\u00e9v\u00e9lait le vide de l\u2019accusation\u00a0 \u2013 \u00ab&nbsp;des flots de lumi\u00e8re \u00e9tant sortis de l\u2019ombre&nbsp;\u00bb (<a href=\"http:\/\/pireneas.fr\/media\/presse-ancienne\/INDEP\/MIDR_INDEP_MI19R56_0220_31051899_0001.pdf\" target=\"_blank\" rel=\"noopener noreferrer\">\u00ab<span style=\"font-size: 1rem;\">\u2008Les <\/span><\/a><span style=\"font-size: 1rem;\"><a href=\"http:\/\/pireneas.fr\/media\/presse-ancienne\/INDEP\/MIDR_INDEP_MI19R56_0220_31051899_0001.pdf\" target=\"_blank\" rel=\"noopener noreferrer\">Adversaires de la R\u00e9vision&nbsp;\u00bb, 31 mai<\/a>) \u2013, il demeura toujours prudent sur la question relative \u00e0 l\u2019innocence.\u2008Ainsi, le 21 mai, il \u00e9crivait&nbsp;: <\/span><\/p>\r\n<blockquote>\r\n<p style=\"text-align: justify;\"><span style=\"font-size: 1rem;\">Il est incontestable qu\u2019un <a href=\"https:\/\/dicoaffairedreyfus.com\/index.php\/2020\/02\/18\/dossier-secret\/\" target=\"_blank\" rel=\"noopener noreferrer\">dossier secret<\/a> a \u00e9t\u00e9 soumis aux <a href=\"https:\/\/dicoaffairedreyfus.com\/index.php\/2020\/01\/05\/proces-de-1894\/\" target=\"_blank\" rel=\"noopener noreferrer\">juges du Conseil de guerre<\/a>.\u2008<\/span><br \/><span style=\"font-size: 1rem;\">Et il est incontestable que ce sont les pi\u00e8ces de ce dossier secret qui ont entra\u00een\u00e9 la condamnation de Dreyfus. <\/span><br \/><span style=\"font-size: 1rem;\">Or il est certain que si ces pi\u00e8ces avaient \u00e9t\u00e9 soumises \u00e0 l\u2019<a href=\"https:\/\/dicoaffairedreyfus.com\/index.php\/2020\/01\/10\/edgar-demange\/\" target=\"_blank\" rel=\"noopener noreferrer\">avocat de Dreyfus<\/a>, Dreyfus avait les plus grandes chances d\u2019\u00eatre acquitt\u00e9, puisque de ces pi\u00e8ces les unes \u00e9tant des faux, les autres ne s\u2019appliquant pas \u00e0 lui et puisque aucune ne d\u00e9montrait sa culpabilit\u00e9.\u2008<\/span><br \/><span style=\"font-size: 1rem;\">Donc la cassation, sous la forme de r\u00e9vision ou d\u2019annulation, s\u2019impose puisque ce fait nouveau \u00e9clate aux yeux, et que l\u2019accus\u00e9 a \u00e9t\u00e9 accabl\u00e9 par des documents dont il ne lui pas \u00e9t\u00e9 permis d\u2019\u00e9tablir la fausset\u00e9 ou l\u2019inanit\u00e9.\u2008<\/span><br \/><span style=\"font-size: 1rem;\">Il est peut \u00eatre coupable.\u2008Mais la certitude n\u2019est pas faite d\u2019hypoth\u00e8se.\u2008La justice du Christ, celle des hommes, exigent que l\u2019accus\u00e9 puisse se d\u00e9fendre contre les accusations.\u2008Et Dreyfus aurait-il cent fois, mille fois avou\u00e9 son crime, le bordereau serait-il de lui, le doute qui na\u00eet dans tout c\u0153ur loyal de l\u2019\u00e9tranget\u00e9 des man\u0153uvres et des crimes accomplis pour le perdre n\u00e9cessite sa comparution devant le nouveau Conseil de guerre\u2008\u00bb (<a href=\"http:\/\/www.pireneas.fr\/media\/presse-ancienne\/INDEP\/MIDR_INDEP_MI19R56_0211_21051899_0001.pdf\" target=\"_blank\" rel=\"noopener noreferrer\">\u00ab&nbsp;La R\u00e9vision&nbsp;\u00bb, 21-22 mai<\/a>.\u2008Voir aussi&nbsp;: \u00ab&nbsp;Une r\u00e9flexion&nbsp;\u00bb et <a href=\"http:\/\/www.pireneas.fr\/media\/presse-ancienne\/INDEP\/MIDR_INDEP_MI19R56_0194_02051899_0001.pdf\" target=\"_blank\" rel=\"noopener noreferrer\">\u00ab\u2008Justice&nbsp;\u00bb<\/a>, 16 avril et 2 mai).<\/span><\/p>\r\n<\/blockquote>\r\n<p style=\"text-align: justify;\">Pendant le <a href=\"https:\/\/dicoaffairedreyfus.com\/index.php\/2020\/01\/05\/proces-de-rennes\/\" target=\"_blank\" rel=\"noopener noreferrer\">proc\u00e8s de Rennes<\/a>, son attitude ne varia pas. Et si, le 12 septembre, en deux articles (<a href=\"http:\/\/www.pireneas.fr\/media\/presse-ancienne\/INDEP\/MIDR_INDEP_MI19R56_0321_12091899_0001.pdf\" target=\"_blank\" rel=\"noopener noreferrer\">\u00ab&nbsp;Le Verdict de Rennes\u2008\u00bb et \u00ab&nbsp;Dreyfus condamn\u00e9&nbsp;\u00bb)<\/a>, sous sa signature et sous un collectif <em>L\u2019Ind\u00e9pendant, <\/em>il s\u2019inclina devant le verdict, demanda l\u2019apaisement et, pour le favoriser, proposa la <a href=\"https:\/\/dicoaffairedreyfus.com\/index.php\/2020\/02\/13\/grace\/\" target=\"_blank\" rel=\"noopener noreferrer\">gr\u00e2ce<\/a> imm\u00e9diate de Dreyfus, il sortit enfin de sa r\u00e9serve, utilisant pour cela la signature collective et des pr\u00e9cautions qui n\u2019\u00e9taient plus que formelles&nbsp;: \u00ab\u2008L\u2019arr\u00eat ne r\u00e9pond pas \u00e0 notre esp\u00e9rance et ne nous convaincra jamais, en ce sens que la preuve de la culpabilit\u00e9 n\u2019a pas \u00e9t\u00e9 apport\u00e9e.\u2008[&#8230;] Nous persistons donc \u00e0 penser que Dreyfus peut \u00eatre innocent, puisqu\u2019on n\u2019a pas prouv\u00e9 qu\u2019il f\u00fbt coupable&nbsp;\u00bb (\u00ab&nbsp;Dreyfus condamn\u00e9&nbsp;\u00bb).<br \/>Par la suite, il mena une importante campagne contre les nationalistes (voir l&rsquo;ann\u00e9e 1900) et soutint fermement l&rsquo;amnistie au motif que \u00ab&nbsp;ressusciter l&rsquo;affaire Dreyfus&nbsp;\u00bb ne pouvait qu&rsquo;avoir pour r\u00e9sultat \u00ab&nbsp;de permettre au nationalisme de se propager dans un bouillon de culture favorable aux plus mauvaises fermentations&nbsp;\u00bb (<a href=\"http:\/\/www.pireneas.fr\/media\/presse-ancienne\/INDEP\/MIDR_INDEP_MI19R59_0056_20121900_0001.pdf\" target=\"_blank\" rel=\"noopener noreferrer\">\u00ab&nbsp;L&rsquo;amnistie&nbsp;\u00bb, 20 d\u00e9cembre 1900<\/a>). S&rsquo;il n&rsquo;\u00e9crira plus gu\u00e8re sur l&rsquo;Affaire dans ses derniers rebondissements, il en enregistrera, en 1906, la fin avec contentement, se consid\u00e9rant un peu rapidement comme un des premiers \u00e0 avoir combattu pour la justice et la v\u00e9rit\u00e9.\u00a0<\/p>\r\n<blockquote>\r\n<p style=\"text-align: justify;\">Que les criminels qui furent les artisans de l&rsquo;erreur et de l&rsquo;iniquit\u00e9 soient punis ou laiss\u00e9s en paix, peu importe. Ils sont fl\u00e9tris et l&rsquo;histoire ne les amnistiera pas.<br \/>Peu importe aussi que les consciences basses et v\u00e9nales d&rsquo;une presse passionn\u00e9e affirment que les premiers magistrats de France ont\u00a0<strong>tous<\/strong> \u00e9t\u00e9 vendus, que le gouvernement, que la majorit\u00e9, que la presse r\u00e9visionniste, que les grands morts tomb\u00e9s avant la victoire ont \u00e9t\u00e9 corrompus par de l&rsquo;or \u00e9tranger. Notre honneur, nous le disons avec fiert\u00e9, est d&rsquo;avoir figur\u00e9 des premiers parmi ceux qui s&rsquo;\u00e8murent contre l&rsquo;injustice et \u00e9lev\u00e8rent la voix et d&rsquo;avoir support\u00e9 pour cela les outrages, les insinuations ignominieuses des adversaires et souvent le silence d\u00e9sapprobatif et le reproche des amis.<br \/>La France, a l&rsquo;\u00e2me g\u00e9n\u00e9reuse, la France qui est la plus noble personne morale de l&rsquo;humanit\u00e9 est encore grand&rsquo;e aux yeux du monde par cet acte de justice et de r\u00e9paration.<\/p>\r\n<\/blockquote>\r\n<p style=\"text-align: justify;\">Aubert demeura pendant de longues ann\u00e9es \u00e0 la t\u00eate de son journal et publia plusieurs volumes, en plus des textes pour enfant qu&rsquo;il publia tout au long de sa vie&nbsp;: <em>En Sentinelle <\/em>(1910), <em>Comment former le citoyen fran\u00e7ais <\/em>(1911), <em>Le Moulin parlementaire <\/em>(1933) et, en 1935, chez Quillet, une biographie de son ami <a href=\"https:\/\/dicoaffairedreyfus.com\/index.php\/2020\/04\/23\/louis-barthou\/\" target=\"_blank\" rel=\"noopener noreferrer\">Louis Barthou<\/a> dans laquelle il revenait sur l&rsquo;Affaire, expliquant qu&rsquo;il avait \u00e9t\u00e9 un des seuls et \u2013 pla\u00e7ant son engagement bien avant que ce que fut la r\u00e9alit\u00e9 \u2013 un des premiers dans la presse, \u00e0 d\u00e9fendre l&rsquo;id\u00e9e de la r\u00e9vision (p. 106).\u2008Quelques ann\u00e9es plus tard, sous l\u2019Occupation, devenu p\u00e9tainiste <span style=\"font-size: 1rem;\">(voir son\u00a0<\/span><em style=\"font-size: 1rem;\">De L\u2019Histoire &#8230;et des histoires,\u00a0<\/em><span style=\"font-size: 1rem;\">publi\u00e9 en 1942, o\u00f9 il proclame sa fid\u00e9lit\u00e9 \u00e0 P\u00e9tain et ses esp\u00e9rances en la politique de R\u00e9volution nationale)<\/span><span style=\"font-size: 1rem;\">, ce fervent r\u00e9publicain, se trouvera pour le moins g\u00ean\u00e9 par l&rsquo;engagement qui avait \u00e9t\u00e9 le sien et, dans cette m\u00eame <\/span><em>De L\u2019Histoire &#8230;et des histoires,<\/em> c&rsquo;est une page g\u00ean\u00e9e, quasi-muette et fort oublieuse de son r\u00e9visionnisme de 1898-1899 qu&rsquo;il consacrera \u00e0 l&rsquo;Affaire (p.\u200878-79) Mais quoi qu&rsquo;il en f\u00fbt, demeure demeure cet engagement, prudent pour ne pas perdre ses lecteurs mais ferme face aux quolibets et aux insultes de ses confr\u00e8res et concurrents, \u00ab&nbsp;cette campagne de dix-huit mois [<em>sic<\/em>] faite en faveur du droit&nbsp;\u00bb, qui, \u00e9crivait-il alors, \u00ab\u00a0sera l\u2019honneur de [m]a modeste carri\u00e8re d\u2019\u00e9crivain&nbsp;\u00bb (<a href=\"http:\/\/www.pireneas.fr\/media\/presse-ancienne\/INDEP\/MIDR_INDEP_MI19R56_0321_12091899_0001.pdf\" target=\"_blank\" rel=\"noopener noreferrer\">\u00ab&nbsp;Le Verdict de Rennes\u2008\u00bb<\/a>).<\/p>\r\n\r\n<p style=\"font-size: 12px; text-align: justify;\">Sources et bibliographie&nbsp;: <em>De L\u2019Histoire &#8230;et des histoires.\u2008Souvenirs d\u2019un journaliste,\u2008<\/em>Bordeaux, Delmas, 1942. Dossier de la L\u00e9gion d\u2019honneur&nbsp;: 19800035\/370\/49734. Le lien de l&rsquo;article du 16 avril 1899 n&rsquo;est pas donn\u00e9. Le num\u00e9ro manque dans la collection num\u00e9ris\u00e9e et ne se trouve qu&rsquo;\u00e0 la BNF sur papier.<\/p>\r\n\r\n<p class=\"has-text-align-right\" style=\"font-size: 10px; text-align: right;\"><em>Philippe Oriol<\/em><\/p>\r\n","protected":false},"excerpt":{"rendered":"<p>Aubert, Octave, Auguste, avocat et journaliste fran\u00e7ais, n\u00e9 \u00e0 Pau (Basses-Pyr\u00e9n\u00e9es) le 5 juin 1864*, d\u00e9c\u00e9d\u00e9 \u00e0 Paris le 24 f\u00e9vrier 1944.<\/p>\n","protected":false},"author":1,"featured_media":0,"comment_status":"open","ping_status":"open","sticky":false,"template":"","format":"standard","meta":{"footnotes":""},"categories":[42,209,9,41,56,10,324],"tags":[87,86,210],"class_list":["post-2855","post","type-post","status-publish","format-standard","hentry","category-avocat","category-basses-pyrenees","category-dreyfusard","category-homme-politique","category-publiciste-journaliste","category-revisionniste","category-revisionniste-puis-dreyfusard","tag-affaire-dreyfus","tag-dictionnaire-de-laffaire-dreyfus","tag-octave-aubert-et-laffaire-dreyfus"],"yoast_head":"<!-- This site is optimized with the Yoast SEO plugin v21.1 - https:\/\/yoast.com\/wordpress\/plugins\/seo\/ -->\n<title>Octave Aubert - Dictionnaire de l&#039;affaire Dreyfus<\/title>\n<meta name=\"robots\" content=\"index, follow, max-snippet:-1, max-image-preview:large, max-video-preview:-1\" \/>\n<link rel=\"canonical\" href=\"https:\/\/dicoaffairedreyfus.com\/index.php\/2020\/02\/28\/octave-aubert\/\" \/>\n<meta property=\"og:locale\" content=\"fr_FR\" \/>\n<meta property=\"og:type\" content=\"article\" \/>\n<meta property=\"og:title\" content=\"Octave Aubert - Dictionnaire de l&#039;affaire Dreyfus\" \/>\n<meta property=\"og:description\" content=\"Aubert, Octave, Auguste, avocat et journaliste fran\u00e7ais, n\u00e9 \u00e0 Pau (Basses-Pyr\u00e9n\u00e9es) le 5 juin 1864*, d\u00e9c\u00e9d\u00e9 \u00e0 Paris le 24 f\u00e9vrier 1944.\" \/>\n<meta property=\"og:url\" content=\"https:\/\/dicoaffairedreyfus.com\/index.php\/2020\/02\/28\/octave-aubert\/\" \/>\n<meta property=\"og:site_name\" content=\"Dictionnaire de l&#039;affaire Dreyfus\" \/>\n<meta property=\"article:published_time\" content=\"2020-02-28T19:18:43+00:00\" \/>\n<meta property=\"article:modified_time\" content=\"2020-06-05T08:06:38+00:00\" \/>\n<meta name=\"author\" content=\"ph.oriol\" \/>\n<meta name=\"twitter:card\" content=\"summary_large_image\" \/>\n<meta name=\"twitter:label1\" content=\"\u00c9crit par\" \/>\n\t<meta name=\"twitter:data1\" content=\"ph.oriol\" \/>\n\t<meta name=\"twitter:label2\" content=\"Dur\u00e9e de lecture estim\u00e9e\" \/>\n\t<meta name=\"twitter:data2\" content=\"8 minutes\" \/>\n<script type=\"application\/ld+json\" class=\"yoast-schema-graph\">{\"@context\":\"https:\/\/schema.org\",\"@graph\":[{\"@type\":\"Article\",\"@id\":\"https:\/\/dicoaffairedreyfus.com\/index.php\/2020\/02\/28\/octave-aubert\/#article\",\"isPartOf\":{\"@id\":\"https:\/\/dicoaffairedreyfus.com\/index.php\/2020\/02\/28\/octave-aubert\/\"},\"author\":{\"name\":\"ph.oriol\",\"@id\":\"https:\/\/dicoaffairedreyfus.com\/#\/schema\/person\/eb6314936862b5f00f876026520b19ef\"},\"headline\":\"Octave Aubert\",\"datePublished\":\"2020-02-28T19:18:43+00:00\",\"dateModified\":\"2020-06-05T08:06:38+00:00\",\"mainEntityOfPage\":{\"@id\":\"https:\/\/dicoaffairedreyfus.com\/index.php\/2020\/02\/28\/octave-aubert\/\"},\"wordCount\":1600,\"commentCount\":0,\"publisher\":{\"@id\":\"https:\/\/dicoaffairedreyfus.com\/#\/schema\/person\/eb6314936862b5f00f876026520b19ef\"},\"keywords\":[\"affaire Dreyfus\",\"Dictionnaire de l&#039;affaire Dreyfus\",\"Octave Aubert et l'affaire Dreyfus\"],\"articleSection\":[\"Avocat\",\"Basses-Pyr\u00e9n\u00e9es\",\"Dreyfusard\",\"Homme politique\",\"Publiciste\/Journaliste\",\"R\u00e9visionniste\",\"R\u00e9visionniste puis dreyfusard\"],\"inLanguage\":\"fr-FR\",\"potentialAction\":[{\"@type\":\"CommentAction\",\"name\":\"Comment\",\"target\":[\"https:\/\/dicoaffairedreyfus.com\/index.php\/2020\/02\/28\/octave-aubert\/#respond\"]}]},{\"@type\":\"WebPage\",\"@id\":\"https:\/\/dicoaffairedreyfus.com\/index.php\/2020\/02\/28\/octave-aubert\/\",\"url\":\"https:\/\/dicoaffairedreyfus.com\/index.php\/2020\/02\/28\/octave-aubert\/\",\"name\":\"Octave Aubert - Dictionnaire de l&#039;affaire Dreyfus\",\"isPartOf\":{\"@id\":\"https:\/\/dicoaffairedreyfus.com\/#website\"},\"datePublished\":\"2020-02-28T19:18:43+00:00\",\"dateModified\":\"2020-06-05T08:06:38+00:00\",\"breadcrumb\":{\"@id\":\"https:\/\/dicoaffairedreyfus.com\/index.php\/2020\/02\/28\/octave-aubert\/#breadcrumb\"},\"inLanguage\":\"fr-FR\",\"potentialAction\":[{\"@type\":\"ReadAction\",\"target\":[\"https:\/\/dicoaffairedreyfus.com\/index.php\/2020\/02\/28\/octave-aubert\/\"]}]},{\"@type\":\"BreadcrumbList\",\"@id\":\"https:\/\/dicoaffairedreyfus.com\/index.php\/2020\/02\/28\/octave-aubert\/#breadcrumb\",\"itemListElement\":[{\"@type\":\"ListItem\",\"position\":1,\"name\":\"Accueil\",\"item\":\"https:\/\/dicoaffairedreyfus.com\/\"},{\"@type\":\"ListItem\",\"position\":2,\"name\":\"Octave Aubert\"}]},{\"@type\":\"WebSite\",\"@id\":\"https:\/\/dicoaffairedreyfus.com\/#website\",\"url\":\"https:\/\/dicoaffairedreyfus.com\/\",\"name\":\"Dictionnaire de l&#039;affaire Dreyfus\",\"description\":\"Tout sur l&#039;affaire Dreyfus\",\"publisher\":{\"@id\":\"https:\/\/dicoaffairedreyfus.com\/#\/schema\/person\/eb6314936862b5f00f876026520b19ef\"},\"potentialAction\":[{\"@type\":\"SearchAction\",\"target\":{\"@type\":\"EntryPoint\",\"urlTemplate\":\"https:\/\/dicoaffairedreyfus.com\/?s={search_term_string}\"},\"query-input\":\"required name=search_term_string\"}],\"inLanguage\":\"fr-FR\"},{\"@type\":[\"Person\",\"Organization\"],\"@id\":\"https:\/\/dicoaffairedreyfus.com\/#\/schema\/person\/eb6314936862b5f00f876026520b19ef\",\"name\":\"ph.oriol\",\"image\":{\"@type\":\"ImageObject\",\"inLanguage\":\"fr-FR\",\"@id\":\"https:\/\/dicoaffairedreyfus.com\/#\/schema\/person\/image\/\",\"url\":\"https:\/\/secure.gravatar.com\/avatar\/90cd184f47237a6b9abd891ba824fbed?s=96&d=mm&r=g\",\"contentUrl\":\"https:\/\/secure.gravatar.com\/avatar\/90cd184f47237a6b9abd891ba824fbed?s=96&d=mm&r=g\",\"caption\":\"ph.oriol\"},\"logo\":{\"@id\":\"https:\/\/dicoaffairedreyfus.com\/#\/schema\/person\/image\/\"},\"sameAs\":[\"http:\/\/affaire-dreyfus.com\/\"]}]}<\/script>\n<!-- \/ Yoast SEO plugin. -->","yoast_head_json":{"title":"Octave Aubert - Dictionnaire de l&#039;affaire Dreyfus","robots":{"index":"index","follow":"follow","max-snippet":"max-snippet:-1","max-image-preview":"max-image-preview:large","max-video-preview":"max-video-preview:-1"},"canonical":"https:\/\/dicoaffairedreyfus.com\/index.php\/2020\/02\/28\/octave-aubert\/","og_locale":"fr_FR","og_type":"article","og_title":"Octave Aubert - Dictionnaire de l&#039;affaire Dreyfus","og_description":"Aubert, Octave, Auguste, avocat et journaliste fran\u00e7ais, n\u00e9 \u00e0 Pau (Basses-Pyr\u00e9n\u00e9es) le 5 juin 1864*, d\u00e9c\u00e9d\u00e9 \u00e0 Paris le 24 f\u00e9vrier 1944.","og_url":"https:\/\/dicoaffairedreyfus.com\/index.php\/2020\/02\/28\/octave-aubert\/","og_site_name":"Dictionnaire de l&#039;affaire Dreyfus","article_published_time":"2020-02-28T19:18:43+00:00","article_modified_time":"2020-06-05T08:06:38+00:00","author":"ph.oriol","twitter_card":"summary_large_image","twitter_misc":{"\u00c9crit par":"ph.oriol","Dur\u00e9e de lecture estim\u00e9e":"8 minutes"},"schema":{"@context":"https:\/\/schema.org","@graph":[{"@type":"Article","@id":"https:\/\/dicoaffairedreyfus.com\/index.php\/2020\/02\/28\/octave-aubert\/#article","isPartOf":{"@id":"https:\/\/dicoaffairedreyfus.com\/index.php\/2020\/02\/28\/octave-aubert\/"},"author":{"name":"ph.oriol","@id":"https:\/\/dicoaffairedreyfus.com\/#\/schema\/person\/eb6314936862b5f00f876026520b19ef"},"headline":"Octave Aubert","datePublished":"2020-02-28T19:18:43+00:00","dateModified":"2020-06-05T08:06:38+00:00","mainEntityOfPage":{"@id":"https:\/\/dicoaffairedreyfus.com\/index.php\/2020\/02\/28\/octave-aubert\/"},"wordCount":1600,"commentCount":0,"publisher":{"@id":"https:\/\/dicoaffairedreyfus.com\/#\/schema\/person\/eb6314936862b5f00f876026520b19ef"},"keywords":["affaire Dreyfus","Dictionnaire de l&#039;affaire Dreyfus","Octave Aubert et l'affaire Dreyfus"],"articleSection":["Avocat","Basses-Pyr\u00e9n\u00e9es","Dreyfusard","Homme politique","Publiciste\/Journaliste","R\u00e9visionniste","R\u00e9visionniste puis dreyfusard"],"inLanguage":"fr-FR","potentialAction":[{"@type":"CommentAction","name":"Comment","target":["https:\/\/dicoaffairedreyfus.com\/index.php\/2020\/02\/28\/octave-aubert\/#respond"]}]},{"@type":"WebPage","@id":"https:\/\/dicoaffairedreyfus.com\/index.php\/2020\/02\/28\/octave-aubert\/","url":"https:\/\/dicoaffairedreyfus.com\/index.php\/2020\/02\/28\/octave-aubert\/","name":"Octave Aubert - Dictionnaire de l&#039;affaire Dreyfus","isPartOf":{"@id":"https:\/\/dicoaffairedreyfus.com\/#website"},"datePublished":"2020-02-28T19:18:43+00:00","dateModified":"2020-06-05T08:06:38+00:00","breadcrumb":{"@id":"https:\/\/dicoaffairedreyfus.com\/index.php\/2020\/02\/28\/octave-aubert\/#breadcrumb"},"inLanguage":"fr-FR","potentialAction":[{"@type":"ReadAction","target":["https:\/\/dicoaffairedreyfus.com\/index.php\/2020\/02\/28\/octave-aubert\/"]}]},{"@type":"BreadcrumbList","@id":"https:\/\/dicoaffairedreyfus.com\/index.php\/2020\/02\/28\/octave-aubert\/#breadcrumb","itemListElement":[{"@type":"ListItem","position":1,"name":"Accueil","item":"https:\/\/dicoaffairedreyfus.com\/"},{"@type":"ListItem","position":2,"name":"Octave Aubert"}]},{"@type":"WebSite","@id":"https:\/\/dicoaffairedreyfus.com\/#website","url":"https:\/\/dicoaffairedreyfus.com\/","name":"Dictionnaire de l&#039;affaire Dreyfus","description":"Tout sur l&#039;affaire Dreyfus","publisher":{"@id":"https:\/\/dicoaffairedreyfus.com\/#\/schema\/person\/eb6314936862b5f00f876026520b19ef"},"potentialAction":[{"@type":"SearchAction","target":{"@type":"EntryPoint","urlTemplate":"https:\/\/dicoaffairedreyfus.com\/?s={search_term_string}"},"query-input":"required name=search_term_string"}],"inLanguage":"fr-FR"},{"@type":["Person","Organization"],"@id":"https:\/\/dicoaffairedreyfus.com\/#\/schema\/person\/eb6314936862b5f00f876026520b19ef","name":"ph.oriol","image":{"@type":"ImageObject","inLanguage":"fr-FR","@id":"https:\/\/dicoaffairedreyfus.com\/#\/schema\/person\/image\/","url":"https:\/\/secure.gravatar.com\/avatar\/90cd184f47237a6b9abd891ba824fbed?s=96&d=mm&r=g","contentUrl":"https:\/\/secure.gravatar.com\/avatar\/90cd184f47237a6b9abd891ba824fbed?s=96&d=mm&r=g","caption":"ph.oriol"},"logo":{"@id":"https:\/\/dicoaffairedreyfus.com\/#\/schema\/person\/image\/"},"sameAs":["http:\/\/affaire-dreyfus.com\/"]}]}},"_links":{"self":[{"href":"https:\/\/dicoaffairedreyfus.com\/index.php\/wp-json\/wp\/v2\/posts\/2855","targetHints":{"allow":["GET"]}}],"collection":[{"href":"https:\/\/dicoaffairedreyfus.com\/index.php\/wp-json\/wp\/v2\/posts"}],"about":[{"href":"https:\/\/dicoaffairedreyfus.com\/index.php\/wp-json\/wp\/v2\/types\/post"}],"author":[{"embeddable":true,"href":"https:\/\/dicoaffairedreyfus.com\/index.php\/wp-json\/wp\/v2\/users\/1"}],"replies":[{"embeddable":true,"href":"https:\/\/dicoaffairedreyfus.com\/index.php\/wp-json\/wp\/v2\/comments?post=2855"}],"version-history":[{"count":14,"href":"https:\/\/dicoaffairedreyfus.com\/index.php\/wp-json\/wp\/v2\/posts\/2855\/revisions"}],"predecessor-version":[{"id":5116,"href":"https:\/\/dicoaffairedreyfus.com\/index.php\/wp-json\/wp\/v2\/posts\/2855\/revisions\/5116"}],"wp:attachment":[{"href":"https:\/\/dicoaffairedreyfus.com\/index.php\/wp-json\/wp\/v2\/media?parent=2855"}],"wp:term":[{"taxonomy":"category","embeddable":true,"href":"https:\/\/dicoaffairedreyfus.com\/index.php\/wp-json\/wp\/v2\/categories?post=2855"},{"taxonomy":"post_tag","embeddable":true,"href":"https:\/\/dicoaffairedreyfus.com\/index.php\/wp-json\/wp\/v2\/tags?post=2855"}],"curies":[{"name":"wp","href":"https:\/\/api.w.org\/{rel}","templated":true}]}}