{"id":2809,"date":"2020-02-28T11:44:47","date_gmt":"2020-02-28T10:44:47","guid":{"rendered":"https:\/\/dicoaffairedreyfus.com\/?p=2809"},"modified":"2020-04-08T00:10:01","modified_gmt":"2020-04-07T22:10:01","slug":"henri-abbatucci","status":"publish","type":"post","link":"https:\/\/dicoaffairedreyfus.com\/index.php\/2020\/02\/28\/henri-abbatucci\/","title":{"rendered":"Henri Abbatucci"},"content":{"rendered":"<p style=\"text-align: justify;\"><span style=\"font-size: 14pt;\">Abbatucci<\/span>, Don, Jacques, Baptiste, <span style=\"font-size: 14pt;\">Henri<\/span>, militaire, avocat puis propri\u00e9taire et homme politique fran\u00e7ais, n\u00e9 \u00e0 ZIcavo (Corse) le 18 novembre 1848*, d\u00e9c\u00e9d\u00e9 \u00e0 Zicavo le 22 f\u00e9vrier 1930.<\/p>\r\n<p><!--more--><\/p>\r\n<p style=\"text-align: justify;\">Ancien capitaine de la Garde mobile de la Corse, fils de Paul Abbatucci, repr\u00e9sentant de la Corse sous le Second Empire puis \u00e0 l&rsquo;assembl\u00e9e nationale, maire de sa ville natale de 1881 \u00e0 1912 et conseiller g\u00e9n\u00e9ral de la Corse de 1892 \u00e0 1904, il vota en avril 1898 une adresse au minist\u00e8re de la Guerre pour \u00ab\u2008affirmer hautement et officiellement le respect, la confiance et l\u2019admiration que tous professent en Corse pour un corps qui n\u2019a jamais cess\u00e9 d\u2019\u00eatre la sauvegarde des destin\u00e9es de la patrie\u2008\u00bb (<a href=\"https:\/\/gallica.bnf.fr\/ark:\/12148\/bpt6k5558011v\/f107.item.r\" target=\"_blank\" rel=\"noopener noreferrer\">Conseil g\u00e9n\u00e9ral de la Corse,\u00a0<em>Session d\u2019avril 1898. Proc\u00e8s-verbal des d\u00e9lib\u00e9rations<\/em>, Ajaccio, imprimerie A. F. Leca, 1898, p. 35<\/a>). Nous n&rsquo;avons gu\u00e8re d&rsquo;autre trace de son engagement.<\/p>\r\n\r\n<p style=\"font-size: 12px; text-align: justify;\">Sources et bibliographie&nbsp;: son dossier de la L\u00e9gion d\u2019honneur se consulte sous la cote&nbsp;: <a href=\"http:\/\/www2.culture.gouv.fr\/LH\/LH001\/PG\/FRDAFAN83_OL0001075v001.htm\" target=\"_blank\" rel=\"noopener noreferrer\">LH\/1\/75<\/a>.<\/p>\r\n\r\n<p class=\"has-text-align-right\" style=\"font-size: 10px; text-align: right;\"><em>Philippe Oriol<\/em><\/p>\r\n","protected":false},"excerpt":{"rendered":"<p>Abbatucci, Don, Jacques, Baptiste, Henri, militaire, avocat puis propri\u00e9taire et homme politique fran\u00e7ais, n\u00e9 \u00e0 ZIcavo (Corse) le 18 novembre 1848*, d\u00e9c\u00e9d\u00e9 \u00e0 Zicavo le 22 f\u00e9vrier 1930.<\/p>\n","protected":false},"author":1,"featured_media":0,"comment_status":"open","ping_status":"open","sticky":false,"template":"","format":"standard","meta":{"footnotes":""},"categories":[8,42,43,106,41,47,51,186],"tags":[87,86],"class_list":["post-2809","post","type-post","status-publish","format-standard","hentry","category-antidreyfusard","category-avocat","category-conseiller-general","category-corse","category-homme-politique","category-maire","category-militaire","category-proprietaire","tag-affaire-dreyfus","tag-dictionnaire-de-laffaire-dreyfus"],"yoast_head":"<!-- This site is optimized with the Yoast SEO plugin v21.1 - https:\/\/yoast.com\/wordpress\/plugins\/seo\/ -->\n<title>Henri Abbatucci - Dictionnaire de l&#039;affaire Dreyfus<\/title>\n<meta name=\"robots\" content=\"index, follow, max-snippet:-1, max-image-preview:large, max-video-preview:-1\" \/>\n<link rel=\"canonical\" href=\"https:\/\/dicoaffairedreyfus.com\/index.php\/2020\/02\/28\/henri-abbatucci\/\" \/>\n<meta property=\"og:locale\" content=\"fr_FR\" \/>\n<meta property=\"og:type\" content=\"article\" \/>\n<meta property=\"og:title\" content=\"Henri Abbatucci - Dictionnaire de l&#039;affaire Dreyfus\" \/>\n<meta property=\"og:description\" content=\"Abbatucci, Don, Jacques, Baptiste, Henri, militaire, avocat puis propri\u00e9taire et homme politique fran\u00e7ais, n\u00e9 \u00e0 ZIcavo (Corse) le 18 novembre 1848*, d\u00e9c\u00e9d\u00e9 \u00e0 Zicavo le 22 f\u00e9vrier 1930.\" \/>\n<meta property=\"og:url\" content=\"https:\/\/dicoaffairedreyfus.com\/index.php\/2020\/02\/28\/henri-abbatucci\/\" \/>\n<meta property=\"og:site_name\" content=\"Dictionnaire de l&#039;affaire Dreyfus\" \/>\n<meta property=\"article:published_time\" content=\"2020-02-28T10:44:47+00:00\" \/>\n<meta property=\"article:modified_time\" content=\"2020-04-07T22:10:01+00:00\" \/>\n<meta name=\"author\" content=\"ph.oriol\" \/>\n<meta name=\"twitter:card\" content=\"summary_large_image\" \/>\n<meta name=\"twitter:label1\" content=\"\u00c9crit par\" \/>\n\t<meta name=\"twitter:data1\" content=\"ph.oriol\" \/>\n\t<meta name=\"twitter:label2\" content=\"Dur\u00e9e de lecture estim\u00e9e\" \/>\n\t<meta name=\"twitter:data2\" content=\"1 minute\" \/>\n<script type=\"application\/ld+json\" class=\"yoast-schema-graph\">{\"@context\":\"https:\/\/schema.org\",\"@graph\":[{\"@type\":\"Article\",\"@id\":\"https:\/\/dicoaffairedreyfus.com\/index.php\/2020\/02\/28\/henri-abbatucci\/#article\",\"isPartOf\":{\"@id\":\"https:\/\/dicoaffairedreyfus.com\/index.php\/2020\/02\/28\/henri-abbatucci\/\"},\"author\":{\"name\":\"ph.oriol\",\"@id\":\"https:\/\/dicoaffairedreyfus.com\/#\/schema\/person\/eb6314936862b5f00f876026520b19ef\"},\"headline\":\"Henri Abbatucci\",\"datePublished\":\"2020-02-28T10:44:47+00:00\",\"dateModified\":\"2020-04-07T22:10:01+00:00\",\"mainEntityOfPage\":{\"@id\":\"https:\/\/dicoaffairedreyfus.com\/index.php\/2020\/02\/28\/henri-abbatucci\/\"},\"wordCount\":167,\"commentCount\":0,\"publisher\":{\"@id\":\"https:\/\/dicoaffairedreyfus.com\/#\/schema\/person\/eb6314936862b5f00f876026520b19ef\"},\"keywords\":[\"affaire Dreyfus\",\"Dictionnaire de l&#039;affaire Dreyfus\"],\"articleSection\":[\"Antidreyfusard\",\"Avocat\",\"Conseiller g\u00e9n\u00e9ral\",\"Corse\",\"Homme politique\",\"Maire\",\"Militaire\",\"Propri\u00e9taire\"],\"inLanguage\":\"fr-FR\",\"potentialAction\":[{\"@type\":\"CommentAction\",\"name\":\"Comment\",\"target\":[\"https:\/\/dicoaffairedreyfus.com\/index.php\/2020\/02\/28\/henri-abbatucci\/#respond\"]}]},{\"@type\":\"WebPage\",\"@id\":\"https:\/\/dicoaffairedreyfus.com\/index.php\/2020\/02\/28\/henri-abbatucci\/\",\"url\":\"https:\/\/dicoaffairedreyfus.com\/index.php\/2020\/02\/28\/henri-abbatucci\/\",\"name\":\"Henri Abbatucci - Dictionnaire de l&#039;affaire Dreyfus\",\"isPartOf\":{\"@id\":\"https:\/\/dicoaffairedreyfus.com\/#website\"},\"datePublished\":\"2020-02-28T10:44:47+00:00\",\"dateModified\":\"2020-04-07T22:10:01+00:00\",\"breadcrumb\":{\"@id\":\"https:\/\/dicoaffairedreyfus.com\/index.php\/2020\/02\/28\/henri-abbatucci\/#breadcrumb\"},\"inLanguage\":\"fr-FR\",\"potentialAction\":[{\"@type\":\"ReadAction\",\"target\":[\"https:\/\/dicoaffairedreyfus.com\/index.php\/2020\/02\/28\/henri-abbatucci\/\"]}]},{\"@type\":\"BreadcrumbList\",\"@id\":\"https:\/\/dicoaffairedreyfus.com\/index.php\/2020\/02\/28\/henri-abbatucci\/#breadcrumb\",\"itemListElement\":[{\"@type\":\"ListItem\",\"position\":1,\"name\":\"Accueil\",\"item\":\"https:\/\/dicoaffairedreyfus.com\/\"},{\"@type\":\"ListItem\",\"position\":2,\"name\":\"Henri Abbatucci\"}]},{\"@type\":\"WebSite\",\"@id\":\"https:\/\/dicoaffairedreyfus.com\/#website\",\"url\":\"https:\/\/dicoaffairedreyfus.com\/\",\"name\":\"Dictionnaire de l&#039;affaire Dreyfus\",\"description\":\"Tout sur l&#039;affaire Dreyfus\",\"publisher\":{\"@id\":\"https:\/\/dicoaffairedreyfus.com\/#\/schema\/person\/eb6314936862b5f00f876026520b19ef\"},\"potentialAction\":[{\"@type\":\"SearchAction\",\"target\":{\"@type\":\"EntryPoint\",\"urlTemplate\":\"https:\/\/dicoaffairedreyfus.com\/?s={search_term_string}\"},\"query-input\":\"required name=search_term_string\"}],\"inLanguage\":\"fr-FR\"},{\"@type\":[\"Person\",\"Organization\"],\"@id\":\"https:\/\/dicoaffairedreyfus.com\/#\/schema\/person\/eb6314936862b5f00f876026520b19ef\",\"name\":\"ph.oriol\",\"image\":{\"@type\":\"ImageObject\",\"inLanguage\":\"fr-FR\",\"@id\":\"https:\/\/dicoaffairedreyfus.com\/#\/schema\/person\/image\/\",\"url\":\"https:\/\/secure.gravatar.com\/avatar\/90cd184f47237a6b9abd891ba824fbed?s=96&d=mm&r=g\",\"contentUrl\":\"https:\/\/secure.gravatar.com\/avatar\/90cd184f47237a6b9abd891ba824fbed?s=96&d=mm&r=g\",\"caption\":\"ph.oriol\"},\"logo\":{\"@id\":\"https:\/\/dicoaffairedreyfus.com\/#\/schema\/person\/image\/\"},\"sameAs\":[\"http:\/\/affaire-dreyfus.com\/\"]}]}<\/script>\n<!-- \/ Yoast SEO plugin. -->","yoast_head_json":{"title":"Henri Abbatucci - Dictionnaire de l&#039;affaire Dreyfus","robots":{"index":"index","follow":"follow","max-snippet":"max-snippet:-1","max-image-preview":"max-image-preview:large","max-video-preview":"max-video-preview:-1"},"canonical":"https:\/\/dicoaffairedreyfus.com\/index.php\/2020\/02\/28\/henri-abbatucci\/","og_locale":"fr_FR","og_type":"article","og_title":"Henri Abbatucci - Dictionnaire de l&#039;affaire Dreyfus","og_description":"Abbatucci, Don, Jacques, Baptiste, Henri, militaire, avocat puis propri\u00e9taire et homme politique fran\u00e7ais, n\u00e9 \u00e0 ZIcavo (Corse) le 18 novembre 1848*, d\u00e9c\u00e9d\u00e9 \u00e0 Zicavo le 22 f\u00e9vrier 1930.","og_url":"https:\/\/dicoaffairedreyfus.com\/index.php\/2020\/02\/28\/henri-abbatucci\/","og_site_name":"Dictionnaire de l&#039;affaire Dreyfus","article_published_time":"2020-02-28T10:44:47+00:00","article_modified_time":"2020-04-07T22:10:01+00:00","author":"ph.oriol","twitter_card":"summary_large_image","twitter_misc":{"\u00c9crit par":"ph.oriol","Dur\u00e9e de lecture estim\u00e9e":"1 minute"},"schema":{"@context":"https:\/\/schema.org","@graph":[{"@type":"Article","@id":"https:\/\/dicoaffairedreyfus.com\/index.php\/2020\/02\/28\/henri-abbatucci\/#article","isPartOf":{"@id":"https:\/\/dicoaffairedreyfus.com\/index.php\/2020\/02\/28\/henri-abbatucci\/"},"author":{"name":"ph.oriol","@id":"https:\/\/dicoaffairedreyfus.com\/#\/schema\/person\/eb6314936862b5f00f876026520b19ef"},"headline":"Henri Abbatucci","datePublished":"2020-02-28T10:44:47+00:00","dateModified":"2020-04-07T22:10:01+00:00","mainEntityOfPage":{"@id":"https:\/\/dicoaffairedreyfus.com\/index.php\/2020\/02\/28\/henri-abbatucci\/"},"wordCount":167,"commentCount":0,"publisher":{"@id":"https:\/\/dicoaffairedreyfus.com\/#\/schema\/person\/eb6314936862b5f00f876026520b19ef"},"keywords":["affaire Dreyfus","Dictionnaire de l&#039;affaire Dreyfus"],"articleSection":["Antidreyfusard","Avocat","Conseiller g\u00e9n\u00e9ral","Corse","Homme politique","Maire","Militaire","Propri\u00e9taire"],"inLanguage":"fr-FR","potentialAction":[{"@type":"CommentAction","name":"Comment","target":["https:\/\/dicoaffairedreyfus.com\/index.php\/2020\/02\/28\/henri-abbatucci\/#respond"]}]},{"@type":"WebPage","@id":"https:\/\/dicoaffairedreyfus.com\/index.php\/2020\/02\/28\/henri-abbatucci\/","url":"https:\/\/dicoaffairedreyfus.com\/index.php\/2020\/02\/28\/henri-abbatucci\/","name":"Henri Abbatucci - Dictionnaire de l&#039;affaire Dreyfus","isPartOf":{"@id":"https:\/\/dicoaffairedreyfus.com\/#website"},"datePublished":"2020-02-28T10:44:47+00:00","dateModified":"2020-04-07T22:10:01+00:00","breadcrumb":{"@id":"https:\/\/dicoaffairedreyfus.com\/index.php\/2020\/02\/28\/henri-abbatucci\/#breadcrumb"},"inLanguage":"fr-FR","potentialAction":[{"@type":"ReadAction","target":["https:\/\/dicoaffairedreyfus.com\/index.php\/2020\/02\/28\/henri-abbatucci\/"]}]},{"@type":"BreadcrumbList","@id":"https:\/\/dicoaffairedreyfus.com\/index.php\/2020\/02\/28\/henri-abbatucci\/#breadcrumb","itemListElement":[{"@type":"ListItem","position":1,"name":"Accueil","item":"https:\/\/dicoaffairedreyfus.com\/"},{"@type":"ListItem","position":2,"name":"Henri Abbatucci"}]},{"@type":"WebSite","@id":"https:\/\/dicoaffairedreyfus.com\/#website","url":"https:\/\/dicoaffairedreyfus.com\/","name":"Dictionnaire de l&#039;affaire Dreyfus","description":"Tout sur l&#039;affaire Dreyfus","publisher":{"@id":"https:\/\/dicoaffairedreyfus.com\/#\/schema\/person\/eb6314936862b5f00f876026520b19ef"},"potentialAction":[{"@type":"SearchAction","target":{"@type":"EntryPoint","urlTemplate":"https:\/\/dicoaffairedreyfus.com\/?s={search_term_string}"},"query-input":"required name=search_term_string"}],"inLanguage":"fr-FR"},{"@type":["Person","Organization"],"@id":"https:\/\/dicoaffairedreyfus.com\/#\/schema\/person\/eb6314936862b5f00f876026520b19ef","name":"ph.oriol","image":{"@type":"ImageObject","inLanguage":"fr-FR","@id":"https:\/\/dicoaffairedreyfus.com\/#\/schema\/person\/image\/","url":"https:\/\/secure.gravatar.com\/avatar\/90cd184f47237a6b9abd891ba824fbed?s=96&d=mm&r=g","contentUrl":"https:\/\/secure.gravatar.com\/avatar\/90cd184f47237a6b9abd891ba824fbed?s=96&d=mm&r=g","caption":"ph.oriol"},"logo":{"@id":"https:\/\/dicoaffairedreyfus.com\/#\/schema\/person\/image\/"},"sameAs":["http:\/\/affaire-dreyfus.com\/"]}]}},"_links":{"self":[{"href":"https:\/\/dicoaffairedreyfus.com\/index.php\/wp-json\/wp\/v2\/posts\/2809","targetHints":{"allow":["GET"]}}],"collection":[{"href":"https:\/\/dicoaffairedreyfus.com\/index.php\/wp-json\/wp\/v2\/posts"}],"about":[{"href":"https:\/\/dicoaffairedreyfus.com\/index.php\/wp-json\/wp\/v2\/types\/post"}],"author":[{"embeddable":true,"href":"https:\/\/dicoaffairedreyfus.com\/index.php\/wp-json\/wp\/v2\/users\/1"}],"replies":[{"embeddable":true,"href":"https:\/\/dicoaffairedreyfus.com\/index.php\/wp-json\/wp\/v2\/comments?post=2809"}],"version-history":[{"count":6,"href":"https:\/\/dicoaffairedreyfus.com\/index.php\/wp-json\/wp\/v2\/posts\/2809\/revisions"}],"predecessor-version":[{"id":4496,"href":"https:\/\/dicoaffairedreyfus.com\/index.php\/wp-json\/wp\/v2\/posts\/2809\/revisions\/4496"}],"wp:attachment":[{"href":"https:\/\/dicoaffairedreyfus.com\/index.php\/wp-json\/wp\/v2\/media?parent=2809"}],"wp:term":[{"taxonomy":"category","embeddable":true,"href":"https:\/\/dicoaffairedreyfus.com\/index.php\/wp-json\/wp\/v2\/categories?post=2809"},{"taxonomy":"post_tag","embeddable":true,"href":"https:\/\/dicoaffairedreyfus.com\/index.php\/wp-json\/wp\/v2\/tags?post=2809"}],"curies":[{"name":"wp","href":"https:\/\/api.w.org\/{rel}","templated":true}]}}