{"id":2402,"date":"2020-02-19T10:57:50","date_gmt":"2020-02-19T09:57:50","guid":{"rendered":"https:\/\/dicoaffairedreyfus.com\/?p=2402"},"modified":"2020-04-12T14:04:02","modified_gmt":"2020-04-12T12:04:02","slug":"ardouin-dumazet","status":"publish","type":"post","link":"https:\/\/dicoaffairedreyfus.com\/index.php\/2020\/02\/19\/ardouin-dumazet\/","title":{"rendered":"Ardouin-Dumazet"},"content":{"rendered":"<p style=\"text-align: justify;\"><span style=\"font-size: 14pt;\">Ardouin-Dumazet <\/span>(Victor, Eug\u00e8ne Ardoin puis Ardouin dit), journaliste fran\u00e7ais, n\u00e9 \u00e0 Vizille (Is\u00e8re) le 12 janvier 1852*, d\u00e9c\u00e9d\u00e9 \u00e0 Arsonval (Aube) fin mai 1940.<\/p>\r\n<p style=\"text-align: justify;\"><!--more--><\/p>\r\n<p style=\"text-align: justify;\">Collaborateur au <em>Temps<\/em>, au <em>Journal<\/em>, au<em> Petit oranais<\/em>, au <em>Courrier de Lyon<\/em>, \u00e0 <em>L\u2019Avenir <\/em>de la Sarthe, r\u00e9dacteur en chef de <em>La Charente <\/em>d\u2019Angoul\u00eame, directeur de <em>La Gironde<\/em> et de <em>L\u2019\u00c9cho du Nord<\/em>, auteur des <em>Voyages en France<\/em>, 70 volumes publi\u00e9s entre 1893 et 1907, Ardouin-Dumazet, entr\u00e9 pour prendre en charge les questions militaires au <a href=\"https:\/\/dicoaffairedreyfus.com\/index.php\/2020\/01\/10\/le-figaro\/\" target=\"_blank\" rel=\"noopener noreferrer\"><em>Figaro<\/em><\/a> \u00e0 partir de janvier 1898 \u2013 et o\u00f9 il se garda bien de parler de l&rsquo;Affaire \u2013, adh\u00e9ra \u00e0 la <a href=\"https:\/\/dicoaffairedreyfus.com\/index.php\/2020\/01\/07\/ligue-de-la-patrie-francaise\/\" target=\"_blank\" rel=\"noopener noreferrer\">Ligue de la patrie fran\u00e7aise<\/a> (1<sup>\u00e8re<\/sup> liste) et, en janvier 1900, participa \u00e0 la souscription ouverte pour <a href=\"https:\/\/dicoaffairedreyfus.com\/index.php\/2020\/03\/07\/souscription-deroulede\/\" target=\"_blank\" rel=\"noopener noreferrer\">\u00ab&nbsp;offrir \u00e0 Paul D\u00e9roul\u00e8de un objet d\u2019art lui rappelant la Patrie absente&nbsp;\u00bb<\/a> (1<sup>\u00e8re<\/sup>\u00a0liste).<br \/>En ao\u00fbt 1899, peu avant l&rsquo;ouverture du <a href=\"https:\/\/dicoaffairedreyfus.com\/index.php\/2020\/01\/05\/proces-de-rennes\/\" target=\"_blank\" rel=\"noopener noreferrer\">proc\u00e8s de Rennes<\/a>, son nom fut donn\u00e9 par la presse <a href=\"https:\/\/dicoaffairedreyfus.com\/index.php\/2020\/01\/14\/antidreyfusard\/\" target=\"_blank\" rel=\"noopener noreferrer\">antidreyfusarde<\/a> (voir les num\u00e9ros des 7 et 8 ao\u00fbt) comme devant \u00eatre entendu au sujet des <a href=\"https:\/\/dicoaffairedreyfus.com\/index.php\/2020\/02\/16\/legende-des-aveux\/\" target=\"_blank\" rel=\"noopener noreferrer\">aveux<\/a> qu&rsquo;il avait recueillis le jour de la <a href=\"https:\/\/dicoaffairedreyfus.com\/index.php\/2020\/01\/12\/degradation\/\" target=\"_blank\" rel=\"noopener noreferrer\">d\u00e9gradation<\/a>, dont il avait souvent parl\u00e9 depuis et qu&rsquo;il avait, en son temps, consign\u00e9s dans l&rsquo;article qu&rsquo;il avait donn\u00e9 au <em>Temps<\/em> auquel il collaborait alors&nbsp;:<\/p>\r\n<blockquote>\r\n<p style=\"text-align: justify;\">La foule s&rsquo;est \u00e9coul\u00e9e \u00e9mue. Dans la cour, on raconte qu&rsquo;Alfred Dreyfus aurait fait allusion \u00e0 sa conduite en parlant \u00e0 ses gardiens, alors qu&rsquo;il attendait l&rsquo;heure d&rsquo;\u00eatre conduit dans la cour o\u00f9 il devait expier. Nous avons pu contr\u00f4ler ses paroles&nbsp;; les voici \u00e0 peu pr\u00e8s textuellement \u00ab\u00a0Je suis innocent. Si j&rsquo;ai livr\u00e9 des documents \u00e0 l&rsquo;\u00e9tranger, c&rsquo;\u00e9tait pour amorcer et en avoir de plus consid\u00e9rables; dans trois ans, on saura la v\u00e9rit\u00e9, et le ministre lui-m\u00eame reprendra mon affaire.&nbsp;\u00bb (<a href=\"https:\/\/gallica.bnf.fr\/ark:\/12148\/bpt6k234345d\/f1.item\" target=\"_blank\" rel=\"noopener noreferrer\">\u00ab&nbsp;La d\u00e9gradation d&rsquo;Alfred Dreyfus&nbsp;\u00bb, 6 janvier 1895<\/a>).<\/p>\r\n<\/blockquote>\r\n<p style=\"font-size: 12px;\">Sources et bibliographie&nbsp;: son dossier de la L\u00e9gion d\u2019honneur se consulte sous la cote&nbsp;: <a href=\"http:\/\/www2.culture.gouv.fr\/LH\/LH138\/PG\/FRDAFAN84_O19800035v0374966.htm\" target=\"_blank\" rel=\"noopener noreferrer\">19800035\/0198\/25872<\/a>.<\/p>\r\n<!-- \/wp:paragraph -->\r\n\r\n<!-- wp:paragraph {\"align&nbsp;:\"right\",\"customFontSize&nbsp;:10} -->\r\n<p class=\"has-text-align-right\" style=\"font-size: 10px; text-align: right;\"><em>Philippe Oriol<\/em><\/p>\r\n<p><img loading=\"lazy\" decoding=\"async\" class=\"aligncenter wp-image-2404 size-full\" src=\"https:\/\/dicoaffairedreyfus.com\/wp-content\/uploads\/2020\/02\/Ardouin-Dumazet.jpg\" alt=\"\" width=\"520\" height=\"791\" srcset=\"https:\/\/dicoaffairedreyfus.com\/wp-content\/uploads\/2020\/02\/Ardouin-Dumazet.jpg 520w, https:\/\/dicoaffairedreyfus.com\/wp-content\/uploads\/2020\/02\/Ardouin-Dumazet-197x300.jpg 197w\" sizes=\"auto, (max-width: 520px) 100vw, 520px\" \/><\/p>","protected":false},"excerpt":{"rendered":"<p>Ardouin-Dumazet (Victor, Eug\u00e8ne Ardoin puis Ardouin dit), journaliste fran\u00e7ais, n\u00e9 \u00e0 Vizille (Is\u00e8re) le 12 janvier 1852*, d\u00e9c\u00e9d\u00e9 \u00e0 Arsonval (Aube) fin mai 1940.<\/p>\n","protected":false},"author":1,"featured_media":0,"comment_status":"open","ping_status":"open","sticky":false,"template":"","format":"standard","meta":{"footnotes":""},"categories":[8,58,55,214,56],"tags":[87,86],"class_list":["post-2402","post","type-post","status-publish","format-standard","hentry","category-antidreyfusard","category-ecrivain","category-isere","category-ligue-de-la-patrie-francaise","category-publiciste-journaliste","tag-affaire-dreyfus","tag-dictionnaire-de-laffaire-dreyfus"],"yoast_head":"<!-- This site is optimized with the Yoast SEO plugin v21.1 - https:\/\/yoast.com\/wordpress\/plugins\/seo\/ -->\n<title>Ardouin-Dumazet - Dictionnaire de l&#039;affaire Dreyfus<\/title>\n<meta name=\"robots\" content=\"index, follow, max-snippet:-1, max-image-preview:large, max-video-preview:-1\" \/>\n<link rel=\"canonical\" href=\"https:\/\/dicoaffairedreyfus.com\/index.php\/2020\/02\/19\/ardouin-dumazet\/\" \/>\n<meta property=\"og:locale\" content=\"fr_FR\" \/>\n<meta property=\"og:type\" content=\"article\" \/>\n<meta property=\"og:title\" content=\"Ardouin-Dumazet - Dictionnaire de l&#039;affaire Dreyfus\" \/>\n<meta property=\"og:description\" content=\"Ardouin-Dumazet (Victor, Eug\u00e8ne Ardoin puis Ardouin dit), journaliste fran\u00e7ais, n\u00e9 \u00e0 Vizille (Is\u00e8re) le 12 janvier 1852*, d\u00e9c\u00e9d\u00e9 \u00e0 Arsonval (Aube) fin mai 1940.\" \/>\n<meta property=\"og:url\" content=\"https:\/\/dicoaffairedreyfus.com\/index.php\/2020\/02\/19\/ardouin-dumazet\/\" \/>\n<meta property=\"og:site_name\" content=\"Dictionnaire de l&#039;affaire Dreyfus\" \/>\n<meta property=\"article:published_time\" content=\"2020-02-19T09:57:50+00:00\" \/>\n<meta property=\"article:modified_time\" content=\"2020-04-12T12:04:02+00:00\" \/>\n<meta property=\"og:image\" content=\"https:\/\/dicoaffairedreyfus.com\/wp-content\/uploads\/2020\/02\/Ardouin-Dumazet.jpg\" \/>\n<meta name=\"author\" content=\"ph.oriol\" \/>\n<meta name=\"twitter:card\" content=\"summary_large_image\" \/>\n<meta name=\"twitter:label1\" content=\"\u00c9crit par\" \/>\n\t<meta name=\"twitter:data1\" content=\"ph.oriol\" \/>\n\t<meta name=\"twitter:label2\" content=\"Dur\u00e9e de lecture estim\u00e9e\" \/>\n\t<meta name=\"twitter:data2\" content=\"2 minutes\" \/>\n<script type=\"application\/ld+json\" class=\"yoast-schema-graph\">{\"@context\":\"https:\/\/schema.org\",\"@graph\":[{\"@type\":\"Article\",\"@id\":\"https:\/\/dicoaffairedreyfus.com\/index.php\/2020\/02\/19\/ardouin-dumazet\/#article\",\"isPartOf\":{\"@id\":\"https:\/\/dicoaffairedreyfus.com\/index.php\/2020\/02\/19\/ardouin-dumazet\/\"},\"author\":{\"name\":\"ph.oriol\",\"@id\":\"https:\/\/dicoaffairedreyfus.com\/#\/schema\/person\/eb6314936862b5f00f876026520b19ef\"},\"headline\":\"Ardouin-Dumazet\",\"datePublished\":\"2020-02-19T09:57:50+00:00\",\"dateModified\":\"2020-04-12T12:04:02+00:00\",\"mainEntityOfPage\":{\"@id\":\"https:\/\/dicoaffairedreyfus.com\/index.php\/2020\/02\/19\/ardouin-dumazet\/\"},\"wordCount\":310,\"commentCount\":0,\"publisher\":{\"@id\":\"https:\/\/dicoaffairedreyfus.com\/#\/schema\/person\/eb6314936862b5f00f876026520b19ef\"},\"keywords\":[\"affaire Dreyfus\",\"Dictionnaire de l&#039;affaire Dreyfus\"],\"articleSection\":[\"Antidreyfusard\",\"\u00c9crivain\",\"Is\u00e8re\",\"Ligue de la patrie fran\u00e7aise\",\"Publiciste\/Journaliste\"],\"inLanguage\":\"fr-FR\",\"potentialAction\":[{\"@type\":\"CommentAction\",\"name\":\"Comment\",\"target\":[\"https:\/\/dicoaffairedreyfus.com\/index.php\/2020\/02\/19\/ardouin-dumazet\/#respond\"]}]},{\"@type\":\"WebPage\",\"@id\":\"https:\/\/dicoaffairedreyfus.com\/index.php\/2020\/02\/19\/ardouin-dumazet\/\",\"url\":\"https:\/\/dicoaffairedreyfus.com\/index.php\/2020\/02\/19\/ardouin-dumazet\/\",\"name\":\"Ardouin-Dumazet - Dictionnaire de l&#039;affaire Dreyfus\",\"isPartOf\":{\"@id\":\"https:\/\/dicoaffairedreyfus.com\/#website\"},\"datePublished\":\"2020-02-19T09:57:50+00:00\",\"dateModified\":\"2020-04-12T12:04:02+00:00\",\"breadcrumb\":{\"@id\":\"https:\/\/dicoaffairedreyfus.com\/index.php\/2020\/02\/19\/ardouin-dumazet\/#breadcrumb\"},\"inLanguage\":\"fr-FR\",\"potentialAction\":[{\"@type\":\"ReadAction\",\"target\":[\"https:\/\/dicoaffairedreyfus.com\/index.php\/2020\/02\/19\/ardouin-dumazet\/\"]}]},{\"@type\":\"BreadcrumbList\",\"@id\":\"https:\/\/dicoaffairedreyfus.com\/index.php\/2020\/02\/19\/ardouin-dumazet\/#breadcrumb\",\"itemListElement\":[{\"@type\":\"ListItem\",\"position\":1,\"name\":\"Accueil\",\"item\":\"https:\/\/dicoaffairedreyfus.com\/\"},{\"@type\":\"ListItem\",\"position\":2,\"name\":\"Ardouin-Dumazet\"}]},{\"@type\":\"WebSite\",\"@id\":\"https:\/\/dicoaffairedreyfus.com\/#website\",\"url\":\"https:\/\/dicoaffairedreyfus.com\/\",\"name\":\"Dictionnaire de l&#039;affaire Dreyfus\",\"description\":\"Tout sur l&#039;affaire Dreyfus\",\"publisher\":{\"@id\":\"https:\/\/dicoaffairedreyfus.com\/#\/schema\/person\/eb6314936862b5f00f876026520b19ef\"},\"potentialAction\":[{\"@type\":\"SearchAction\",\"target\":{\"@type\":\"EntryPoint\",\"urlTemplate\":\"https:\/\/dicoaffairedreyfus.com\/?s={search_term_string}\"},\"query-input\":\"required name=search_term_string\"}],\"inLanguage\":\"fr-FR\"},{\"@type\":[\"Person\",\"Organization\"],\"@id\":\"https:\/\/dicoaffairedreyfus.com\/#\/schema\/person\/eb6314936862b5f00f876026520b19ef\",\"name\":\"ph.oriol\",\"image\":{\"@type\":\"ImageObject\",\"inLanguage\":\"fr-FR\",\"@id\":\"https:\/\/dicoaffairedreyfus.com\/#\/schema\/person\/image\/\",\"url\":\"https:\/\/secure.gravatar.com\/avatar\/90cd184f47237a6b9abd891ba824fbed?s=96&d=mm&r=g\",\"contentUrl\":\"https:\/\/secure.gravatar.com\/avatar\/90cd184f47237a6b9abd891ba824fbed?s=96&d=mm&r=g\",\"caption\":\"ph.oriol\"},\"logo\":{\"@id\":\"https:\/\/dicoaffairedreyfus.com\/#\/schema\/person\/image\/\"},\"sameAs\":[\"http:\/\/affaire-dreyfus.com\/\"]}]}<\/script>\n<!-- \/ Yoast SEO plugin. -->","yoast_head_json":{"title":"Ardouin-Dumazet - Dictionnaire de l&#039;affaire Dreyfus","robots":{"index":"index","follow":"follow","max-snippet":"max-snippet:-1","max-image-preview":"max-image-preview:large","max-video-preview":"max-video-preview:-1"},"canonical":"https:\/\/dicoaffairedreyfus.com\/index.php\/2020\/02\/19\/ardouin-dumazet\/","og_locale":"fr_FR","og_type":"article","og_title":"Ardouin-Dumazet - Dictionnaire de l&#039;affaire Dreyfus","og_description":"Ardouin-Dumazet (Victor, Eug\u00e8ne Ardoin puis Ardouin dit), journaliste fran\u00e7ais, n\u00e9 \u00e0 Vizille (Is\u00e8re) le 12 janvier 1852*, d\u00e9c\u00e9d\u00e9 \u00e0 Arsonval (Aube) fin mai 1940.","og_url":"https:\/\/dicoaffairedreyfus.com\/index.php\/2020\/02\/19\/ardouin-dumazet\/","og_site_name":"Dictionnaire de l&#039;affaire Dreyfus","article_published_time":"2020-02-19T09:57:50+00:00","article_modified_time":"2020-04-12T12:04:02+00:00","og_image":[{"url":"https:\/\/dicoaffairedreyfus.com\/wp-content\/uploads\/2020\/02\/Ardouin-Dumazet.jpg"}],"author":"ph.oriol","twitter_card":"summary_large_image","twitter_misc":{"\u00c9crit par":"ph.oriol","Dur\u00e9e de lecture estim\u00e9e":"2 minutes"},"schema":{"@context":"https:\/\/schema.org","@graph":[{"@type":"Article","@id":"https:\/\/dicoaffairedreyfus.com\/index.php\/2020\/02\/19\/ardouin-dumazet\/#article","isPartOf":{"@id":"https:\/\/dicoaffairedreyfus.com\/index.php\/2020\/02\/19\/ardouin-dumazet\/"},"author":{"name":"ph.oriol","@id":"https:\/\/dicoaffairedreyfus.com\/#\/schema\/person\/eb6314936862b5f00f876026520b19ef"},"headline":"Ardouin-Dumazet","datePublished":"2020-02-19T09:57:50+00:00","dateModified":"2020-04-12T12:04:02+00:00","mainEntityOfPage":{"@id":"https:\/\/dicoaffairedreyfus.com\/index.php\/2020\/02\/19\/ardouin-dumazet\/"},"wordCount":310,"commentCount":0,"publisher":{"@id":"https:\/\/dicoaffairedreyfus.com\/#\/schema\/person\/eb6314936862b5f00f876026520b19ef"},"keywords":["affaire Dreyfus","Dictionnaire de l&#039;affaire Dreyfus"],"articleSection":["Antidreyfusard","\u00c9crivain","Is\u00e8re","Ligue de la patrie fran\u00e7aise","Publiciste\/Journaliste"],"inLanguage":"fr-FR","potentialAction":[{"@type":"CommentAction","name":"Comment","target":["https:\/\/dicoaffairedreyfus.com\/index.php\/2020\/02\/19\/ardouin-dumazet\/#respond"]}]},{"@type":"WebPage","@id":"https:\/\/dicoaffairedreyfus.com\/index.php\/2020\/02\/19\/ardouin-dumazet\/","url":"https:\/\/dicoaffairedreyfus.com\/index.php\/2020\/02\/19\/ardouin-dumazet\/","name":"Ardouin-Dumazet - Dictionnaire de l&#039;affaire Dreyfus","isPartOf":{"@id":"https:\/\/dicoaffairedreyfus.com\/#website"},"datePublished":"2020-02-19T09:57:50+00:00","dateModified":"2020-04-12T12:04:02+00:00","breadcrumb":{"@id":"https:\/\/dicoaffairedreyfus.com\/index.php\/2020\/02\/19\/ardouin-dumazet\/#breadcrumb"},"inLanguage":"fr-FR","potentialAction":[{"@type":"ReadAction","target":["https:\/\/dicoaffairedreyfus.com\/index.php\/2020\/02\/19\/ardouin-dumazet\/"]}]},{"@type":"BreadcrumbList","@id":"https:\/\/dicoaffairedreyfus.com\/index.php\/2020\/02\/19\/ardouin-dumazet\/#breadcrumb","itemListElement":[{"@type":"ListItem","position":1,"name":"Accueil","item":"https:\/\/dicoaffairedreyfus.com\/"},{"@type":"ListItem","position":2,"name":"Ardouin-Dumazet"}]},{"@type":"WebSite","@id":"https:\/\/dicoaffairedreyfus.com\/#website","url":"https:\/\/dicoaffairedreyfus.com\/","name":"Dictionnaire de l&#039;affaire Dreyfus","description":"Tout sur l&#039;affaire Dreyfus","publisher":{"@id":"https:\/\/dicoaffairedreyfus.com\/#\/schema\/person\/eb6314936862b5f00f876026520b19ef"},"potentialAction":[{"@type":"SearchAction","target":{"@type":"EntryPoint","urlTemplate":"https:\/\/dicoaffairedreyfus.com\/?s={search_term_string}"},"query-input":"required name=search_term_string"}],"inLanguage":"fr-FR"},{"@type":["Person","Organization"],"@id":"https:\/\/dicoaffairedreyfus.com\/#\/schema\/person\/eb6314936862b5f00f876026520b19ef","name":"ph.oriol","image":{"@type":"ImageObject","inLanguage":"fr-FR","@id":"https:\/\/dicoaffairedreyfus.com\/#\/schema\/person\/image\/","url":"https:\/\/secure.gravatar.com\/avatar\/90cd184f47237a6b9abd891ba824fbed?s=96&d=mm&r=g","contentUrl":"https:\/\/secure.gravatar.com\/avatar\/90cd184f47237a6b9abd891ba824fbed?s=96&d=mm&r=g","caption":"ph.oriol"},"logo":{"@id":"https:\/\/dicoaffairedreyfus.com\/#\/schema\/person\/image\/"},"sameAs":["http:\/\/affaire-dreyfus.com\/"]}]}},"_links":{"self":[{"href":"https:\/\/dicoaffairedreyfus.com\/index.php\/wp-json\/wp\/v2\/posts\/2402","targetHints":{"allow":["GET"]}}],"collection":[{"href":"https:\/\/dicoaffairedreyfus.com\/index.php\/wp-json\/wp\/v2\/posts"}],"about":[{"href":"https:\/\/dicoaffairedreyfus.com\/index.php\/wp-json\/wp\/v2\/types\/post"}],"author":[{"embeddable":true,"href":"https:\/\/dicoaffairedreyfus.com\/index.php\/wp-json\/wp\/v2\/users\/1"}],"replies":[{"embeddable":true,"href":"https:\/\/dicoaffairedreyfus.com\/index.php\/wp-json\/wp\/v2\/comments?post=2402"}],"version-history":[{"count":6,"href":"https:\/\/dicoaffairedreyfus.com\/index.php\/wp-json\/wp\/v2\/posts\/2402\/revisions"}],"predecessor-version":[{"id":4735,"href":"https:\/\/dicoaffairedreyfus.com\/index.php\/wp-json\/wp\/v2\/posts\/2402\/revisions\/4735"}],"wp:attachment":[{"href":"https:\/\/dicoaffairedreyfus.com\/index.php\/wp-json\/wp\/v2\/media?parent=2402"}],"wp:term":[{"taxonomy":"category","embeddable":true,"href":"https:\/\/dicoaffairedreyfus.com\/index.php\/wp-json\/wp\/v2\/categories?post=2402"},{"taxonomy":"post_tag","embeddable":true,"href":"https:\/\/dicoaffairedreyfus.com\/index.php\/wp-json\/wp\/v2\/tags?post=2402"}],"curies":[{"name":"wp","href":"https:\/\/api.w.org\/{rel}","templated":true}]}}