{"id":2366,"date":"2020-02-18T20:28:48","date_gmt":"2020-02-18T19:28:48","guid":{"rendered":"https:\/\/dicoaffairedreyfus.com\/?p=2366"},"modified":"2020-02-26T12:20:36","modified_gmt":"2020-02-26T11:20:36","slug":"comte-darco-valley","status":"publish","type":"post","link":"https:\/\/dicoaffairedreyfus.com\/index.php\/2020\/02\/18\/comte-darco-valley\/","title":{"rendered":"Comte d&rsquo;Arco-Valley"},"content":{"rendered":"<p class=\"Usuel\" style=\"text-align: justify;\"><span style=\"font-size: 12.0pt; letter-spacing: -.1pt;\"><span style=\"font-size: 14pt;\">Emmerich Graf von und zu Arco auf Valley<\/span>, militaire et <\/span><span style=\"letter-spacing: -.1pt;\">diplomate allemand, n\u00e9 \u00e0 M\u00fcnich le 8 f\u00e9vrier 1852, d\u00e9c\u00e9d\u00e9 \u00e0 Petropolis (Br\u00e9sil) le 14 juillet 1909.<\/span><\/p>\r\n<p style=\"text-align: justify;\"><!--more--><\/p>\r\n<p class=\"Usuel\" style=\"text-align: justify;\"><span style=\"letter-spacing: -.1pt;\">C\u2019est de la main d\u2019Arco, premier secr\u00e9taire de l\u2019ambassade d\u2019Allemagne, qu\u2019\u00e9tait la copie des fameux <a href=\"https:\/\/dicoaffairedreyfus.com\/index.php\/2020\/01\/31\/cours-de-lecole-de-guerre\/\" target=\"_blank\" rel=\"noopener noreferrer\">cours de l\u2019\u00c9cole de guerre<\/a>, \u00ab&nbsp;trouv\u00e9s&nbsp;\u00bb \u00e0 l\u2019ambassade et transmis \u00e0 la Section de Statistique par la <a href=\"https:\/\/dicoaffairedreyfus.com\/index.php\/2020\/02\/18\/voie-ordinaire\/\" target=\"_blank\" rel=\"noopener noreferrer\">voie ordinaire<\/a>.<\/span> C\u2019est \u00e0 l\u2019occasion d\u2019une des f\u00eates qu\u2019il donna que la <a href=\"https:\/\/dicoaffairedreyfus.com\/index.php\/2020\/02\/18\/marie-bastian\/\" target=\"_blank\" rel=\"noopener noreferrer\">Bastian<\/a>, t\u00e9moignage bien suspect (voir sa notice), aurait vu Dreyfus.<\/p>\r\n\r\n<p class=\"has-text-align-right\" style=\"font-size: 10px; text-align: right;\"><em>Philippe Oriol<\/em><\/p>\r\n","protected":false},"excerpt":{"rendered":"<p>Emmerich Graf von und zu Arco auf Valley, militaire et diplomate allemand, n\u00e9 \u00e0 M\u00fcnich le 8 f\u00e9vrier 1852, d\u00e9c\u00e9d\u00e9 \u00e0 Petropolis (Br\u00e9sil) le 14 juillet 1909.<\/p>\n","protected":false},"author":1,"featured_media":0,"comment_status":"open","ping_status":"open","sticky":false,"template":"","format":"standard","meta":{"footnotes":""},"categories":[195,196],"tags":[87,189,86],"class_list":["post-2366","post","type-post","status-publish","format-standard","hentry","category-allemagne","category-diplomate","tag-affaire-dreyfus","tag-arco-valley-et-laffaire-dreyfus","tag-dictionnaire-de-laffaire-dreyfus"],"yoast_head":"<!-- This site is optimized with the Yoast SEO plugin v21.1 - https:\/\/yoast.com\/wordpress\/plugins\/seo\/ -->\n<title>Comte d&#039;Arco-Valley - Dictionnaire de l&#039;affaire Dreyfus<\/title>\n<meta name=\"robots\" content=\"index, follow, max-snippet:-1, max-image-preview:large, max-video-preview:-1\" \/>\n<link rel=\"canonical\" href=\"https:\/\/dicoaffairedreyfus.com\/index.php\/2020\/02\/18\/comte-darco-valley\/\" \/>\n<meta property=\"og:locale\" content=\"fr_FR\" \/>\n<meta property=\"og:type\" content=\"article\" \/>\n<meta property=\"og:title\" content=\"Comte d&#039;Arco-Valley - Dictionnaire de l&#039;affaire Dreyfus\" \/>\n<meta property=\"og:description\" content=\"Emmerich Graf von und zu Arco auf Valley, militaire et diplomate allemand, n\u00e9 \u00e0 M\u00fcnich le 8 f\u00e9vrier 1852, d\u00e9c\u00e9d\u00e9 \u00e0 Petropolis (Br\u00e9sil) le 14 juillet 1909.\" \/>\n<meta property=\"og:url\" content=\"https:\/\/dicoaffairedreyfus.com\/index.php\/2020\/02\/18\/comte-darco-valley\/\" \/>\n<meta property=\"og:site_name\" content=\"Dictionnaire de l&#039;affaire Dreyfus\" \/>\n<meta property=\"article:published_time\" content=\"2020-02-18T19:28:48+00:00\" \/>\n<meta property=\"article:modified_time\" content=\"2020-02-26T11:20:36+00:00\" \/>\n<meta name=\"author\" content=\"ph.oriol\" \/>\n<meta name=\"twitter:card\" content=\"summary_large_image\" \/>\n<meta name=\"twitter:label1\" content=\"\u00c9crit par\" \/>\n\t<meta name=\"twitter:data1\" content=\"ph.oriol\" \/>\n<script type=\"application\/ld+json\" class=\"yoast-schema-graph\">{\"@context\":\"https:\/\/schema.org\",\"@graph\":[{\"@type\":\"Article\",\"@id\":\"https:\/\/dicoaffairedreyfus.com\/index.php\/2020\/02\/18\/comte-darco-valley\/#article\",\"isPartOf\":{\"@id\":\"https:\/\/dicoaffairedreyfus.com\/index.php\/2020\/02\/18\/comte-darco-valley\/\"},\"author\":{\"name\":\"ph.oriol\",\"@id\":\"https:\/\/dicoaffairedreyfus.com\/#\/schema\/person\/eb6314936862b5f00f876026520b19ef\"},\"headline\":\"Comte d&rsquo;Arco-Valley\",\"datePublished\":\"2020-02-18T19:28:48+00:00\",\"dateModified\":\"2020-02-26T11:20:36+00:00\",\"mainEntityOfPage\":{\"@id\":\"https:\/\/dicoaffairedreyfus.com\/index.php\/2020\/02\/18\/comte-darco-valley\/\"},\"wordCount\":96,\"commentCount\":0,\"publisher\":{\"@id\":\"https:\/\/dicoaffairedreyfus.com\/#\/schema\/person\/eb6314936862b5f00f876026520b19ef\"},\"keywords\":[\"affaire Dreyfus\",\"Arco-Valley et l'affaire Dreyfus\",\"Dictionnaire de l&#039;affaire Dreyfus\"],\"articleSection\":[\"Allemagne\",\"Diplomate\"],\"inLanguage\":\"fr-FR\",\"potentialAction\":[{\"@type\":\"CommentAction\",\"name\":\"Comment\",\"target\":[\"https:\/\/dicoaffairedreyfus.com\/index.php\/2020\/02\/18\/comte-darco-valley\/#respond\"]}]},{\"@type\":\"WebPage\",\"@id\":\"https:\/\/dicoaffairedreyfus.com\/index.php\/2020\/02\/18\/comte-darco-valley\/\",\"url\":\"https:\/\/dicoaffairedreyfus.com\/index.php\/2020\/02\/18\/comte-darco-valley\/\",\"name\":\"Comte d'Arco-Valley - Dictionnaire de l&#039;affaire Dreyfus\",\"isPartOf\":{\"@id\":\"https:\/\/dicoaffairedreyfus.com\/#website\"},\"datePublished\":\"2020-02-18T19:28:48+00:00\",\"dateModified\":\"2020-02-26T11:20:36+00:00\",\"breadcrumb\":{\"@id\":\"https:\/\/dicoaffairedreyfus.com\/index.php\/2020\/02\/18\/comte-darco-valley\/#breadcrumb\"},\"inLanguage\":\"fr-FR\",\"potentialAction\":[{\"@type\":\"ReadAction\",\"target\":[\"https:\/\/dicoaffairedreyfus.com\/index.php\/2020\/02\/18\/comte-darco-valley\/\"]}]},{\"@type\":\"BreadcrumbList\",\"@id\":\"https:\/\/dicoaffairedreyfus.com\/index.php\/2020\/02\/18\/comte-darco-valley\/#breadcrumb\",\"itemListElement\":[{\"@type\":\"ListItem\",\"position\":1,\"name\":\"Accueil\",\"item\":\"https:\/\/dicoaffairedreyfus.com\/\"},{\"@type\":\"ListItem\",\"position\":2,\"name\":\"Comte d&rsquo;Arco-Valley\"}]},{\"@type\":\"WebSite\",\"@id\":\"https:\/\/dicoaffairedreyfus.com\/#website\",\"url\":\"https:\/\/dicoaffairedreyfus.com\/\",\"name\":\"Dictionnaire de l&#039;affaire Dreyfus\",\"description\":\"Tout sur l&#039;affaire Dreyfus\",\"publisher\":{\"@id\":\"https:\/\/dicoaffairedreyfus.com\/#\/schema\/person\/eb6314936862b5f00f876026520b19ef\"},\"potentialAction\":[{\"@type\":\"SearchAction\",\"target\":{\"@type\":\"EntryPoint\",\"urlTemplate\":\"https:\/\/dicoaffairedreyfus.com\/?s={search_term_string}\"},\"query-input\":\"required name=search_term_string\"}],\"inLanguage\":\"fr-FR\"},{\"@type\":[\"Person\",\"Organization\"],\"@id\":\"https:\/\/dicoaffairedreyfus.com\/#\/schema\/person\/eb6314936862b5f00f876026520b19ef\",\"name\":\"ph.oriol\",\"image\":{\"@type\":\"ImageObject\",\"inLanguage\":\"fr-FR\",\"@id\":\"https:\/\/dicoaffairedreyfus.com\/#\/schema\/person\/image\/\",\"url\":\"https:\/\/secure.gravatar.com\/avatar\/90cd184f47237a6b9abd891ba824fbed?s=96&d=mm&r=g\",\"contentUrl\":\"https:\/\/secure.gravatar.com\/avatar\/90cd184f47237a6b9abd891ba824fbed?s=96&d=mm&r=g\",\"caption\":\"ph.oriol\"},\"logo\":{\"@id\":\"https:\/\/dicoaffairedreyfus.com\/#\/schema\/person\/image\/\"},\"sameAs\":[\"http:\/\/affaire-dreyfus.com\/\"]}]}<\/script>\n<!-- \/ Yoast SEO plugin. -->","yoast_head_json":{"title":"Comte d'Arco-Valley - Dictionnaire de l&#039;affaire Dreyfus","robots":{"index":"index","follow":"follow","max-snippet":"max-snippet:-1","max-image-preview":"max-image-preview:large","max-video-preview":"max-video-preview:-1"},"canonical":"https:\/\/dicoaffairedreyfus.com\/index.php\/2020\/02\/18\/comte-darco-valley\/","og_locale":"fr_FR","og_type":"article","og_title":"Comte d'Arco-Valley - Dictionnaire de l&#039;affaire Dreyfus","og_description":"Emmerich Graf von und zu Arco auf Valley, militaire et diplomate allemand, n\u00e9 \u00e0 M\u00fcnich le 8 f\u00e9vrier 1852, d\u00e9c\u00e9d\u00e9 \u00e0 Petropolis (Br\u00e9sil) le 14 juillet 1909.","og_url":"https:\/\/dicoaffairedreyfus.com\/index.php\/2020\/02\/18\/comte-darco-valley\/","og_site_name":"Dictionnaire de l&#039;affaire Dreyfus","article_published_time":"2020-02-18T19:28:48+00:00","article_modified_time":"2020-02-26T11:20:36+00:00","author":"ph.oriol","twitter_card":"summary_large_image","twitter_misc":{"\u00c9crit par":"ph.oriol"},"schema":{"@context":"https:\/\/schema.org","@graph":[{"@type":"Article","@id":"https:\/\/dicoaffairedreyfus.com\/index.php\/2020\/02\/18\/comte-darco-valley\/#article","isPartOf":{"@id":"https:\/\/dicoaffairedreyfus.com\/index.php\/2020\/02\/18\/comte-darco-valley\/"},"author":{"name":"ph.oriol","@id":"https:\/\/dicoaffairedreyfus.com\/#\/schema\/person\/eb6314936862b5f00f876026520b19ef"},"headline":"Comte d&rsquo;Arco-Valley","datePublished":"2020-02-18T19:28:48+00:00","dateModified":"2020-02-26T11:20:36+00:00","mainEntityOfPage":{"@id":"https:\/\/dicoaffairedreyfus.com\/index.php\/2020\/02\/18\/comte-darco-valley\/"},"wordCount":96,"commentCount":0,"publisher":{"@id":"https:\/\/dicoaffairedreyfus.com\/#\/schema\/person\/eb6314936862b5f00f876026520b19ef"},"keywords":["affaire Dreyfus","Arco-Valley et l'affaire Dreyfus","Dictionnaire de l&#039;affaire Dreyfus"],"articleSection":["Allemagne","Diplomate"],"inLanguage":"fr-FR","potentialAction":[{"@type":"CommentAction","name":"Comment","target":["https:\/\/dicoaffairedreyfus.com\/index.php\/2020\/02\/18\/comte-darco-valley\/#respond"]}]},{"@type":"WebPage","@id":"https:\/\/dicoaffairedreyfus.com\/index.php\/2020\/02\/18\/comte-darco-valley\/","url":"https:\/\/dicoaffairedreyfus.com\/index.php\/2020\/02\/18\/comte-darco-valley\/","name":"Comte d'Arco-Valley - Dictionnaire de l&#039;affaire Dreyfus","isPartOf":{"@id":"https:\/\/dicoaffairedreyfus.com\/#website"},"datePublished":"2020-02-18T19:28:48+00:00","dateModified":"2020-02-26T11:20:36+00:00","breadcrumb":{"@id":"https:\/\/dicoaffairedreyfus.com\/index.php\/2020\/02\/18\/comte-darco-valley\/#breadcrumb"},"inLanguage":"fr-FR","potentialAction":[{"@type":"ReadAction","target":["https:\/\/dicoaffairedreyfus.com\/index.php\/2020\/02\/18\/comte-darco-valley\/"]}]},{"@type":"BreadcrumbList","@id":"https:\/\/dicoaffairedreyfus.com\/index.php\/2020\/02\/18\/comte-darco-valley\/#breadcrumb","itemListElement":[{"@type":"ListItem","position":1,"name":"Accueil","item":"https:\/\/dicoaffairedreyfus.com\/"},{"@type":"ListItem","position":2,"name":"Comte d&rsquo;Arco-Valley"}]},{"@type":"WebSite","@id":"https:\/\/dicoaffairedreyfus.com\/#website","url":"https:\/\/dicoaffairedreyfus.com\/","name":"Dictionnaire de l&#039;affaire Dreyfus","description":"Tout sur l&#039;affaire Dreyfus","publisher":{"@id":"https:\/\/dicoaffairedreyfus.com\/#\/schema\/person\/eb6314936862b5f00f876026520b19ef"},"potentialAction":[{"@type":"SearchAction","target":{"@type":"EntryPoint","urlTemplate":"https:\/\/dicoaffairedreyfus.com\/?s={search_term_string}"},"query-input":"required name=search_term_string"}],"inLanguage":"fr-FR"},{"@type":["Person","Organization"],"@id":"https:\/\/dicoaffairedreyfus.com\/#\/schema\/person\/eb6314936862b5f00f876026520b19ef","name":"ph.oriol","image":{"@type":"ImageObject","inLanguage":"fr-FR","@id":"https:\/\/dicoaffairedreyfus.com\/#\/schema\/person\/image\/","url":"https:\/\/secure.gravatar.com\/avatar\/90cd184f47237a6b9abd891ba824fbed?s=96&d=mm&r=g","contentUrl":"https:\/\/secure.gravatar.com\/avatar\/90cd184f47237a6b9abd891ba824fbed?s=96&d=mm&r=g","caption":"ph.oriol"},"logo":{"@id":"https:\/\/dicoaffairedreyfus.com\/#\/schema\/person\/image\/"},"sameAs":["http:\/\/affaire-dreyfus.com\/"]}]}},"_links":{"self":[{"href":"https:\/\/dicoaffairedreyfus.com\/index.php\/wp-json\/wp\/v2\/posts\/2366","targetHints":{"allow":["GET"]}}],"collection":[{"href":"https:\/\/dicoaffairedreyfus.com\/index.php\/wp-json\/wp\/v2\/posts"}],"about":[{"href":"https:\/\/dicoaffairedreyfus.com\/index.php\/wp-json\/wp\/v2\/types\/post"}],"author":[{"embeddable":true,"href":"https:\/\/dicoaffairedreyfus.com\/index.php\/wp-json\/wp\/v2\/users\/1"}],"replies":[{"embeddable":true,"href":"https:\/\/dicoaffairedreyfus.com\/index.php\/wp-json\/wp\/v2\/comments?post=2366"}],"version-history":[{"count":3,"href":"https:\/\/dicoaffairedreyfus.com\/index.php\/wp-json\/wp\/v2\/posts\/2366\/revisions"}],"predecessor-version":[{"id":2687,"href":"https:\/\/dicoaffairedreyfus.com\/index.php\/wp-json\/wp\/v2\/posts\/2366\/revisions\/2687"}],"wp:attachment":[{"href":"https:\/\/dicoaffairedreyfus.com\/index.php\/wp-json\/wp\/v2\/media?parent=2366"}],"wp:term":[{"taxonomy":"category","embeddable":true,"href":"https:\/\/dicoaffairedreyfus.com\/index.php\/wp-json\/wp\/v2\/categories?post=2366"},{"taxonomy":"post_tag","embeddable":true,"href":"https:\/\/dicoaffairedreyfus.com\/index.php\/wp-json\/wp\/v2\/tags?post=2366"}],"curies":[{"name":"wp","href":"https:\/\/api.w.org\/{rel}","templated":true}]}}