{"id":2306,"date":"2020-02-17T22:56:44","date_gmt":"2020-02-17T21:56:44","guid":{"rendered":"https:\/\/dicoaffairedreyfus.com\/?p=2306"},"modified":"2026-04-18T17:03:53","modified_gmt":"2026-04-18T15:03:53","slug":"gustave-arboireau","status":"publish","type":"post","link":"https:\/\/dicoaffairedreyfus.com\/index.php\/2020\/02\/17\/gustave-arboireau\/","title":{"rendered":"Gustave Arboireau"},"content":{"rendered":"<p style=\"text-align: justify;\"><span style=\"font-size: 14pt;\">Arboireau, Gustave<\/span>, M\u00e9riadec, militaire fran\u00e7ais, n\u00e9 \u00e0 Neuville (Vienne) le 29 mai 1859*, date de d\u00e9c\u00e8s inconnue.<\/p>\r\n<p style=\"text-align: justify;\"><!--more--><\/p>\r\n<p style=\"text-align: justify;\">Surveillant de 1<sup>\u00e8re<\/sup> classe \u00e0 l\u2019<a href=\"https:\/\/dicoaffairedreyfus.com\/index.php\/2020\/02\/18\/ile-du-diable\/\" target=\"_blank\" rel=\"noopener noreferrer\">\u00eele du Diable<\/a> \u00e0 partir du 12 mars 1895, il fut charg\u00e9 de la garde de Dreyfus. Consid\u00e9r\u00e9 par ses sup\u00e9rieurs comme un \u00ab&nbsp;excellent agent, s\u00fbr, d\u00e9vou\u00e9, \u00e9nergique pour ce service sp\u00e9cial de la d\u00e9portation&nbsp;\u00bb (lettre de <a href=\"https:\/\/dicoaffairedreyfus.com\/index.php\/2022\/01\/22\/commandant-r-bouchet\/\" target=\"_blank\" rel=\"noopener noreferrer\">Bouchet<\/a> \u00e0 <a href=\"https:\/\/dicoaffairedreyfus.com\/index.php\/2022\/01\/22\/pierre-guegan\/\" target=\"_blank\" rel=\"noopener noreferrer\">Gu\u00e9gan<\/a> du 5 ao\u00fbt 1895&nbsp;; <em>Archives de l\u2019\u00eele du Diable<\/em>), il demandera fin juillet \u00e0 quitter son service. Dreyfus le regrettera, notant qu\u2019il \u00e9tait \u00ab\u00a0un brave homme, faisant strictement le service qui lui \u00e9tait impos\u00e9, mais loyalement, avec tact et mesure&nbsp;\u00bb (<em>Cinq ann\u00e9es de ma vie<\/em>, p. 131). Il reviendra \u00e0 l\u2019\u00eele du Diable en 1897.<br \/>Le 19 juillet 1906, apr\u00e8s la r\u00e9habilitation, Arboireau \u00e9crira \u00e0 <a href=\"https:\/\/dicoaffairedreyfus.com\/index.php\/2020\/01\/05\/alfred-dreyfus\/\" target=\"_blank\" rel=\"noopener noreferrer\">Dreyfus<\/a>&nbsp;:<\/p>\r\n<blockquote>\r\n<p style=\"text-align: justify;\">Permettez-moi de venir me joindre \u00e0 tous les bons r\u00e9publicains, pour vous dire la joie extr\u00eame que j&rsquo;ai \u00e9prouv\u00e9e en lisant enfin l&rsquo;arr\u00eat de la Cour de cassation proclamant votre innocence.<br \/>Cela ne laissait d&rsquo;ailleurs aucun doute, car si au moment de cette lamentable affaire il y a eu quelques soup\u00e7ons, il y a longtemps qu&rsquo;ils sont dissip\u00e9s dans l&rsquo;esprit des honn\u00eates gens.<br \/>Vous devez certainement m&rsquo;avoir perdu de vue ne m&rsquo;ayant connu qu&rsquo;au moment de vos plus grandes souffrances et de bien longues ann\u00e9es se sont \u00e9coul\u00e9es depuis.<br \/>Je me suis toujours int\u00e9ress\u00e9 \u00e0 tout ce qui vous concerne et ayant lu en N<sup>lle<\/sup> Cal\u00e9donie o\u00f9 j&rsquo;\u00e9tais alors, votre livre \u00ab&nbsp;Cinq ans de ma vie&nbsp;\u00bb, j&rsquo;ai heureux et flatt\u00e9 d&rsquo;\u00eatre rest\u00e9 dans votre souvenir car vous avez bien voulu me consacrer dans ce livre le passage suivant qui m&rsquo;a profond\u00e9ment touch\u00e9&nbsp;:<br \/>[il cite le passage pr\u00e9c\u00e9demment donn\u00e9]<br \/>Moi aussi je vous ai bien regrett\u00e9 car ne doutant pas de votre innocence, je souffrais de vous voir aussi malheureux et si pers\u00e9cut\u00e9&nbsp;; aussi avais-je les larmes aux yeux lorsque je vous voyais vous-m\u00eame tout en pleurs devant les photographies de votre femme et de vos chers enfants.<br \/>J&rsquo;aurais voulu pouvoir soulager vos peines, mais malheureusement une consigne inexorable m&rsquo;obligeait dans mon devoir de soldat, \u00e0 para\u00eetre indiff\u00e9rent \u00e0 vos douleurs alors que je les partageais.<br \/>Membre de la <a href=\"https:\/\/dicoaffairedreyfus.com\/index.php\/2020\/01\/11\/ligue-francaise-pour-la-defense-des-droits-de-lhomme-et-du-citoyen\/\" target=\"_blank\" rel=\"noopener noreferrer\">Ligue pour la d\u00e9fense des droits de l&rsquo;homme<\/a> depuis plusieurs ann\u00e9es, j&rsquo;en ai toujours suivi les bulletins avec int\u00e9r\u00eat, ne doutant pas qu&rsquo;une justice \u00e9clatante vous \u00e9tait r\u00e9serv\u00e9e.<br \/>De retour des Colonies depuis quelques semaines et me trouvant de passage \u00e0 Paris j&rsquo;aurais \u00e9t\u00e9 heureux d&rsquo;aller vous serrer la main, mais je n&rsquo;ai pas os\u00e9 craignant de vous importuner \u00e0 ce moment. Je compte cependant y retourner bient\u00f4t et je serais au comble de mes d\u00e9sirs si vous daigniez m&rsquo;autoriser \u00e0 aller vous pr\u00e9senter mes hommages.<br \/>Je suis avec le plus profond respect<br \/>mon commandant<br \/>votre d\u00e9vou\u00e9 serviteur<\/p>\r\n<\/blockquote>\r\n<p style=\"font-size: 12px; text-align: justify;\">Sources et bibliographie&nbsp;: <i>La lettre cit\u00e9e est conserv\u00e9e dans une collection particuli\u00e8re<\/i>.<\/p>\r\n<p class=\"has-text-align-right\" style=\"font-size: 10px; text-align: right;\"><em>Philippe Oriol<\/em><\/p>","protected":false},"excerpt":{"rendered":"<p>Arboireau, Gustave, M\u00e9riadec, militaire fran\u00e7ais, n\u00e9 \u00e0 Neuville (Vienne) le 29 mai 1859*, date de d\u00e9c\u00e8s inconnue.<\/p>\n","protected":false},"author":1,"featured_media":0,"comment_status":"open","ping_status":"open","sticky":false,"template":"","format":"standard","meta":{"footnotes":""},"categories":[9,213,51,171,173],"tags":[87,86],"class_list":["post-2306","post","type-post","status-publish","format-standard","hentry","category-dreyfusard","category-ligue-des-droits-de-lhomme","category-militaire","category-surveillant","category-vienne","tag-affaire-dreyfus","tag-dictionnaire-de-laffaire-dreyfus"],"yoast_head":"<!-- This site is optimized with the Yoast SEO plugin v21.1 - https:\/\/yoast.com\/wordpress\/plugins\/seo\/ -->\n<title>Gustave Arboireau - Dictionnaire de l&#039;affaire Dreyfus<\/title>\n<meta name=\"robots\" content=\"index, follow, max-snippet:-1, max-image-preview:large, max-video-preview:-1\" \/>\n<link rel=\"canonical\" href=\"https:\/\/dicoaffairedreyfus.com\/index.php\/2020\/02\/17\/gustave-arboireau\/\" \/>\n<meta property=\"og:locale\" content=\"fr_FR\" \/>\n<meta property=\"og:type\" content=\"article\" \/>\n<meta property=\"og:title\" content=\"Gustave Arboireau - Dictionnaire de l&#039;affaire Dreyfus\" \/>\n<meta property=\"og:description\" content=\"Arboireau, Gustave, M\u00e9riadec, militaire fran\u00e7ais, n\u00e9 \u00e0 Neuville (Vienne) le 29 mai 1859*, date de d\u00e9c\u00e8s inconnue.\" \/>\n<meta property=\"og:url\" content=\"https:\/\/dicoaffairedreyfus.com\/index.php\/2020\/02\/17\/gustave-arboireau\/\" \/>\n<meta property=\"og:site_name\" content=\"Dictionnaire de l&#039;affaire Dreyfus\" \/>\n<meta property=\"article:published_time\" content=\"2020-02-17T21:56:44+00:00\" \/>\n<meta property=\"article:modified_time\" content=\"2026-04-18T15:03:53+00:00\" \/>\n<meta name=\"author\" content=\"ph.oriol\" \/>\n<meta name=\"twitter:card\" content=\"summary_large_image\" \/>\n<meta name=\"twitter:label1\" content=\"\u00c9crit par\" \/>\n\t<meta name=\"twitter:data1\" content=\"ph.oriol\" \/>\n\t<meta name=\"twitter:label2\" content=\"Dur\u00e9e de lecture estim\u00e9e\" \/>\n\t<meta name=\"twitter:data2\" content=\"1 minute\" \/>\n<script type=\"application\/ld+json\" class=\"yoast-schema-graph\">{\"@context\":\"https:\/\/schema.org\",\"@graph\":[{\"@type\":\"Article\",\"@id\":\"https:\/\/dicoaffairedreyfus.com\/index.php\/2020\/02\/17\/gustave-arboireau\/#article\",\"isPartOf\":{\"@id\":\"https:\/\/dicoaffairedreyfus.com\/index.php\/2020\/02\/17\/gustave-arboireau\/\"},\"author\":{\"name\":\"ph.oriol\",\"@id\":\"https:\/\/dicoaffairedreyfus.com\/#\/schema\/person\/eb6314936862b5f00f876026520b19ef\"},\"headline\":\"Gustave Arboireau\",\"datePublished\":\"2020-02-17T21:56:44+00:00\",\"dateModified\":\"2026-04-18T15:03:53+00:00\",\"mainEntityOfPage\":{\"@id\":\"https:\/\/dicoaffairedreyfus.com\/index.php\/2020\/02\/17\/gustave-arboireau\/\"},\"wordCount\":496,\"commentCount\":0,\"publisher\":{\"@id\":\"https:\/\/dicoaffairedreyfus.com\/#\/schema\/person\/eb6314936862b5f00f876026520b19ef\"},\"keywords\":[\"affaire Dreyfus\",\"Dictionnaire de l&#039;affaire Dreyfus\"],\"articleSection\":[\"Dreyfusard\",\"Ligue des droits de l'homme\",\"Militaire\",\"Surveillant\",\"Vienne\"],\"inLanguage\":\"fr-FR\",\"potentialAction\":[{\"@type\":\"CommentAction\",\"name\":\"Comment\",\"target\":[\"https:\/\/dicoaffairedreyfus.com\/index.php\/2020\/02\/17\/gustave-arboireau\/#respond\"]}]},{\"@type\":\"WebPage\",\"@id\":\"https:\/\/dicoaffairedreyfus.com\/index.php\/2020\/02\/17\/gustave-arboireau\/\",\"url\":\"https:\/\/dicoaffairedreyfus.com\/index.php\/2020\/02\/17\/gustave-arboireau\/\",\"name\":\"Gustave Arboireau - Dictionnaire de l&#039;affaire Dreyfus\",\"isPartOf\":{\"@id\":\"https:\/\/dicoaffairedreyfus.com\/#website\"},\"datePublished\":\"2020-02-17T21:56:44+00:00\",\"dateModified\":\"2026-04-18T15:03:53+00:00\",\"breadcrumb\":{\"@id\":\"https:\/\/dicoaffairedreyfus.com\/index.php\/2020\/02\/17\/gustave-arboireau\/#breadcrumb\"},\"inLanguage\":\"fr-FR\",\"potentialAction\":[{\"@type\":\"ReadAction\",\"target\":[\"https:\/\/dicoaffairedreyfus.com\/index.php\/2020\/02\/17\/gustave-arboireau\/\"]}]},{\"@type\":\"BreadcrumbList\",\"@id\":\"https:\/\/dicoaffairedreyfus.com\/index.php\/2020\/02\/17\/gustave-arboireau\/#breadcrumb\",\"itemListElement\":[{\"@type\":\"ListItem\",\"position\":1,\"name\":\"Accueil\",\"item\":\"https:\/\/dicoaffairedreyfus.com\/\"},{\"@type\":\"ListItem\",\"position\":2,\"name\":\"Gustave Arboireau\"}]},{\"@type\":\"WebSite\",\"@id\":\"https:\/\/dicoaffairedreyfus.com\/#website\",\"url\":\"https:\/\/dicoaffairedreyfus.com\/\",\"name\":\"Dictionnaire de l&#039;affaire Dreyfus\",\"description\":\"Tout sur l&#039;affaire Dreyfus\",\"publisher\":{\"@id\":\"https:\/\/dicoaffairedreyfus.com\/#\/schema\/person\/eb6314936862b5f00f876026520b19ef\"},\"potentialAction\":[{\"@type\":\"SearchAction\",\"target\":{\"@type\":\"EntryPoint\",\"urlTemplate\":\"https:\/\/dicoaffairedreyfus.com\/?s={search_term_string}\"},\"query-input\":\"required name=search_term_string\"}],\"inLanguage\":\"fr-FR\"},{\"@type\":[\"Person\",\"Organization\"],\"@id\":\"https:\/\/dicoaffairedreyfus.com\/#\/schema\/person\/eb6314936862b5f00f876026520b19ef\",\"name\":\"ph.oriol\",\"image\":{\"@type\":\"ImageObject\",\"inLanguage\":\"fr-FR\",\"@id\":\"https:\/\/dicoaffairedreyfus.com\/#\/schema\/person\/image\/\",\"url\":\"https:\/\/secure.gravatar.com\/avatar\/90cd184f47237a6b9abd891ba824fbed?s=96&d=mm&r=g\",\"contentUrl\":\"https:\/\/secure.gravatar.com\/avatar\/90cd184f47237a6b9abd891ba824fbed?s=96&d=mm&r=g\",\"caption\":\"ph.oriol\"},\"logo\":{\"@id\":\"https:\/\/dicoaffairedreyfus.com\/#\/schema\/person\/image\/\"},\"sameAs\":[\"http:\/\/affaire-dreyfus.com\/\"]}]}<\/script>\n<!-- \/ Yoast SEO plugin. -->","yoast_head_json":{"title":"Gustave Arboireau - Dictionnaire de l&#039;affaire Dreyfus","robots":{"index":"index","follow":"follow","max-snippet":"max-snippet:-1","max-image-preview":"max-image-preview:large","max-video-preview":"max-video-preview:-1"},"canonical":"https:\/\/dicoaffairedreyfus.com\/index.php\/2020\/02\/17\/gustave-arboireau\/","og_locale":"fr_FR","og_type":"article","og_title":"Gustave Arboireau - Dictionnaire de l&#039;affaire Dreyfus","og_description":"Arboireau, Gustave, M\u00e9riadec, militaire fran\u00e7ais, n\u00e9 \u00e0 Neuville (Vienne) le 29 mai 1859*, date de d\u00e9c\u00e8s inconnue.","og_url":"https:\/\/dicoaffairedreyfus.com\/index.php\/2020\/02\/17\/gustave-arboireau\/","og_site_name":"Dictionnaire de l&#039;affaire Dreyfus","article_published_time":"2020-02-17T21:56:44+00:00","article_modified_time":"2026-04-18T15:03:53+00:00","author":"ph.oriol","twitter_card":"summary_large_image","twitter_misc":{"\u00c9crit par":"ph.oriol","Dur\u00e9e de lecture estim\u00e9e":"1 minute"},"schema":{"@context":"https:\/\/schema.org","@graph":[{"@type":"Article","@id":"https:\/\/dicoaffairedreyfus.com\/index.php\/2020\/02\/17\/gustave-arboireau\/#article","isPartOf":{"@id":"https:\/\/dicoaffairedreyfus.com\/index.php\/2020\/02\/17\/gustave-arboireau\/"},"author":{"name":"ph.oriol","@id":"https:\/\/dicoaffairedreyfus.com\/#\/schema\/person\/eb6314936862b5f00f876026520b19ef"},"headline":"Gustave Arboireau","datePublished":"2020-02-17T21:56:44+00:00","dateModified":"2026-04-18T15:03:53+00:00","mainEntityOfPage":{"@id":"https:\/\/dicoaffairedreyfus.com\/index.php\/2020\/02\/17\/gustave-arboireau\/"},"wordCount":496,"commentCount":0,"publisher":{"@id":"https:\/\/dicoaffairedreyfus.com\/#\/schema\/person\/eb6314936862b5f00f876026520b19ef"},"keywords":["affaire Dreyfus","Dictionnaire de l&#039;affaire Dreyfus"],"articleSection":["Dreyfusard","Ligue des droits de l'homme","Militaire","Surveillant","Vienne"],"inLanguage":"fr-FR","potentialAction":[{"@type":"CommentAction","name":"Comment","target":["https:\/\/dicoaffairedreyfus.com\/index.php\/2020\/02\/17\/gustave-arboireau\/#respond"]}]},{"@type":"WebPage","@id":"https:\/\/dicoaffairedreyfus.com\/index.php\/2020\/02\/17\/gustave-arboireau\/","url":"https:\/\/dicoaffairedreyfus.com\/index.php\/2020\/02\/17\/gustave-arboireau\/","name":"Gustave Arboireau - Dictionnaire de l&#039;affaire Dreyfus","isPartOf":{"@id":"https:\/\/dicoaffairedreyfus.com\/#website"},"datePublished":"2020-02-17T21:56:44+00:00","dateModified":"2026-04-18T15:03:53+00:00","breadcrumb":{"@id":"https:\/\/dicoaffairedreyfus.com\/index.php\/2020\/02\/17\/gustave-arboireau\/#breadcrumb"},"inLanguage":"fr-FR","potentialAction":[{"@type":"ReadAction","target":["https:\/\/dicoaffairedreyfus.com\/index.php\/2020\/02\/17\/gustave-arboireau\/"]}]},{"@type":"BreadcrumbList","@id":"https:\/\/dicoaffairedreyfus.com\/index.php\/2020\/02\/17\/gustave-arboireau\/#breadcrumb","itemListElement":[{"@type":"ListItem","position":1,"name":"Accueil","item":"https:\/\/dicoaffairedreyfus.com\/"},{"@type":"ListItem","position":2,"name":"Gustave Arboireau"}]},{"@type":"WebSite","@id":"https:\/\/dicoaffairedreyfus.com\/#website","url":"https:\/\/dicoaffairedreyfus.com\/","name":"Dictionnaire de l&#039;affaire Dreyfus","description":"Tout sur l&#039;affaire Dreyfus","publisher":{"@id":"https:\/\/dicoaffairedreyfus.com\/#\/schema\/person\/eb6314936862b5f00f876026520b19ef"},"potentialAction":[{"@type":"SearchAction","target":{"@type":"EntryPoint","urlTemplate":"https:\/\/dicoaffairedreyfus.com\/?s={search_term_string}"},"query-input":"required name=search_term_string"}],"inLanguage":"fr-FR"},{"@type":["Person","Organization"],"@id":"https:\/\/dicoaffairedreyfus.com\/#\/schema\/person\/eb6314936862b5f00f876026520b19ef","name":"ph.oriol","image":{"@type":"ImageObject","inLanguage":"fr-FR","@id":"https:\/\/dicoaffairedreyfus.com\/#\/schema\/person\/image\/","url":"https:\/\/secure.gravatar.com\/avatar\/90cd184f47237a6b9abd891ba824fbed?s=96&d=mm&r=g","contentUrl":"https:\/\/secure.gravatar.com\/avatar\/90cd184f47237a6b9abd891ba824fbed?s=96&d=mm&r=g","caption":"ph.oriol"},"logo":{"@id":"https:\/\/dicoaffairedreyfus.com\/#\/schema\/person\/image\/"},"sameAs":["http:\/\/affaire-dreyfus.com\/"]}]}},"_links":{"self":[{"href":"https:\/\/dicoaffairedreyfus.com\/index.php\/wp-json\/wp\/v2\/posts\/2306","targetHints":{"allow":["GET"]}}],"collection":[{"href":"https:\/\/dicoaffairedreyfus.com\/index.php\/wp-json\/wp\/v2\/posts"}],"about":[{"href":"https:\/\/dicoaffairedreyfus.com\/index.php\/wp-json\/wp\/v2\/types\/post"}],"author":[{"embeddable":true,"href":"https:\/\/dicoaffairedreyfus.com\/index.php\/wp-json\/wp\/v2\/users\/1"}],"replies":[{"embeddable":true,"href":"https:\/\/dicoaffairedreyfus.com\/index.php\/wp-json\/wp\/v2\/comments?post=2306"}],"version-history":[{"count":13,"href":"https:\/\/dicoaffairedreyfus.com\/index.php\/wp-json\/wp\/v2\/posts\/2306\/revisions"}],"predecessor-version":[{"id":9245,"href":"https:\/\/dicoaffairedreyfus.com\/index.php\/wp-json\/wp\/v2\/posts\/2306\/revisions\/9245"}],"wp:attachment":[{"href":"https:\/\/dicoaffairedreyfus.com\/index.php\/wp-json\/wp\/v2\/media?parent=2306"}],"wp:term":[{"taxonomy":"category","embeddable":true,"href":"https:\/\/dicoaffairedreyfus.com\/index.php\/wp-json\/wp\/v2\/categories?post=2306"},{"taxonomy":"post_tag","embeddable":true,"href":"https:\/\/dicoaffairedreyfus.com\/index.php\/wp-json\/wp\/v2\/tags?post=2306"}],"curies":[{"name":"wp","href":"https:\/\/api.w.org\/{rel}","templated":true}]}}