{"id":2155,"date":"2020-02-16T00:07:35","date_gmt":"2020-02-15T23:07:35","guid":{"rendered":"https:\/\/dicoaffairedreyfus.com\/?p=2155"},"modified":"2020-03-01T08:31:37","modified_gmt":"2020-03-01T07:31:37","slug":"andre-antoine","status":"publish","type":"post","link":"https:\/\/dicoaffairedreyfus.com\/index.php\/2020\/02\/16\/andre-antoine\/","title":{"rendered":"Andr\u00e9 Antoine"},"content":{"rendered":"<p style=\"text-align: justify;\"><span style=\"font-size: 14pt;\">Antoine, Andr\u00e9<\/span>, L\u00e9onard, com\u00e9dien et metteur en sc\u00e8ne fran\u00e7ais, n\u00e9 \u00e0 Limoges (Haute-Vienne) le 31 janvier 1858*, d\u00e9c\u00e9d\u00e9 au Pouliguen (Loire-Inf\u00e9rieure) le 19 octobre 1943.<\/p>\r\n<p><!--more--><\/p>\r\n<p style=\"text-align: justify;\">Avant de devenir le th\u00e9oricien et le directeur du Th\u00e9\u00e2tre Libre que l\u2019on conna\u00eet, Antoine, familier du Cercle Gaulois, du Cercle Pigalle (soci\u00e9t\u00e9s de com\u00e9diens amateurs), et du Cercle de la Butte (soci\u00e9t\u00e9 mi-litt\u00e9raire, mi-artistique anarchisante), adh\u00e9ra aux luttes esth\u00e9tiques engag\u00e9es par les naturalistes. Le 29 mars 1887, il mit en sc\u00e8ne la nouvelle de <a href=\"https:\/\/dicoaffairedreyfus.com\/index.php\/2020\/01\/05\/emile-zola\/\" target=\"_blank\" rel=\"noopener noreferrer\">Zola<\/a>, \u00ab\u2008Jacques Damour\u2008\u00bb. De cette \u00e9poque data une ind\u00e9niable admiration du dramaturge pour Zola, comme en t\u00e9moigne d\u2019ailleurs leur correspondance. N\u00e9anmoins, Antoine r\u00e9pugna \u00e0 passer pour son disciple. Tandis que certains com\u00e9diens du Th\u00e9\u00e2tre Libre et du Th\u00e9\u00e2tre Antoine se mobilis\u00e8rent vivement autour de Zola, qu\u2019ils sign\u00e8rent les listes de protestation, le nom d\u2019Antoine n\u2019apparut nulle part. N\u00e9anmoins, Antoine saisit l\u2019occasion de \u00ab&nbsp;L\u2019Hommage \u00e0 Zola&nbsp;\u00bb, bien que son nom ne figure pas sur la fausse liste lanc\u00e9e par <a href=\"https:\/\/dicoaffairedreyfus.com\/index.php\/2020\/01\/10\/jean-ajalbert\/\" target=\"_blank\" rel=\"noopener noreferrer\">Ajalbert<\/a> dans <a href=\"https:\/\/dicoaffairedreyfus.com\/index.php\/2020\/01\/10\/les-droits-de-lhomme\/\" target=\"_blank\" rel=\"noopener noreferrer\"><em>Les Droits de l\u2019Homme<\/em><\/a>, pour revendiquer sa place dans \u00ab&nbsp;les rangs injuri\u00e9s des intellectuels&nbsp;\u00bb (<a href=\"https:\/\/gallica.bnf.fr\/ark:\/12148\/bpt6k7542674q.item\" target=\"_blank\" rel=\"noopener noreferrer\"><em>Le Rappel, <\/em>18 mai 1898\u00a0; nous n\u2019avons comme trace de cette lettre que l\u2019article de Hugues Destrem qui en rend bri\u00e8vement compte<\/a>). En fait, son soutien \u00e0 Zola se manifesta plut\u00f4t dans le choix des \u0153uvres qu\u2019il donna o\u00f9 les principes de justice \u00e9taient souvent \u00e0 l\u2019honneur, notamment dans <em>Joseph d\u2019Arimath\u00e9e <\/em>de <a href=\"https:\/\/dicoaffairedreyfus.com\/index.php\/2020\/02\/15\/gabriel-trarieux\/\" target=\"_blank\" rel=\"noopener noreferrer\">Gabriel Trarieux<\/a>, pr\u00e9sent\u00e9e le 7 avril 1898. T\u00e9moignage aussi de son soutien aux dreyfusards, mais d\u2019une mani\u00e8re d\u00e9tourn\u00e9e ou subtile, c\u2019est selon, par l\u2019accueil qu\u2019il fit dans son th\u00e9\u00e2tre \u00e0 Catulle Mend\u00e8s et <a href=\"https:\/\/dicoaffairedreyfus.com\/index.php\/2020\/02\/15\/gustave-kahn\/\" target=\"_blank\" rel=\"noopener noreferrer\">Gustave Kahn<\/a>. Ces derniers devenus ind\u00e9sirables \u00e0 l\u2019Od\u00e9on suite \u00e0 l\u2019article de <a href=\"https:\/\/dicoaffairedreyfus.com\/index.php\/2020\/02\/15\/gaston-mery\/\" target=\"_blank\" rel=\"noopener noreferrer\">Gaston M\u00e9ry<\/a> dans <a href=\"https:\/\/www.retronews.fr\/journal\/la-libre-parole\/9-mars-1898\/691\/1963841\/1\" target=\"_blank\" rel=\"noopener noreferrer\"><em>La Libre parole <\/em>du 9 mars 1898<\/a> qui les accusait d\u2019avoir d\u00e9tourn\u00e9 \u00ab\u2008les Samedis populaires de po\u00e9sie\u2008\u00bb en \u00ab&nbsp;Samedis Isra\u00e9lites&nbsp;\u00bb. Le 9 septembre 1899, Antoine assista \u00e0 la derni\u00e8re s\u00e9ance du <a href=\"https:\/\/dicoaffairedreyfus.com\/index.php\/2020\/01\/05\/proces-de-rennes\/\" target=\"_blank\" rel=\"noopener noreferrer\">proc\u00e8s de Rennes<\/a>, aux c\u00f4t\u00e9s de ses amis <a href=\"https:\/\/dicoaffairedreyfus.com\/index.php\/2020\/02\/15\/severine\/\" target=\"_blank\" rel=\"noopener noreferrer\">S\u00e9verine<\/a>, <a href=\"https:\/\/dicoaffairedreyfus.com\/index.php\/2020\/02\/15\/marcel-prevost\/\" target=\"_blank\" rel=\"noopener noreferrer\">Pr\u00e9vost<\/a>, <a href=\"https:\/\/dicoaffairedreyfus.com\/index.php\/2020\/02\/15\/jules-claretie\/\" target=\"_blank\" rel=\"noopener noreferrer\">Claretie<\/a>, <a href=\"https:\/\/dicoaffairedreyfus.com\/index.php\/2020\/02\/15\/louis-bruyerre\/\" target=\"_blank\" rel=\"noopener noreferrer\">Bruyerre<\/a>, etc. Il souligne dans ses souvenirs, l\u2019attitude \u00ab\u00a0\u00e9trange et \u00e9nigmatique&nbsp;\u00bb de <a href=\"https:\/\/dicoaffairedreyfus.com\/index.php\/2020\/01\/05\/alfred-dreyfus\/\" target=\"_blank\" rel=\"noopener noreferrer\">Dreyfus<\/a>, contrastant avec la fi\u00e8vre qui secouait l\u2019auditoire. <a href=\"https:\/\/dicoaffairedreyfus.com\/index.php\/2020\/02\/01\/victor-basch\/\" target=\"_blank\" rel=\"noopener noreferrer\">Victor Basch<\/a> et <a href=\"https:\/\/dicoaffairedreyfus.com\/index.php\/2020\/01\/25\/mathieu-dreyfus\/\" target=\"_blank\" rel=\"noopener noreferrer\">Mathieu Dreyfus<\/a> se souviendront ainsi de son&nbsp;: \u00ab&nbsp;Ah&nbsp;! le mis\u00e9rable&nbsp;! Si c\u2019\u00e9tait moi qui avais dit cela, toute la salle et tous les juges sangloteraient&nbsp;\u00bb (Victor Basch, <em>Le Proc\u00e8s de Rennes dix ans apr\u00e8s<\/em>, Paris, Ligue des droits de l\u2019homme, 1928, p. 11-12\u00a0; Mathieu, p. 213). Tr\u00e8s vite, apr\u00e8s avoir \u00e9t\u00e9 \u00e9mu par la lecture de la deuxi\u00e8me condamnation \u2013 il signa ainsi <a href=\"https:\/\/dicoaffairedreyfus.com\/index.php\/2020\/01\/12\/adresse-a-dreyfus\/\" target=\"_blank\" rel=\"noopener noreferrer\">L\u2019Adresse au capitaine Dreyfus<\/a>, (<em>L\u2019Aurore, <\/em>11 septembre 1899) \u2013, il se d\u00e9tacha tout \u00e0 fait du sort de Dreyfus en apprenant la <a href=\"https:\/\/dicoaffairedreyfus.com\/index.php\/2020\/02\/13\/grace\/\" target=\"_blank\" rel=\"noopener noreferrer\">gr\u00e2ce<\/a>.<br \/>L\u2019Affaire ne fut plus pour Antoine celle de l\u2019humanit\u00e9 mais celle seulement d\u2019un drame politique, et \u00e0 cet \u00e9gard, le condamn\u00e9 qui \u00ab\u2008allait revivre\u2008\u00bb, ne le touchait plus. Il semble qu\u2019Antoine ne se soit int\u00e9ress\u00e9 \u00e0 l\u2019Affaire que dans la mesure o\u00f9 le c\u00f4t\u00e9 spectaculaire du drame satisfaisait l\u2019homme de th\u00e9\u00e2tre qu\u2019il \u00e9tait. N\u00e9anmoins, il d\u00e9fendit toujours les principes de v\u00e9rit\u00e9 et d\u2019\u00e9quit\u00e9, programmant un r\u00e9pertoire \u00e9clectique nourri de combats id\u00e9ologiques propres \u00e0 \u00e9veiller les consciences. De plus, en fin strat\u00e8ge, il sut toujours piquer la curiosit\u00e9 du public en proposant des \u0153uvres r\u00e9put\u00e9es injouables ou scandaleuses. Ainsi en janvier 1902, il mit en sc\u00e8ne <em>La Terre <\/em>de Zola, et provoqua ainsi une vive r\u00e9action dans la salle, on cria, rappelle-t-il dans ses souvenirs&nbsp;: \u00ab&nbsp;\u00c0 bas Zola \u00e0 l\u2019orchestre et vive Zola aux galeries sup\u00e9rieures&nbsp;\u00bb. En f\u00e9vrier, c\u2019est la pi\u00e8ce de Heyermans, <em>La Bonne esp\u00e9rance, <\/em>qui connut un semblable chahut lorsqu\u2019un des personnages jeta, dans un mouvement de r\u00e9volte, sa m\u00e9daille militaire\u2008; l\u2019Affaire, dit Antoine dans ses souvenirs \u00ab\u2008est toujours \u00e0 la cantonade&nbsp;\u00bb.<br \/>En ce qui concerne son attitude vis-\u00e0-vis de Zola au moment de l\u2019Affaire, confinant \u00e0 de l\u2019indiff\u00e9rence, peut-\u00eatre peut-elle s\u2019expliquer par la volont\u00e9 d\u2019ind\u00e9pendance qui marquait sa personnalit\u00e9. De plus, soumis \u00e0 de r\u00e9currentes difficult\u00e9s financi\u00e8res, peut-\u00eatre ne voulait-il pas risquer de priver son th\u00e9\u00e2tre d\u2019un public aux avis partag\u00e9s. \u00c0 partir de 1914, il filma certaines \u0153uvres litt\u00e9raires, collabora \u00e0 des journaux en tant que critique dramatique. Antoine fut \u00e0 la fois celui qui a impos\u00e9 sur la sc\u00e8ne fran\u00e7aise un nouveau r\u00e9pertoire, et celui qui a permis aux metteurs en sc\u00e8ne d\u2019acc\u00e9der au rang de cr\u00e9ateur. Antoine tout en revendiquant sa place parmi les intellectuels, demeura en retrait de l\u2019Affaire, les seuls combats qui l\u2019occup\u00e8rent furent ceux exclusifs du th\u00e9\u00e2tre.<\/p>\r\n<p style=\"font-size: 12px; text-align: justify;\">Sources et bibliographie&nbsp;: on peut consulter d\u2019Antoine, <em>Le Th\u00e9\u00e2tre Libre, <\/em>Paris, 1890, r\u00e9impr. Slatkine, Gen\u00e8ve, 1979&nbsp;; <em>Mes souvenirs sur le Th\u00e9\u00e2tre Antoine et sur l\u2019Od\u00e9on (premi\u00e8re direction), <\/em>Paris, Grasset, 1928&nbsp;; mais aussi de&nbsp;: Fr. Pruner, <em>Les Luttes d\u2019Antoine. Au Th\u00e9\u00e2tre Libre, <\/em>Paris, Minard, 1964&nbsp;; J. B. Sanders, <em>Andr\u00e9 Antoine directeur \u00e0 l\u2019Od\u00e9on. Derni\u00e8re \u00e9tape d\u2019une odyss\u00e9e, <\/em>Paris, Lettres modernes, 1978&nbsp;; A. Thalasso, <em>Le Th\u00e9\u00e2tre Libre, essai critique, historique et documentaire, <\/em>Paris, Mercure de France, 1909.<\/p>\r\n\r\n\r\n\r\n<p class=\"has-text-align-right\" style=\"font-size: 10px; text-align: right;\"><em>Sandrine Maillet<\/em><\/p>\r\n<p><img loading=\"lazy\" decoding=\"async\" class=\"aligncenter wp-image-2171 size-full\" src=\"https:\/\/dicoaffairedreyfus.com\/wp-content\/uploads\/2020\/02\/Antoine.jpg\" alt=\"\" width=\"357\" height=\"700\" srcset=\"https:\/\/dicoaffairedreyfus.com\/wp-content\/uploads\/2020\/02\/Antoine.jpg 357w, https:\/\/dicoaffairedreyfus.com\/wp-content\/uploads\/2020\/02\/Antoine-153x300.jpg 153w\" sizes=\"auto, (max-width: 357px) 100vw, 357px\" \/><\/p>\r\n<p>&nbsp;<\/p>","protected":false},"excerpt":{"rendered":"<p>Antoine, Andr\u00e9, L\u00e9onard, com\u00e9dien et metteur en sc\u00e8ne fran\u00e7ais, n\u00e9 \u00e0 Limoges (Haute-Vienne) le 31 janvier 1858*, d\u00e9c\u00e9d\u00e9 au Pouliguen (Loire-Inf\u00e9rieure) le 19 octobre 1943.<\/p>\n","protected":false},"author":1,"featured_media":0,"comment_status":"open","ping_status":"open","sticky":false,"template":"","format":"standard","meta":{"footnotes":""},"categories":[164,9,163,165],"tags":[87,166,86],"class_list":["post-2155","post","type-post","status-publish","format-standard","hentry","category-comedien","category-dreyfusard","category-haute-vienne","category-metteur-en-scene","tag-affaire-dreyfus","tag-andre-antoine-et-laffaire-dreyfus","tag-dictionnaire-de-laffaire-dreyfus"],"yoast_head":"<!-- This site is optimized with the Yoast SEO plugin v21.1 - https:\/\/yoast.com\/wordpress\/plugins\/seo\/ -->\n<title>Andr\u00e9 Antoine - Dictionnaire de l&#039;affaire Dreyfus<\/title>\n<meta name=\"robots\" content=\"index, follow, max-snippet:-1, max-image-preview:large, max-video-preview:-1\" \/>\n<link rel=\"canonical\" href=\"https:\/\/dicoaffairedreyfus.com\/index.php\/2020\/02\/16\/andre-antoine\/\" \/>\n<meta property=\"og:locale\" content=\"fr_FR\" \/>\n<meta property=\"og:type\" content=\"article\" \/>\n<meta property=\"og:title\" content=\"Andr\u00e9 Antoine - Dictionnaire de l&#039;affaire Dreyfus\" \/>\n<meta property=\"og:description\" content=\"Antoine, Andr\u00e9, L\u00e9onard, com\u00e9dien et metteur en sc\u00e8ne fran\u00e7ais, n\u00e9 \u00e0 Limoges (Haute-Vienne) le 31 janvier 1858*, d\u00e9c\u00e9d\u00e9 au Pouliguen (Loire-Inf\u00e9rieure) le 19 octobre 1943.\" \/>\n<meta property=\"og:url\" content=\"https:\/\/dicoaffairedreyfus.com\/index.php\/2020\/02\/16\/andre-antoine\/\" \/>\n<meta property=\"og:site_name\" content=\"Dictionnaire de l&#039;affaire Dreyfus\" \/>\n<meta property=\"article:published_time\" content=\"2020-02-15T23:07:35+00:00\" \/>\n<meta property=\"article:modified_time\" content=\"2020-03-01T07:31:37+00:00\" \/>\n<meta property=\"og:image\" content=\"https:\/\/dicoaffairedreyfus.com\/wp-content\/uploads\/2020\/02\/Antoine.jpg\" \/>\n<meta name=\"author\" content=\"ph.oriol\" \/>\n<meta name=\"twitter:card\" content=\"summary_large_image\" \/>\n<meta name=\"twitter:label1\" content=\"\u00c9crit par\" \/>\n\t<meta name=\"twitter:data1\" content=\"ph.oriol\" \/>\n\t<meta name=\"twitter:label2\" content=\"Dur\u00e9e de lecture estim\u00e9e\" \/>\n\t<meta name=\"twitter:data2\" content=\"5 minutes\" \/>\n<script type=\"application\/ld+json\" class=\"yoast-schema-graph\">{\"@context\":\"https:\/\/schema.org\",\"@graph\":[{\"@type\":\"Article\",\"@id\":\"https:\/\/dicoaffairedreyfus.com\/index.php\/2020\/02\/16\/andre-antoine\/#article\",\"isPartOf\":{\"@id\":\"https:\/\/dicoaffairedreyfus.com\/index.php\/2020\/02\/16\/andre-antoine\/\"},\"author\":{\"name\":\"ph.oriol\",\"@id\":\"https:\/\/dicoaffairedreyfus.com\/#\/schema\/person\/eb6314936862b5f00f876026520b19ef\"},\"headline\":\"Andr\u00e9 Antoine\",\"datePublished\":\"2020-02-15T23:07:35+00:00\",\"dateModified\":\"2020-03-01T07:31:37+00:00\",\"mainEntityOfPage\":{\"@id\":\"https:\/\/dicoaffairedreyfus.com\/index.php\/2020\/02\/16\/andre-antoine\/\"},\"wordCount\":914,\"commentCount\":0,\"publisher\":{\"@id\":\"https:\/\/dicoaffairedreyfus.com\/#\/schema\/person\/eb6314936862b5f00f876026520b19ef\"},\"keywords\":[\"affaire Dreyfus\",\"Andr\u00e9 Antoine et l'affaire Dreyfus\",\"Dictionnaire de l&#039;affaire Dreyfus\"],\"articleSection\":[\"Com\u00e9dien\",\"Dreyfusard\",\"Haute-Vienne\",\"Metteur en sc\u00e8ne\"],\"inLanguage\":\"fr-FR\",\"potentialAction\":[{\"@type\":\"CommentAction\",\"name\":\"Comment\",\"target\":[\"https:\/\/dicoaffairedreyfus.com\/index.php\/2020\/02\/16\/andre-antoine\/#respond\"]}]},{\"@type\":\"WebPage\",\"@id\":\"https:\/\/dicoaffairedreyfus.com\/index.php\/2020\/02\/16\/andre-antoine\/\",\"url\":\"https:\/\/dicoaffairedreyfus.com\/index.php\/2020\/02\/16\/andre-antoine\/\",\"name\":\"Andr\u00e9 Antoine - Dictionnaire de l&#039;affaire Dreyfus\",\"isPartOf\":{\"@id\":\"https:\/\/dicoaffairedreyfus.com\/#website\"},\"datePublished\":\"2020-02-15T23:07:35+00:00\",\"dateModified\":\"2020-03-01T07:31:37+00:00\",\"breadcrumb\":{\"@id\":\"https:\/\/dicoaffairedreyfus.com\/index.php\/2020\/02\/16\/andre-antoine\/#breadcrumb\"},\"inLanguage\":\"fr-FR\",\"potentialAction\":[{\"@type\":\"ReadAction\",\"target\":[\"https:\/\/dicoaffairedreyfus.com\/index.php\/2020\/02\/16\/andre-antoine\/\"]}]},{\"@type\":\"BreadcrumbList\",\"@id\":\"https:\/\/dicoaffairedreyfus.com\/index.php\/2020\/02\/16\/andre-antoine\/#breadcrumb\",\"itemListElement\":[{\"@type\":\"ListItem\",\"position\":1,\"name\":\"Accueil\",\"item\":\"https:\/\/dicoaffairedreyfus.com\/\"},{\"@type\":\"ListItem\",\"position\":2,\"name\":\"Andr\u00e9 Antoine\"}]},{\"@type\":\"WebSite\",\"@id\":\"https:\/\/dicoaffairedreyfus.com\/#website\",\"url\":\"https:\/\/dicoaffairedreyfus.com\/\",\"name\":\"Dictionnaire de l&#039;affaire Dreyfus\",\"description\":\"Tout sur l&#039;affaire Dreyfus\",\"publisher\":{\"@id\":\"https:\/\/dicoaffairedreyfus.com\/#\/schema\/person\/eb6314936862b5f00f876026520b19ef\"},\"potentialAction\":[{\"@type\":\"SearchAction\",\"target\":{\"@type\":\"EntryPoint\",\"urlTemplate\":\"https:\/\/dicoaffairedreyfus.com\/?s={search_term_string}\"},\"query-input\":\"required name=search_term_string\"}],\"inLanguage\":\"fr-FR\"},{\"@type\":[\"Person\",\"Organization\"],\"@id\":\"https:\/\/dicoaffairedreyfus.com\/#\/schema\/person\/eb6314936862b5f00f876026520b19ef\",\"name\":\"ph.oriol\",\"image\":{\"@type\":\"ImageObject\",\"inLanguage\":\"fr-FR\",\"@id\":\"https:\/\/dicoaffairedreyfus.com\/#\/schema\/person\/image\/\",\"url\":\"https:\/\/secure.gravatar.com\/avatar\/90cd184f47237a6b9abd891ba824fbed?s=96&d=mm&r=g\",\"contentUrl\":\"https:\/\/secure.gravatar.com\/avatar\/90cd184f47237a6b9abd891ba824fbed?s=96&d=mm&r=g\",\"caption\":\"ph.oriol\"},\"logo\":{\"@id\":\"https:\/\/dicoaffairedreyfus.com\/#\/schema\/person\/image\/\"},\"sameAs\":[\"http:\/\/affaire-dreyfus.com\/\"]}]}<\/script>\n<!-- \/ Yoast SEO plugin. -->","yoast_head_json":{"title":"Andr\u00e9 Antoine - Dictionnaire de l&#039;affaire Dreyfus","robots":{"index":"index","follow":"follow","max-snippet":"max-snippet:-1","max-image-preview":"max-image-preview:large","max-video-preview":"max-video-preview:-1"},"canonical":"https:\/\/dicoaffairedreyfus.com\/index.php\/2020\/02\/16\/andre-antoine\/","og_locale":"fr_FR","og_type":"article","og_title":"Andr\u00e9 Antoine - Dictionnaire de l&#039;affaire Dreyfus","og_description":"Antoine, Andr\u00e9, L\u00e9onard, com\u00e9dien et metteur en sc\u00e8ne fran\u00e7ais, n\u00e9 \u00e0 Limoges (Haute-Vienne) le 31 janvier 1858*, d\u00e9c\u00e9d\u00e9 au Pouliguen (Loire-Inf\u00e9rieure) le 19 octobre 1943.","og_url":"https:\/\/dicoaffairedreyfus.com\/index.php\/2020\/02\/16\/andre-antoine\/","og_site_name":"Dictionnaire de l&#039;affaire Dreyfus","article_published_time":"2020-02-15T23:07:35+00:00","article_modified_time":"2020-03-01T07:31:37+00:00","og_image":[{"url":"https:\/\/dicoaffairedreyfus.com\/wp-content\/uploads\/2020\/02\/Antoine.jpg"}],"author":"ph.oriol","twitter_card":"summary_large_image","twitter_misc":{"\u00c9crit par":"ph.oriol","Dur\u00e9e de lecture estim\u00e9e":"5 minutes"},"schema":{"@context":"https:\/\/schema.org","@graph":[{"@type":"Article","@id":"https:\/\/dicoaffairedreyfus.com\/index.php\/2020\/02\/16\/andre-antoine\/#article","isPartOf":{"@id":"https:\/\/dicoaffairedreyfus.com\/index.php\/2020\/02\/16\/andre-antoine\/"},"author":{"name":"ph.oriol","@id":"https:\/\/dicoaffairedreyfus.com\/#\/schema\/person\/eb6314936862b5f00f876026520b19ef"},"headline":"Andr\u00e9 Antoine","datePublished":"2020-02-15T23:07:35+00:00","dateModified":"2020-03-01T07:31:37+00:00","mainEntityOfPage":{"@id":"https:\/\/dicoaffairedreyfus.com\/index.php\/2020\/02\/16\/andre-antoine\/"},"wordCount":914,"commentCount":0,"publisher":{"@id":"https:\/\/dicoaffairedreyfus.com\/#\/schema\/person\/eb6314936862b5f00f876026520b19ef"},"keywords":["affaire Dreyfus","Andr\u00e9 Antoine et l'affaire Dreyfus","Dictionnaire de l&#039;affaire Dreyfus"],"articleSection":["Com\u00e9dien","Dreyfusard","Haute-Vienne","Metteur en sc\u00e8ne"],"inLanguage":"fr-FR","potentialAction":[{"@type":"CommentAction","name":"Comment","target":["https:\/\/dicoaffairedreyfus.com\/index.php\/2020\/02\/16\/andre-antoine\/#respond"]}]},{"@type":"WebPage","@id":"https:\/\/dicoaffairedreyfus.com\/index.php\/2020\/02\/16\/andre-antoine\/","url":"https:\/\/dicoaffairedreyfus.com\/index.php\/2020\/02\/16\/andre-antoine\/","name":"Andr\u00e9 Antoine - Dictionnaire de l&#039;affaire Dreyfus","isPartOf":{"@id":"https:\/\/dicoaffairedreyfus.com\/#website"},"datePublished":"2020-02-15T23:07:35+00:00","dateModified":"2020-03-01T07:31:37+00:00","breadcrumb":{"@id":"https:\/\/dicoaffairedreyfus.com\/index.php\/2020\/02\/16\/andre-antoine\/#breadcrumb"},"inLanguage":"fr-FR","potentialAction":[{"@type":"ReadAction","target":["https:\/\/dicoaffairedreyfus.com\/index.php\/2020\/02\/16\/andre-antoine\/"]}]},{"@type":"BreadcrumbList","@id":"https:\/\/dicoaffairedreyfus.com\/index.php\/2020\/02\/16\/andre-antoine\/#breadcrumb","itemListElement":[{"@type":"ListItem","position":1,"name":"Accueil","item":"https:\/\/dicoaffairedreyfus.com\/"},{"@type":"ListItem","position":2,"name":"Andr\u00e9 Antoine"}]},{"@type":"WebSite","@id":"https:\/\/dicoaffairedreyfus.com\/#website","url":"https:\/\/dicoaffairedreyfus.com\/","name":"Dictionnaire de l&#039;affaire Dreyfus","description":"Tout sur l&#039;affaire Dreyfus","publisher":{"@id":"https:\/\/dicoaffairedreyfus.com\/#\/schema\/person\/eb6314936862b5f00f876026520b19ef"},"potentialAction":[{"@type":"SearchAction","target":{"@type":"EntryPoint","urlTemplate":"https:\/\/dicoaffairedreyfus.com\/?s={search_term_string}"},"query-input":"required name=search_term_string"}],"inLanguage":"fr-FR"},{"@type":["Person","Organization"],"@id":"https:\/\/dicoaffairedreyfus.com\/#\/schema\/person\/eb6314936862b5f00f876026520b19ef","name":"ph.oriol","image":{"@type":"ImageObject","inLanguage":"fr-FR","@id":"https:\/\/dicoaffairedreyfus.com\/#\/schema\/person\/image\/","url":"https:\/\/secure.gravatar.com\/avatar\/90cd184f47237a6b9abd891ba824fbed?s=96&d=mm&r=g","contentUrl":"https:\/\/secure.gravatar.com\/avatar\/90cd184f47237a6b9abd891ba824fbed?s=96&d=mm&r=g","caption":"ph.oriol"},"logo":{"@id":"https:\/\/dicoaffairedreyfus.com\/#\/schema\/person\/image\/"},"sameAs":["http:\/\/affaire-dreyfus.com\/"]}]}},"_links":{"self":[{"href":"https:\/\/dicoaffairedreyfus.com\/index.php\/wp-json\/wp\/v2\/posts\/2155","targetHints":{"allow":["GET"]}}],"collection":[{"href":"https:\/\/dicoaffairedreyfus.com\/index.php\/wp-json\/wp\/v2\/posts"}],"about":[{"href":"https:\/\/dicoaffairedreyfus.com\/index.php\/wp-json\/wp\/v2\/types\/post"}],"author":[{"embeddable":true,"href":"https:\/\/dicoaffairedreyfus.com\/index.php\/wp-json\/wp\/v2\/users\/1"}],"replies":[{"embeddable":true,"href":"https:\/\/dicoaffairedreyfus.com\/index.php\/wp-json\/wp\/v2\/comments?post=2155"}],"version-history":[{"count":7,"href":"https:\/\/dicoaffairedreyfus.com\/index.php\/wp-json\/wp\/v2\/posts\/2155\/revisions"}],"predecessor-version":[{"id":2959,"href":"https:\/\/dicoaffairedreyfus.com\/index.php\/wp-json\/wp\/v2\/posts\/2155\/revisions\/2959"}],"wp:attachment":[{"href":"https:\/\/dicoaffairedreyfus.com\/index.php\/wp-json\/wp\/v2\/media?parent=2155"}],"wp:term":[{"taxonomy":"category","embeddable":true,"href":"https:\/\/dicoaffairedreyfus.com\/index.php\/wp-json\/wp\/v2\/categories?post=2155"},{"taxonomy":"post_tag","embeddable":true,"href":"https:\/\/dicoaffairedreyfus.com\/index.php\/wp-json\/wp\/v2\/tags?post=2155"}],"curies":[{"name":"wp","href":"https:\/\/api.w.org\/{rel}","templated":true}]}}