{"id":1990,"date":"2020-02-08T08:07:19","date_gmt":"2020-02-08T07:07:19","guid":{"rendered":"https:\/\/dicoaffairedreyfus.com\/?p=1990"},"modified":"2026-04-08T13:31:00","modified_gmt":"2026-04-08T11:31:00","slug":"felix-feneon","status":"publish","type":"post","link":"https:\/\/dicoaffairedreyfus.com\/index.php\/2020\/02\/08\/felix-feneon\/","title":{"rendered":"F\u00e9lix F\u00e9n\u00e9on"},"content":{"rendered":"<p class=\"Usuel\" style=\"text-align: justify;\"><span style=\"font-size: 14pt;\"><span style=\"letter-spacing: -0.1pt;\"><a href=\"https:\/\/dicoaffairedreyfus.com\/index.php\/2026\/04\/08\/le-pere-peinard\/\" target=\"_blank\" rel=\"noopener\">Le P\u00e8re Peinard<\/a>F\u00e9n\u00e9on<\/span><\/span><span style=\"font-size: 12.0pt; letter-spacing: -.1pt;\">, <span style=\"font-size: 14pt;\">F\u00e9lix<\/span>, <\/span><span style=\"letter-spacing: -.1pt;\">fonctionnaire, critique et litt\u00e9rateur fran\u00e7ais, n\u00e9 \u00e0 Turin (Italie) le 29\u2008juin 1861, d\u00e9c\u00e9d\u00e9 \u00e0 Ch\u00e2tenay-Malabry le 29 f\u00e9vrier 1944.<\/span><\/p>\r\n<p style=\"text-align: justify;\"><!--more--><\/p>\r\n<p class=\"Usuel\" style=\"text-align: justify;\"><span style=\"letter-spacing: -.1pt;\">Paral\u00e8llement \u00e0 des activit\u00e9s de directeur et d\u2019administrateur de revues (<i>La Libre Revue, <\/i>1883-1884&nbsp;; <i>La Revue ind\u00e9pendante, <\/i>1884-1885), F\u00e9n\u00e9on mena une intense activit\u00e9 de critique litt\u00e9raire et artistique (<i>La Vogue, L\u2019Art moderne, Le Symboliste, La Cravache, Les Hommes d\u2019Aujourd\u2019hui, Le Carcan, Le Chat Noir, La Revue moderniste, Entretiens politiques et litt\u00e9raires, etc.<\/i>).\u2008Claivoyant et d\u2019un jugement s\u00fbr, il r\u00e9v\u00e9la v\u00e9ritablement Laforgue et Poictevin, c\u00e9l\u00e9bra Manet et Toulouse-Lautrec et \u00ab&nbsp;d\u00e9couvrit&nbsp;\u00bb, en une critique scientifique inspir\u00e9e des travaux de Charles-Henry, le n\u00e9o-impressionnisme.\u2008Co-auteur du dr\u00f4lissime <i>Petit Bottin des Lettres et des Arts <\/i>(1886), n\u00e8gre de <a href=\"https:\/\/dicoaffairedreyfus.com\/index.php\/2020\/01\/07\/willy\/\" target=\"_blank\" rel=\"noopener noreferrer\">Willy<\/a>, il fut aussi anarchiste et collaborateur, discret quoique prolixe, de <i>L\u2019Endehors<\/i> (dont il assura le fonctionnement lors de quelques mises \u00e0 l&rsquo;ombre de son directeur Zo d&rsquo;Axa), de <i>La Revue anarchiste, <\/i>de <i>La Revue libertaire <\/i>et du <i>P\u00e8re Peinard.\u2008<\/i>Arr\u00eat\u00e9 en 1894 pour association de malfaiteur, il fit partie du c\u00e9l\u00e8bre proc\u00e8s des Trente o\u00f9 il put donner toute la mesure de son ironie.\u2008<\/span><br \/>Apr\u00e8s son acquittement et la perte de son poste au minist\u00e8re de la Guerre o\u00f9 il \u00e9tait fonctionnaire, il prit en charge le secr\u00e9tariat de <i><a href=\"https:\/\/dicoaffairedreyfus.com\/index.php\/2020\/02\/22\/la-revue-blanche\/\" target=\"_blank\" rel=\"noopener noreferrer\">La revue blanche<\/a>.<\/i> <span style=\"letter-spacing: -.1pt;\">C\u2019est dans cette revue qu\u2019il signa, en collaboration avec son beau-fr\u00e8re <a href=\"https:\/\/dicoaffairedreyfus.com\/index.php\/2020\/04\/16\/victor-barrucand\/\" target=\"_blank\" rel=\"noopener noreferrer\">Victor Barrucand<\/a> et \u00e0 deux reprises, les uniques lignes qu\u2019il consacra \u00e0 l\u2019Affaire.\u2008Tout d\u2019abord au lendemain de la <a href=\"https:\/\/dicoaffairedreyfus.com\/index.php\/2020\/01\/12\/degradation\/\" target=\"_blank\" rel=\"noopener noreferrer\">parade de d\u00e9gradation<\/a>, notant le \u00ab&nbsp;noble spectacle de l\u2019immobilit\u00e9 servile des uns et de la fureur lyncheuses des autres&nbsp;\u00bb (<a href=\"https:\/\/gallica.bnf.fr\/ark:\/12148\/bpt6k15529g\/f165.item\" target=\"_blank\" rel=\"noopener noreferrer\">\u00ab&nbsp;Passim&nbsp;\u00bb, 1<sup>er<\/sup> f\u00e9vrier 1895<\/a>) et quelques mois plus tard, s\u2019indignant du r\u00e9gime imagin\u00e9 pour Dreyfus \u00e0 l<a href=\"https:\/\/dicoaffairedreyfus.com\/index.php\/2020\/02\/18\/ile-du-diable\/\" target=\"_blank\" rel=\"noopener noreferrer\">\u2019\u00eele du Diable<\/a> (<a href=\"https:\/\/gallica.bnf.fr\/ark:\/12148\/bpt6k15529g\/f505.item\" target=\"_blank\" rel=\"noopener noreferrer\">\u00ab&nbsp;Passim&nbsp;\u00bb, 15 mai 1895<\/a>). <\/span> <span style=\"letter-spacing: -.1pt;\">Visit\u00e9 par Lazare en 1896 \u2013 Lazare qu&rsquo;il avait un peu fr\u00e9quent\u00e9 au temps de <em>L&rsquo;Endehors<\/em> et qui l&rsquo;avait, apr\u00e8s son arrestation en 1894, d\u00e9fendu dans la presse \u2013, il douta un temps du bien fond\u00e9 de la campagne de son ami&nbsp;:<\/span><\/p>\r\n<blockquote>\r\n<p class=\"Usuel\" style=\"text-align: justify;\"><span style=\"letter-spacing: -.1pt;\">Qu\u2019il eut \u00e9t\u00e9 converti \u00e0 la th\u00e8se de l\u2019innocence par le fr\u00e8re du condamn\u00e9, teignait son apostolat d\u2019un vernis familial qui \u00f4tait de l\u2019assurance au parleur et provoquait au scepticisme l\u2019auditoire,<\/span><\/p>\r\n<\/blockquote>\r\n<p class=\"Usuel\" style=\"text-align: justify;\"><span style=\"letter-spacing: -.1pt;\"> \u00e9crira-t-il \u00e0 son propos le 7 juin 1939 \u00e0 Bouillane de Lacoste. Il fut pourtant bient\u00f4t convaincu.\u2008Mais si, concernant l\u2019Affaire comme le reste, F\u00e9n\u00e9on demeura fid\u00e8le au bref portrait qu\u2019avait trac\u00e9 de lui son ami <a href=\"https:\/\/dicoaffairedreyfus.com\/index.php\/2022\/06\/03\/alfred-jarry\/\" target=\"_blank\" rel=\"noopener noreferrer\">Jarry <\/a>(\u00ab&nbsp;Celui qui silence&nbsp;\u00bb&nbsp;; voir par exemple son interview peu bavarde \u00e0 <i>La Presse <\/i>: <a href=\"https:\/\/gallica.bnf.fr\/ark:\/12148\/bpt6k5486561\" target=\"_blank\" rel=\"noopener noreferrer\">\u00ab&nbsp;La Jeunesse \u00e0 Zola. R\u00e9ponses&nbsp;\u00bb, 16 d\u00e9cembre 1897<\/a>), il n\u2019en fut pas moins actif.\u2008Signataires des deux protestations de janvier 1898 (<a href=\"https:\/\/dicoaffairedreyfus.com\/index.php\/2020\/01\/05\/premiere-protestation\/\" target=\"_blank\" rel=\"noopener noreferrer\">1<sup>\u00e8re<\/sup> liste<\/a> et <a href=\"https:\/\/dicoaffairedreyfus.com\/index.php\/2020\/01\/12\/deuxieme-protestation\/\" target=\"_blank\" rel=\"noopener noreferrer\">6<sup>e<\/sup> liste<\/a>), de l\u2019<a href=\"https:\/\/dicoaffairedreyfus.com\/index.php\/2020\/02\/08\/adresse-a-zola\/\" target=\"_blank\" rel=\"noopener noreferrer\">Adresse \u00e0 Zola<\/a>, de la <a href=\"https:\/\/dicoaffairedreyfus.com\/index.php\/2020\/01\/10\/souscription-zola\/\" target=\"_blank\" rel=\"noopener noreferrer\">souscription pour offrir une m\u00e9daille \u00e0 Zola<\/a> (2<sup>e<\/sup> liste du <i>Si\u00e8cle <\/i>et des <i>Droits de l\u2019Homme<\/i>), de la <a href=\"https:\/\/dicoaffairedreyfus.com\/index.php\/2020\/01\/07\/protestation-picquart\/\" target=\"_blank\" rel=\"noopener noreferrer\">protestation en faveur de Picquart<\/a> (2<sup>e<\/sup> liste) et de la <a href=\"https:\/\/dicoaffairedreyfus.com\/index.php\/2020\/01\/11\/souscription-pour-propager-la-verite\/\" target=\"_blank\" rel=\"noopener noreferrer\">souscription \u00ab&nbsp;pour propager la v\u00e9rit\u00e9<\/a>&nbsp;\u00bb (1<sup>\u00e8re<\/sup> liste de <i>L\u2019Aurore<\/i>), son action, discr\u00e8te toujours, fut d\u2019organiser <i>La revue blanche, <\/i>tribune dreyfusarde et lieu de ralliement et de r\u00e9union.\u2008<\/span>Et d\u00e8s le d\u00e9but de 1898, \u00e0 partir du moment o\u00f9 l&rsquo;affaire judiciaire \u00e9tait \u00ab&nbsp;devenue d&rsquo;int\u00e9r\u00eat g\u00e9n\u00e9ral&nbsp;\u00bb, il avait engag\u00e9 fermement la revue dont il avait la responsabilit\u00e9 annon\u00e7ant quelques pages \u00ab&nbsp;par lesquelles nous prenons part \u00e0 la lutte&nbsp;\u00bb (Lettre \u00e0 <a href=\"https:\/\/dicoaffairedreyfus.com\/index.php\/2020\/01\/10\/jean-ajalbert\/\" target=\"_blank\" rel=\"noopener noreferrer\">Ajalbert<\/a> du 19 janvier, publi\u00e9e dans <a href=\"https:\/\/gallica.bnf.fr\/ark:\/12148\/bpt6k6817204x\/f2.item.zoom\" target=\"_blank\" rel=\"noopener noreferrer\"><em>Les Droits de L&rsquo;homme<\/em>, 22 janvier<\/a>). Ainsi \u00e9tait publi\u00e9e une longue <a href=\"https:\/\/gallica.bnf.fr\/ark:\/12148\/bpt6k15536r\/f162.item\" target=\"_blank\" rel=\"noopener noreferrer\">\u00ab&nbsp;Protestation&nbsp;\u00bb<\/a> dans laquelle il eut assur\u00e9ment grande part et qui doit \u00eatre lue.<br \/>Au tournant du si\u00e8cle, apr\u00e8s l\u2019Affaire et la disparition de <i>La Revue Blanche, <\/i>il travailla pour la galerie Bernheim et, au d\u00e9but des ann\u00e9es 20, dirigea les \u00e9ditions de la Sir\u00e8ne.\u2008 \u00c0 la fin de sa vie, il partagera la lecture que son grand et vieil ami <a href=\"https:\/\/dicoaffairedreyfus.com\/index.php\/2022\/06\/03\/armand-charpentier\/\" target=\"_blank\" rel=\"noopener noreferrer\">Armand Charpentier<\/a> avait propos\u00e9e dans ses <em>C\u00f4t\u00e9s myst\u00e9rieux de l&rsquo;affaire Dreyfus, <\/em>lecture visant \u00e0 expliquer l&rsquo;affaire par l&rsquo;action de Sandherr qui aurait dict\u00e9 le bordereau \u00e0 Esterhazy dans le but de perdre Dreyfus qu&rsquo;il savait \u00eatre tra\u00eetre sans pouvoir le trouver. <a href=\"https:\/\/affaire-dreyfus.com\/discussions\/lhistoire-canon-au-sujet-de-quelques-ouvrages-du-doute-et-du-soupcon\/\" target=\"_blank\" rel=\"noopener noreferrer\">Une lecture que nous savons pour le moins fantaisiste et fond\u00e9e sur des preuves qui n&rsquo;en ont jamais \u00e9t\u00e9<\/a>.<\/p>\r\n\r\n<p style=\"font-size: 12px; text-align: justify;\">Sources et bibliographie&nbsp;: S<span style=\"letter-spacing: -.1pt;\">ources et bibliographie&nbsp;: on pourra, \u00e0 son sujet, consulter la biographie de Joan U.\u2008Halperin, <i>F\u00e9lix F\u00e9n\u00e9on, <\/i>Paris, Gallimard, 1991. On trouvera aussi de nombreuses choses sur son activit\u00e9 anarchiste dans Jean-Jacques Lefr\u00e8re et Philippe Oriol, <i>Zo d\u2019Axa, la feuille qui ne tremblait pas, <\/i>Paris, Fayard, 2002. Et on pourra bient\u00f4t, aux \u00e9ditions du Sandre, profiter de ses <em>\u0152uvres compl\u00e8te<\/em>s, \u00e9dition publi\u00e9e par Eric Dussert, Christophe Longbois-Canil et Philippe Oriol, qui corrige et compl\u00e8te largement les <em>\u0152uvres plus que compl\u00e8tes<\/em> publi\u00e9es en 1970 aux \u00e9dtions Droz. Ses lettres \u00e0 Bouillane de Lacoste sont conserv\u00e9es \u00e0 la Biblioth\u00e8que Litt\u00e9raire Jacques Doucet. L&rsquo;extrait cit\u00e9 de la lettre du 7 juin 1939 se trouve sous la cote&nbsp;: 8292-8 et celle du 18 mai sous la cote&nbsp;: 8292-6.<\/span><\/p>\r\n\r\n<p class=\"has-text-align-right\" style=\"font-size: 10px; text-align: right;\"><em>Philippe Oriol<\/em><\/p>\r\n<p><img loading=\"lazy\" decoding=\"async\" class=\"alignnone size-large wp-image-7980\" src=\"https:\/\/dicoaffairedreyfus.com\/wp-content\/uploads\/2022\/06\/Feneon-704x1024.jpg\" alt=\"\" width=\"625\" height=\"909\" srcset=\"https:\/\/dicoaffairedreyfus.com\/wp-content\/uploads\/2022\/06\/Feneon-704x1024.jpg 704w, https:\/\/dicoaffairedreyfus.com\/wp-content\/uploads\/2022\/06\/Feneon-206x300.jpg 206w, https:\/\/dicoaffairedreyfus.com\/wp-content\/uploads\/2022\/06\/Feneon-768x1117.jpg 768w, https:\/\/dicoaffairedreyfus.com\/wp-content\/uploads\/2022\/06\/Feneon-1056x1536.jpg 1056w, https:\/\/dicoaffairedreyfus.com\/wp-content\/uploads\/2022\/06\/Feneon-624x908.jpg 624w, https:\/\/dicoaffairedreyfus.com\/wp-content\/uploads\/2022\/06\/Feneon.jpg 1299w\" sizes=\"auto, (max-width: 625px) 100vw, 625px\" \/><\/p>\r\n","protected":false},"excerpt":{"rendered":"<p>Le P\u00e8re PeinardF\u00e9n\u00e9on, F\u00e9lix, fonctionnaire, critique et litt\u00e9rateur fran\u00e7ais, n\u00e9 \u00e0 Turin (Italie) le 29\u2008juin 1861, d\u00e9c\u00e9d\u00e9 \u00e0 Ch\u00e2tenay-Malabry le 29 f\u00e9vrier 1944.<\/p>\n","protected":false},"author":1,"featured_media":0,"comment_status":"open","ping_status":"open","sticky":false,"template":"","format":"standard","meta":{"footnotes":""},"categories":[309,9,58,109,280,383],"tags":[87,86,409],"class_list":["post-1990","post","type-post","status-publish","format-standard","hentry","category-anarchiste","category-dreyfusard","category-ecrivain","category-italie","category-saone-et-loire","category-seine","tag-affaire-dreyfus","tag-dictionnaire-de-laffaire-dreyfus","tag-felix-feneon-et-laffaire-dreyfus"],"yoast_head":"<!-- This site is optimized with the Yoast SEO plugin v21.1 - https:\/\/yoast.com\/wordpress\/plugins\/seo\/ -->\n<title>F\u00e9lix F\u00e9n\u00e9on - Dictionnaire de l&#039;affaire Dreyfus<\/title>\n<meta name=\"robots\" content=\"index, follow, max-snippet:-1, max-image-preview:large, max-video-preview:-1\" \/>\n<link rel=\"canonical\" href=\"https:\/\/dicoaffairedreyfus.com\/index.php\/2020\/02\/08\/felix-feneon\/\" \/>\n<meta property=\"og:locale\" content=\"fr_FR\" \/>\n<meta property=\"og:type\" content=\"article\" \/>\n<meta property=\"og:title\" content=\"F\u00e9lix F\u00e9n\u00e9on - Dictionnaire de l&#039;affaire Dreyfus\" \/>\n<meta property=\"og:description\" content=\"Le P\u00e8re PeinardF\u00e9n\u00e9on, F\u00e9lix, fonctionnaire, critique et litt\u00e9rateur fran\u00e7ais, n\u00e9 \u00e0 Turin (Italie) le 29\u2008juin 1861, d\u00e9c\u00e9d\u00e9 \u00e0 Ch\u00e2tenay-Malabry le 29 f\u00e9vrier 1944.\" \/>\n<meta property=\"og:url\" content=\"https:\/\/dicoaffairedreyfus.com\/index.php\/2020\/02\/08\/felix-feneon\/\" \/>\n<meta property=\"og:site_name\" content=\"Dictionnaire de l&#039;affaire Dreyfus\" \/>\n<meta property=\"article:published_time\" content=\"2020-02-08T07:07:19+00:00\" \/>\n<meta property=\"article:modified_time\" content=\"2026-04-08T11:31:00+00:00\" \/>\n<meta property=\"og:image\" content=\"https:\/\/dicoaffairedreyfus.com\/wp-content\/uploads\/2022\/06\/Feneon-704x1024.jpg\" \/>\n<meta name=\"author\" content=\"ph.oriol\" \/>\n<meta name=\"twitter:card\" content=\"summary_large_image\" \/>\n<meta name=\"twitter:label1\" content=\"\u00c9crit par\" \/>\n\t<meta name=\"twitter:data1\" content=\"ph.oriol\" \/>\n\t<meta name=\"twitter:label2\" content=\"Dur\u00e9e de lecture estim\u00e9e\" \/>\n\t<meta name=\"twitter:data2\" content=\"5 minutes\" \/>\n<script type=\"application\/ld+json\" class=\"yoast-schema-graph\">{\"@context\":\"https:\/\/schema.org\",\"@graph\":[{\"@type\":\"Article\",\"@id\":\"https:\/\/dicoaffairedreyfus.com\/index.php\/2020\/02\/08\/felix-feneon\/#article\",\"isPartOf\":{\"@id\":\"https:\/\/dicoaffairedreyfus.com\/index.php\/2020\/02\/08\/felix-feneon\/\"},\"author\":{\"name\":\"ph.oriol\",\"@id\":\"https:\/\/dicoaffairedreyfus.com\/#\/schema\/person\/eb6314936862b5f00f876026520b19ef\"},\"headline\":\"F\u00e9lix F\u00e9n\u00e9on\",\"datePublished\":\"2020-02-08T07:07:19+00:00\",\"dateModified\":\"2026-04-08T11:31:00+00:00\",\"mainEntityOfPage\":{\"@id\":\"https:\/\/dicoaffairedreyfus.com\/index.php\/2020\/02\/08\/felix-feneon\/\"},\"wordCount\":871,\"commentCount\":0,\"publisher\":{\"@id\":\"https:\/\/dicoaffairedreyfus.com\/#\/schema\/person\/eb6314936862b5f00f876026520b19ef\"},\"keywords\":[\"affaire Dreyfus\",\"Dictionnaire de l&#039;affaire Dreyfus\",\"F\u00e9lix F\u00e9n\u00e9on et l'affaire Dreyfus\"],\"articleSection\":[\"Anarchiste\",\"Dreyfusard\",\"\u00c9crivain\",\"Italie\",\"Sa\u00f4ne-et-Loire\",\"Seine\"],\"inLanguage\":\"fr-FR\",\"potentialAction\":[{\"@type\":\"CommentAction\",\"name\":\"Comment\",\"target\":[\"https:\/\/dicoaffairedreyfus.com\/index.php\/2020\/02\/08\/felix-feneon\/#respond\"]}]},{\"@type\":\"WebPage\",\"@id\":\"https:\/\/dicoaffairedreyfus.com\/index.php\/2020\/02\/08\/felix-feneon\/\",\"url\":\"https:\/\/dicoaffairedreyfus.com\/index.php\/2020\/02\/08\/felix-feneon\/\",\"name\":\"F\u00e9lix F\u00e9n\u00e9on - Dictionnaire de l&#039;affaire Dreyfus\",\"isPartOf\":{\"@id\":\"https:\/\/dicoaffairedreyfus.com\/#website\"},\"datePublished\":\"2020-02-08T07:07:19+00:00\",\"dateModified\":\"2026-04-08T11:31:00+00:00\",\"breadcrumb\":{\"@id\":\"https:\/\/dicoaffairedreyfus.com\/index.php\/2020\/02\/08\/felix-feneon\/#breadcrumb\"},\"inLanguage\":\"fr-FR\",\"potentialAction\":[{\"@type\":\"ReadAction\",\"target\":[\"https:\/\/dicoaffairedreyfus.com\/index.php\/2020\/02\/08\/felix-feneon\/\"]}]},{\"@type\":\"BreadcrumbList\",\"@id\":\"https:\/\/dicoaffairedreyfus.com\/index.php\/2020\/02\/08\/felix-feneon\/#breadcrumb\",\"itemListElement\":[{\"@type\":\"ListItem\",\"position\":1,\"name\":\"Accueil\",\"item\":\"https:\/\/dicoaffairedreyfus.com\/\"},{\"@type\":\"ListItem\",\"position\":2,\"name\":\"F\u00e9lix F\u00e9n\u00e9on\"}]},{\"@type\":\"WebSite\",\"@id\":\"https:\/\/dicoaffairedreyfus.com\/#website\",\"url\":\"https:\/\/dicoaffairedreyfus.com\/\",\"name\":\"Dictionnaire de l&#039;affaire Dreyfus\",\"description\":\"Tout sur l&#039;affaire Dreyfus\",\"publisher\":{\"@id\":\"https:\/\/dicoaffairedreyfus.com\/#\/schema\/person\/eb6314936862b5f00f876026520b19ef\"},\"potentialAction\":[{\"@type\":\"SearchAction\",\"target\":{\"@type\":\"EntryPoint\",\"urlTemplate\":\"https:\/\/dicoaffairedreyfus.com\/?s={search_term_string}\"},\"query-input\":\"required name=search_term_string\"}],\"inLanguage\":\"fr-FR\"},{\"@type\":[\"Person\",\"Organization\"],\"@id\":\"https:\/\/dicoaffairedreyfus.com\/#\/schema\/person\/eb6314936862b5f00f876026520b19ef\",\"name\":\"ph.oriol\",\"image\":{\"@type\":\"ImageObject\",\"inLanguage\":\"fr-FR\",\"@id\":\"https:\/\/dicoaffairedreyfus.com\/#\/schema\/person\/image\/\",\"url\":\"https:\/\/secure.gravatar.com\/avatar\/90cd184f47237a6b9abd891ba824fbed?s=96&d=mm&r=g\",\"contentUrl\":\"https:\/\/secure.gravatar.com\/avatar\/90cd184f47237a6b9abd891ba824fbed?s=96&d=mm&r=g\",\"caption\":\"ph.oriol\"},\"logo\":{\"@id\":\"https:\/\/dicoaffairedreyfus.com\/#\/schema\/person\/image\/\"},\"sameAs\":[\"http:\/\/affaire-dreyfus.com\/\"]}]}<\/script>\n<!-- \/ Yoast SEO plugin. -->","yoast_head_json":{"title":"F\u00e9lix F\u00e9n\u00e9on - Dictionnaire de l&#039;affaire Dreyfus","robots":{"index":"index","follow":"follow","max-snippet":"max-snippet:-1","max-image-preview":"max-image-preview:large","max-video-preview":"max-video-preview:-1"},"canonical":"https:\/\/dicoaffairedreyfus.com\/index.php\/2020\/02\/08\/felix-feneon\/","og_locale":"fr_FR","og_type":"article","og_title":"F\u00e9lix F\u00e9n\u00e9on - Dictionnaire de l&#039;affaire Dreyfus","og_description":"Le P\u00e8re PeinardF\u00e9n\u00e9on, F\u00e9lix, fonctionnaire, critique et litt\u00e9rateur fran\u00e7ais, n\u00e9 \u00e0 Turin (Italie) le 29\u2008juin 1861, d\u00e9c\u00e9d\u00e9 \u00e0 Ch\u00e2tenay-Malabry le 29 f\u00e9vrier 1944.","og_url":"https:\/\/dicoaffairedreyfus.com\/index.php\/2020\/02\/08\/felix-feneon\/","og_site_name":"Dictionnaire de l&#039;affaire Dreyfus","article_published_time":"2020-02-08T07:07:19+00:00","article_modified_time":"2026-04-08T11:31:00+00:00","og_image":[{"url":"https:\/\/dicoaffairedreyfus.com\/wp-content\/uploads\/2022\/06\/Feneon-704x1024.jpg"}],"author":"ph.oriol","twitter_card":"summary_large_image","twitter_misc":{"\u00c9crit par":"ph.oriol","Dur\u00e9e de lecture estim\u00e9e":"5 minutes"},"schema":{"@context":"https:\/\/schema.org","@graph":[{"@type":"Article","@id":"https:\/\/dicoaffairedreyfus.com\/index.php\/2020\/02\/08\/felix-feneon\/#article","isPartOf":{"@id":"https:\/\/dicoaffairedreyfus.com\/index.php\/2020\/02\/08\/felix-feneon\/"},"author":{"name":"ph.oriol","@id":"https:\/\/dicoaffairedreyfus.com\/#\/schema\/person\/eb6314936862b5f00f876026520b19ef"},"headline":"F\u00e9lix F\u00e9n\u00e9on","datePublished":"2020-02-08T07:07:19+00:00","dateModified":"2026-04-08T11:31:00+00:00","mainEntityOfPage":{"@id":"https:\/\/dicoaffairedreyfus.com\/index.php\/2020\/02\/08\/felix-feneon\/"},"wordCount":871,"commentCount":0,"publisher":{"@id":"https:\/\/dicoaffairedreyfus.com\/#\/schema\/person\/eb6314936862b5f00f876026520b19ef"},"keywords":["affaire Dreyfus","Dictionnaire de l&#039;affaire Dreyfus","F\u00e9lix F\u00e9n\u00e9on et l'affaire Dreyfus"],"articleSection":["Anarchiste","Dreyfusard","\u00c9crivain","Italie","Sa\u00f4ne-et-Loire","Seine"],"inLanguage":"fr-FR","potentialAction":[{"@type":"CommentAction","name":"Comment","target":["https:\/\/dicoaffairedreyfus.com\/index.php\/2020\/02\/08\/felix-feneon\/#respond"]}]},{"@type":"WebPage","@id":"https:\/\/dicoaffairedreyfus.com\/index.php\/2020\/02\/08\/felix-feneon\/","url":"https:\/\/dicoaffairedreyfus.com\/index.php\/2020\/02\/08\/felix-feneon\/","name":"F\u00e9lix F\u00e9n\u00e9on - Dictionnaire de l&#039;affaire Dreyfus","isPartOf":{"@id":"https:\/\/dicoaffairedreyfus.com\/#website"},"datePublished":"2020-02-08T07:07:19+00:00","dateModified":"2026-04-08T11:31:00+00:00","breadcrumb":{"@id":"https:\/\/dicoaffairedreyfus.com\/index.php\/2020\/02\/08\/felix-feneon\/#breadcrumb"},"inLanguage":"fr-FR","potentialAction":[{"@type":"ReadAction","target":["https:\/\/dicoaffairedreyfus.com\/index.php\/2020\/02\/08\/felix-feneon\/"]}]},{"@type":"BreadcrumbList","@id":"https:\/\/dicoaffairedreyfus.com\/index.php\/2020\/02\/08\/felix-feneon\/#breadcrumb","itemListElement":[{"@type":"ListItem","position":1,"name":"Accueil","item":"https:\/\/dicoaffairedreyfus.com\/"},{"@type":"ListItem","position":2,"name":"F\u00e9lix F\u00e9n\u00e9on"}]},{"@type":"WebSite","@id":"https:\/\/dicoaffairedreyfus.com\/#website","url":"https:\/\/dicoaffairedreyfus.com\/","name":"Dictionnaire de l&#039;affaire Dreyfus","description":"Tout sur l&#039;affaire Dreyfus","publisher":{"@id":"https:\/\/dicoaffairedreyfus.com\/#\/schema\/person\/eb6314936862b5f00f876026520b19ef"},"potentialAction":[{"@type":"SearchAction","target":{"@type":"EntryPoint","urlTemplate":"https:\/\/dicoaffairedreyfus.com\/?s={search_term_string}"},"query-input":"required name=search_term_string"}],"inLanguage":"fr-FR"},{"@type":["Person","Organization"],"@id":"https:\/\/dicoaffairedreyfus.com\/#\/schema\/person\/eb6314936862b5f00f876026520b19ef","name":"ph.oriol","image":{"@type":"ImageObject","inLanguage":"fr-FR","@id":"https:\/\/dicoaffairedreyfus.com\/#\/schema\/person\/image\/","url":"https:\/\/secure.gravatar.com\/avatar\/90cd184f47237a6b9abd891ba824fbed?s=96&d=mm&r=g","contentUrl":"https:\/\/secure.gravatar.com\/avatar\/90cd184f47237a6b9abd891ba824fbed?s=96&d=mm&r=g","caption":"ph.oriol"},"logo":{"@id":"https:\/\/dicoaffairedreyfus.com\/#\/schema\/person\/image\/"},"sameAs":["http:\/\/affaire-dreyfus.com\/"]}]}},"_links":{"self":[{"href":"https:\/\/dicoaffairedreyfus.com\/index.php\/wp-json\/wp\/v2\/posts\/1990","targetHints":{"allow":["GET"]}}],"collection":[{"href":"https:\/\/dicoaffairedreyfus.com\/index.php\/wp-json\/wp\/v2\/posts"}],"about":[{"href":"https:\/\/dicoaffairedreyfus.com\/index.php\/wp-json\/wp\/v2\/types\/post"}],"author":[{"embeddable":true,"href":"https:\/\/dicoaffairedreyfus.com\/index.php\/wp-json\/wp\/v2\/users\/1"}],"replies":[{"embeddable":true,"href":"https:\/\/dicoaffairedreyfus.com\/index.php\/wp-json\/wp\/v2\/comments?post=1990"}],"version-history":[{"count":7,"href":"https:\/\/dicoaffairedreyfus.com\/index.php\/wp-json\/wp\/v2\/posts\/1990\/revisions"}],"predecessor-version":[{"id":8928,"href":"https:\/\/dicoaffairedreyfus.com\/index.php\/wp-json\/wp\/v2\/posts\/1990\/revisions\/8928"}],"wp:attachment":[{"href":"https:\/\/dicoaffairedreyfus.com\/index.php\/wp-json\/wp\/v2\/media?parent=1990"}],"wp:term":[{"taxonomy":"category","embeddable":true,"href":"https:\/\/dicoaffairedreyfus.com\/index.php\/wp-json\/wp\/v2\/categories?post=1990"},{"taxonomy":"post_tag","embeddable":true,"href":"https:\/\/dicoaffairedreyfus.com\/index.php\/wp-json\/wp\/v2\/tags?post=1990"}],"curies":[{"name":"wp","href":"https:\/\/api.w.org\/{rel}","templated":true}]}}