{"id":1832,"date":"2020-04-05T19:44:38","date_gmt":"2020-04-05T17:44:38","guid":{"rendered":"https:\/\/dicoaffairedreyfus.com\/?p=1832"},"modified":"2020-04-22T20:09:41","modified_gmt":"2020-04-22T18:09:41","slug":"capitaine-henri-alby","status":"publish","type":"post","link":"https:\/\/dicoaffairedreyfus.com\/index.php\/2020\/04\/05\/capitaine-henri-alby\/","title":{"rendered":"capitaine Henri Alby"},"content":{"rendered":"<p style=\"text-align: justify;\"><span style=\"font-size: 14pt;\">Alby, Henri<\/span>, Marie, Camille, \u00c9douard, militaire fran\u00e7ais, n\u00e9 \u00e0 Marseille (Bouches-du-Rh\u00f4ne) le 5 novembre 1858*, d\u00e9c\u00e9d\u00e9 \u00e0 Toulouse (Haute-Garonne) le 11 f\u00e9vrier 1935.<\/p>\r\n<p><!--more--><\/p>\r\n<p style=\"text-align: justify;\">\u00c9l\u00e8ve \u00e0 l&rsquo;\u00c9cole d&rsquo;application du g\u00e9nie et de l&rsquo;artillerie de Fontainebleau (1878), lieutenant de g\u00e9nie en 1880, capitaine en 1891, Alby, entr\u00e9 \u00e0 l&rsquo;\u00c9tat-major, \u00e9tait officier d&rsquo;ordonnance du <a href=\"https:\/\/dicoaffairedreyfus.com\/index.php\/2020\/01\/06\/general-jean-baptiste-billot\/\" target=\"_blank\" rel=\"noopener noreferrer\">g\u00e9n\u00e9ral Billot<\/a> depuis le 21 d\u00e9cembre 1893. C&rsquo;est \u00e0 ce titre qu&rsquo;il fut m\u00eal\u00e9 \u00e0 l&rsquo;Affaire quand, au moment du <a href=\"https:\/\/dicoaffairedreyfus.com\/index.php\/2020\/01\/05\/proces-zola\/\" target=\"_blank\" rel=\"noopener noreferrer\">proc\u00e8s Zola<\/a>, Billot, inquiet de voir durer ce qu&rsquo;il avait imagin\u00e9 ne devoir \u00eatre qu&rsquo;une formalit\u00e9 et plus encore de voir la Cour et le Parquet si ignorant sur la question <a href=\"https:\/\/dicoaffairedreyfus.com\/index.php\/2020\/01\/06\/commandant-ferdinand-walsin-esterhazy\/\" target=\"_blank\" rel=\"noopener noreferrer\">Esterhazy<\/a> et <a href=\"https:\/\/dicoaffairedreyfus.com\/index.php\/2020\/01\/05\/alfred-dreyfus\/\" target=\"_blank\" rel=\"noopener noreferrer\">Dreyfus<\/a>, lui demanda d&rsquo;\u00e9tudier le dossier et de se mettre \u00e0 la disposition du Parquet pour le renseigner. Devant la masse de travail que repr\u00e9sentait cette \u00e9tude, il fit part au ministre de l&rsquo;impossibilit\u00e9 dans laquelle il \u00e9tait de remplir sa mission et proposa au ministre d&rsquo;aller directement se renseigner aupr\u00e8s de <a href=\"https:\/\/dicoaffairedreyfus.com\/index.php\/2020\/02\/04\/maurice-tezenas\/\" target=\"_blank\" rel=\"noopener noreferrer\">T\u00e9zenas<\/a>, avocat d&rsquo;Esterhazy, ce qui fut fait.<br \/>Par la suite, Alby fut nomm\u00e9 commandant (ao\u00fbt 1898), lieutenant-colonel (1904), colonel (1907), g\u00e9n\u00e9ral de Brigade (1911) puis g\u00e9n\u00e9ral de Division, commandant une division d&rsquo;infanterie (1914). En 1917, il succ\u00e9dera \u00e0 Foch comme major g\u00e9n\u00e9ral de l&rsquo;Arm\u00e9e.<\/p>\r\n<p style=\"font-size: 12px; text-align: justify;\">Sources et bibliographie&nbsp;: On pourra lire la d\u00e9position <a href=\"https:\/\/dicoaffairedreyfus.com\/index.php\/2020\/04\/05\/adolphe-wattinne\/\" target=\"_blank\" rel=\"noopener noreferrer\">Wattinne <\/a>lors de la seconde r\u00e9vision dans Cassation II. II, tome 2, p. 599-600. \u00c0 son sujet, on consultera son dossier militaire conserv\u00e9 au SHD sous la cote 9 Yd 613&nbsp;; son dossier de la L\u00e9gion d\u2019honneur sous la cote&nbsp;: <a href=\"http:\/\/www2.culture.gouv.fr\/LH\/LH105\/PG\/FRDAFAN84_O19800035v0092969.htm\" target=\"_blank\" rel=\"noopener noreferrer\">19800035\/0052\/6315<\/a>.<\/p>\r\n\r\n\r\n\r\n<p class=\"has-text-align-right\" style=\"font-size: 10px; text-align: right;\"><em>Philippe Oriol<\/em><\/p>\r\n<p><img loading=\"lazy\" decoding=\"async\" class=\"aligncenter wp-image-1840 size-full\" src=\"https:\/\/dicoaffairedreyfus.com\/wp-content\/uploads\/2020\/02\/Alby.jpg\" alt=\"\" width=\"702\" height=\"1056\" srcset=\"https:\/\/dicoaffairedreyfus.com\/wp-content\/uploads\/2020\/02\/Alby.jpg 702w, https:\/\/dicoaffairedreyfus.com\/wp-content\/uploads\/2020\/02\/Alby-199x300.jpg 199w, https:\/\/dicoaffairedreyfus.com\/wp-content\/uploads\/2020\/02\/Alby-681x1024.jpg 681w, https:\/\/dicoaffairedreyfus.com\/wp-content\/uploads\/2020\/02\/Alby-624x939.jpg 624w\" sizes=\"auto, (max-width: 702px) 100vw, 702px\" \/><\/p>\r\n","protected":false},"excerpt":{"rendered":"<p>Alby, Henri, Marie, Camille, \u00c9douard, militaire fran\u00e7ais, n\u00e9 \u00e0 Marseille (Bouches-du-Rh\u00f4ne) le 5 novembre 1858*, d\u00e9c\u00e9d\u00e9 \u00e0 Toulouse (Haute-Garonne) le 11 f\u00e9vrier 1935.<\/p>\n","protected":false},"author":1,"featured_media":0,"comment_status":"open","ping_status":"open","sticky":false,"template":"","format":"standard","meta":{"footnotes":""},"categories":[39,51],"tags":[87,86],"class_list":["post-1832","post","type-post","status-publish","format-standard","hentry","category-bouches-du-rhone","category-militaire","tag-affaire-dreyfus","tag-dictionnaire-de-laffaire-dreyfus"],"yoast_head":"<!-- This site is optimized with the Yoast SEO plugin v21.1 - https:\/\/yoast.com\/wordpress\/plugins\/seo\/ -->\n<title>capitaine Henri Alby - Dictionnaire de l&#039;affaire Dreyfus<\/title>\n<meta name=\"robots\" content=\"index, follow, max-snippet:-1, max-image-preview:large, max-video-preview:-1\" \/>\n<link rel=\"canonical\" href=\"https:\/\/dicoaffairedreyfus.com\/index.php\/2020\/04\/05\/capitaine-henri-alby\/\" \/>\n<meta property=\"og:locale\" content=\"fr_FR\" \/>\n<meta property=\"og:type\" content=\"article\" \/>\n<meta property=\"og:title\" content=\"capitaine Henri Alby - Dictionnaire de l&#039;affaire Dreyfus\" \/>\n<meta property=\"og:description\" content=\"Alby, Henri, Marie, Camille, \u00c9douard, militaire fran\u00e7ais, n\u00e9 \u00e0 Marseille (Bouches-du-Rh\u00f4ne) le 5 novembre 1858*, d\u00e9c\u00e9d\u00e9 \u00e0 Toulouse (Haute-Garonne) le 11 f\u00e9vrier 1935.\" \/>\n<meta property=\"og:url\" content=\"https:\/\/dicoaffairedreyfus.com\/index.php\/2020\/04\/05\/capitaine-henri-alby\/\" \/>\n<meta property=\"og:site_name\" content=\"Dictionnaire de l&#039;affaire Dreyfus\" \/>\n<meta property=\"article:published_time\" content=\"2020-04-05T17:44:38+00:00\" \/>\n<meta property=\"article:modified_time\" content=\"2020-04-22T18:09:41+00:00\" \/>\n<meta property=\"og:image\" content=\"https:\/\/dicoaffairedreyfus.com\/wp-content\/uploads\/2020\/02\/Alby.jpg\" \/>\n<meta name=\"author\" content=\"ph.oriol\" \/>\n<meta name=\"twitter:card\" content=\"summary_large_image\" \/>\n<meta name=\"twitter:label1\" content=\"\u00c9crit par\" \/>\n\t<meta name=\"twitter:data1\" content=\"ph.oriol\" \/>\n\t<meta name=\"twitter:label2\" content=\"Dur\u00e9e de lecture estim\u00e9e\" \/>\n\t<meta name=\"twitter:data2\" content=\"1 minute\" \/>\n<script type=\"application\/ld+json\" class=\"yoast-schema-graph\">{\"@context\":\"https:\/\/schema.org\",\"@graph\":[{\"@type\":\"Article\",\"@id\":\"https:\/\/dicoaffairedreyfus.com\/index.php\/2020\/04\/05\/capitaine-henri-alby\/#article\",\"isPartOf\":{\"@id\":\"https:\/\/dicoaffairedreyfus.com\/index.php\/2020\/04\/05\/capitaine-henri-alby\/\"},\"author\":{\"name\":\"ph.oriol\",\"@id\":\"https:\/\/dicoaffairedreyfus.com\/#\/schema\/person\/eb6314936862b5f00f876026520b19ef\"},\"headline\":\"capitaine Henri Alby\",\"datePublished\":\"2020-04-05T17:44:38+00:00\",\"dateModified\":\"2020-04-22T18:09:41+00:00\",\"mainEntityOfPage\":{\"@id\":\"https:\/\/dicoaffairedreyfus.com\/index.php\/2020\/04\/05\/capitaine-henri-alby\/\"},\"wordCount\":258,\"commentCount\":0,\"publisher\":{\"@id\":\"https:\/\/dicoaffairedreyfus.com\/#\/schema\/person\/eb6314936862b5f00f876026520b19ef\"},\"keywords\":[\"affaire Dreyfus\",\"Dictionnaire de l&#039;affaire Dreyfus\"],\"articleSection\":[\"Bouches-du-Rh\u00f4ne\",\"Militaire\"],\"inLanguage\":\"fr-FR\",\"potentialAction\":[{\"@type\":\"CommentAction\",\"name\":\"Comment\",\"target\":[\"https:\/\/dicoaffairedreyfus.com\/index.php\/2020\/04\/05\/capitaine-henri-alby\/#respond\"]}]},{\"@type\":\"WebPage\",\"@id\":\"https:\/\/dicoaffairedreyfus.com\/index.php\/2020\/04\/05\/capitaine-henri-alby\/\",\"url\":\"https:\/\/dicoaffairedreyfus.com\/index.php\/2020\/04\/05\/capitaine-henri-alby\/\",\"name\":\"capitaine Henri Alby - Dictionnaire de l&#039;affaire Dreyfus\",\"isPartOf\":{\"@id\":\"https:\/\/dicoaffairedreyfus.com\/#website\"},\"datePublished\":\"2020-04-05T17:44:38+00:00\",\"dateModified\":\"2020-04-22T18:09:41+00:00\",\"breadcrumb\":{\"@id\":\"https:\/\/dicoaffairedreyfus.com\/index.php\/2020\/04\/05\/capitaine-henri-alby\/#breadcrumb\"},\"inLanguage\":\"fr-FR\",\"potentialAction\":[{\"@type\":\"ReadAction\",\"target\":[\"https:\/\/dicoaffairedreyfus.com\/index.php\/2020\/04\/05\/capitaine-henri-alby\/\"]}]},{\"@type\":\"BreadcrumbList\",\"@id\":\"https:\/\/dicoaffairedreyfus.com\/index.php\/2020\/04\/05\/capitaine-henri-alby\/#breadcrumb\",\"itemListElement\":[{\"@type\":\"ListItem\",\"position\":1,\"name\":\"Accueil\",\"item\":\"https:\/\/dicoaffairedreyfus.com\/\"},{\"@type\":\"ListItem\",\"position\":2,\"name\":\"capitaine Henri Alby\"}]},{\"@type\":\"WebSite\",\"@id\":\"https:\/\/dicoaffairedreyfus.com\/#website\",\"url\":\"https:\/\/dicoaffairedreyfus.com\/\",\"name\":\"Dictionnaire de l&#039;affaire Dreyfus\",\"description\":\"Tout sur l&#039;affaire Dreyfus\",\"publisher\":{\"@id\":\"https:\/\/dicoaffairedreyfus.com\/#\/schema\/person\/eb6314936862b5f00f876026520b19ef\"},\"potentialAction\":[{\"@type\":\"SearchAction\",\"target\":{\"@type\":\"EntryPoint\",\"urlTemplate\":\"https:\/\/dicoaffairedreyfus.com\/?s={search_term_string}\"},\"query-input\":\"required name=search_term_string\"}],\"inLanguage\":\"fr-FR\"},{\"@type\":[\"Person\",\"Organization\"],\"@id\":\"https:\/\/dicoaffairedreyfus.com\/#\/schema\/person\/eb6314936862b5f00f876026520b19ef\",\"name\":\"ph.oriol\",\"image\":{\"@type\":\"ImageObject\",\"inLanguage\":\"fr-FR\",\"@id\":\"https:\/\/dicoaffairedreyfus.com\/#\/schema\/person\/image\/\",\"url\":\"https:\/\/secure.gravatar.com\/avatar\/90cd184f47237a6b9abd891ba824fbed?s=96&d=mm&r=g\",\"contentUrl\":\"https:\/\/secure.gravatar.com\/avatar\/90cd184f47237a6b9abd891ba824fbed?s=96&d=mm&r=g\",\"caption\":\"ph.oriol\"},\"logo\":{\"@id\":\"https:\/\/dicoaffairedreyfus.com\/#\/schema\/person\/image\/\"},\"sameAs\":[\"http:\/\/affaire-dreyfus.com\/\"]}]}<\/script>\n<!-- \/ Yoast SEO plugin. -->","yoast_head_json":{"title":"capitaine Henri Alby - Dictionnaire de l&#039;affaire Dreyfus","robots":{"index":"index","follow":"follow","max-snippet":"max-snippet:-1","max-image-preview":"max-image-preview:large","max-video-preview":"max-video-preview:-1"},"canonical":"https:\/\/dicoaffairedreyfus.com\/index.php\/2020\/04\/05\/capitaine-henri-alby\/","og_locale":"fr_FR","og_type":"article","og_title":"capitaine Henri Alby - Dictionnaire de l&#039;affaire Dreyfus","og_description":"Alby, Henri, Marie, Camille, \u00c9douard, militaire fran\u00e7ais, n\u00e9 \u00e0 Marseille (Bouches-du-Rh\u00f4ne) le 5 novembre 1858*, d\u00e9c\u00e9d\u00e9 \u00e0 Toulouse (Haute-Garonne) le 11 f\u00e9vrier 1935.","og_url":"https:\/\/dicoaffairedreyfus.com\/index.php\/2020\/04\/05\/capitaine-henri-alby\/","og_site_name":"Dictionnaire de l&#039;affaire Dreyfus","article_published_time":"2020-04-05T17:44:38+00:00","article_modified_time":"2020-04-22T18:09:41+00:00","og_image":[{"url":"https:\/\/dicoaffairedreyfus.com\/wp-content\/uploads\/2020\/02\/Alby.jpg"}],"author":"ph.oriol","twitter_card":"summary_large_image","twitter_misc":{"\u00c9crit par":"ph.oriol","Dur\u00e9e de lecture estim\u00e9e":"1 minute"},"schema":{"@context":"https:\/\/schema.org","@graph":[{"@type":"Article","@id":"https:\/\/dicoaffairedreyfus.com\/index.php\/2020\/04\/05\/capitaine-henri-alby\/#article","isPartOf":{"@id":"https:\/\/dicoaffairedreyfus.com\/index.php\/2020\/04\/05\/capitaine-henri-alby\/"},"author":{"name":"ph.oriol","@id":"https:\/\/dicoaffairedreyfus.com\/#\/schema\/person\/eb6314936862b5f00f876026520b19ef"},"headline":"capitaine Henri Alby","datePublished":"2020-04-05T17:44:38+00:00","dateModified":"2020-04-22T18:09:41+00:00","mainEntityOfPage":{"@id":"https:\/\/dicoaffairedreyfus.com\/index.php\/2020\/04\/05\/capitaine-henri-alby\/"},"wordCount":258,"commentCount":0,"publisher":{"@id":"https:\/\/dicoaffairedreyfus.com\/#\/schema\/person\/eb6314936862b5f00f876026520b19ef"},"keywords":["affaire Dreyfus","Dictionnaire de l&#039;affaire Dreyfus"],"articleSection":["Bouches-du-Rh\u00f4ne","Militaire"],"inLanguage":"fr-FR","potentialAction":[{"@type":"CommentAction","name":"Comment","target":["https:\/\/dicoaffairedreyfus.com\/index.php\/2020\/04\/05\/capitaine-henri-alby\/#respond"]}]},{"@type":"WebPage","@id":"https:\/\/dicoaffairedreyfus.com\/index.php\/2020\/04\/05\/capitaine-henri-alby\/","url":"https:\/\/dicoaffairedreyfus.com\/index.php\/2020\/04\/05\/capitaine-henri-alby\/","name":"capitaine Henri Alby - Dictionnaire de l&#039;affaire Dreyfus","isPartOf":{"@id":"https:\/\/dicoaffairedreyfus.com\/#website"},"datePublished":"2020-04-05T17:44:38+00:00","dateModified":"2020-04-22T18:09:41+00:00","breadcrumb":{"@id":"https:\/\/dicoaffairedreyfus.com\/index.php\/2020\/04\/05\/capitaine-henri-alby\/#breadcrumb"},"inLanguage":"fr-FR","potentialAction":[{"@type":"ReadAction","target":["https:\/\/dicoaffairedreyfus.com\/index.php\/2020\/04\/05\/capitaine-henri-alby\/"]}]},{"@type":"BreadcrumbList","@id":"https:\/\/dicoaffairedreyfus.com\/index.php\/2020\/04\/05\/capitaine-henri-alby\/#breadcrumb","itemListElement":[{"@type":"ListItem","position":1,"name":"Accueil","item":"https:\/\/dicoaffairedreyfus.com\/"},{"@type":"ListItem","position":2,"name":"capitaine Henri Alby"}]},{"@type":"WebSite","@id":"https:\/\/dicoaffairedreyfus.com\/#website","url":"https:\/\/dicoaffairedreyfus.com\/","name":"Dictionnaire de l&#039;affaire Dreyfus","description":"Tout sur l&#039;affaire Dreyfus","publisher":{"@id":"https:\/\/dicoaffairedreyfus.com\/#\/schema\/person\/eb6314936862b5f00f876026520b19ef"},"potentialAction":[{"@type":"SearchAction","target":{"@type":"EntryPoint","urlTemplate":"https:\/\/dicoaffairedreyfus.com\/?s={search_term_string}"},"query-input":"required name=search_term_string"}],"inLanguage":"fr-FR"},{"@type":["Person","Organization"],"@id":"https:\/\/dicoaffairedreyfus.com\/#\/schema\/person\/eb6314936862b5f00f876026520b19ef","name":"ph.oriol","image":{"@type":"ImageObject","inLanguage":"fr-FR","@id":"https:\/\/dicoaffairedreyfus.com\/#\/schema\/person\/image\/","url":"https:\/\/secure.gravatar.com\/avatar\/90cd184f47237a6b9abd891ba824fbed?s=96&d=mm&r=g","contentUrl":"https:\/\/secure.gravatar.com\/avatar\/90cd184f47237a6b9abd891ba824fbed?s=96&d=mm&r=g","caption":"ph.oriol"},"logo":{"@id":"https:\/\/dicoaffairedreyfus.com\/#\/schema\/person\/image\/"},"sameAs":["http:\/\/affaire-dreyfus.com\/"]}]}},"_links":{"self":[{"href":"https:\/\/dicoaffairedreyfus.com\/index.php\/wp-json\/wp\/v2\/posts\/1832","targetHints":{"allow":["GET"]}}],"collection":[{"href":"https:\/\/dicoaffairedreyfus.com\/index.php\/wp-json\/wp\/v2\/posts"}],"about":[{"href":"https:\/\/dicoaffairedreyfus.com\/index.php\/wp-json\/wp\/v2\/types\/post"}],"author":[{"embeddable":true,"href":"https:\/\/dicoaffairedreyfus.com\/index.php\/wp-json\/wp\/v2\/users\/1"}],"replies":[{"embeddable":true,"href":"https:\/\/dicoaffairedreyfus.com\/index.php\/wp-json\/wp\/v2\/comments?post=1832"}],"version-history":[{"count":9,"href":"https:\/\/dicoaffairedreyfus.com\/index.php\/wp-json\/wp\/v2\/posts\/1832\/revisions"}],"predecessor-version":[{"id":5089,"href":"https:\/\/dicoaffairedreyfus.com\/index.php\/wp-json\/wp\/v2\/posts\/1832\/revisions\/5089"}],"wp:attachment":[{"href":"https:\/\/dicoaffairedreyfus.com\/index.php\/wp-json\/wp\/v2\/media?parent=1832"}],"wp:term":[{"taxonomy":"category","embeddable":true,"href":"https:\/\/dicoaffairedreyfus.com\/index.php\/wp-json\/wp\/v2\/categories?post=1832"},{"taxonomy":"post_tag","embeddable":true,"href":"https:\/\/dicoaffairedreyfus.com\/index.php\/wp-json\/wp\/v2\/tags?post=1832"}],"curies":[{"name":"wp","href":"https:\/\/api.w.org\/{rel}","templated":true}]}}