{"id":1510,"date":"2020-01-28T12:55:41","date_gmt":"2020-01-28T11:55:41","guid":{"rendered":"https:\/\/dicoaffairedreyfus.com\/?p=1510"},"modified":"2022-01-29T14:57:39","modified_gmt":"2022-01-29T13:57:39","slug":"ancien-eleve-de-lecole-polytechnique","status":"publish","type":"post","link":"https:\/\/dicoaffairedreyfus.com\/index.php\/2020\/01\/28\/ancien-eleve-de-lecole-polytechnique\/","title":{"rendered":"Ancien \u00e9l\u00e8ve de l\u2019\u00c9cole Polytechnique"},"content":{"rendered":"<p style=\"text-align: justify;\"><span style=\"font-size: 14pt;\">Ancien \u00e9l\u00e8ve de l\u2019\u00c9cole Polytechnique,<\/span> un.<\/p>\r\n<p style=\"text-align: justify;\">Auteur d\u2019une brochure publi\u00e9e en 1904 par l\u2019Imprimerie Hardy et Bernard et intitul\u00e9e&nbsp;: <em>L\u2019Affaire Dreyfus.\u2008Le Bordereau.\u2008\u00c9tudes des d\u00e9positions de M.\u2008<a href=\"https:\/\/dicoaffairedreyfus.com\/index.php\/2020\/01\/28\/alphonse-bertillon\/\" target=\"_blank\" rel=\"noopener noreferrer\">Bertillon<\/a> et du <a href=\"https:\/\/dicoaffairedreyfus.com\/index.php\/2020\/01\/28\/capitaine-paul-louis-eugene-valerio\/\" target=\"_blank\" rel=\"noopener noreferrer\">capitaine Val\u00e9rio<\/a> au <a href=\"https:\/\/dicoaffairedreyfus.com\/index.php\/2020\/01\/05\/proces-de-rennes\/\" target=\"_blank\" rel=\"noopener noreferrer\">Conseil de guerre de Rennes <\/a>. <\/em>Cette brochure, \u00e0 laquelle \u00e9tait joint un atlas de 20 planches, fut connue sous le nom de \u00ab&nbsp;brochure verte&nbsp;\u00bb et fut \u00ab\u00a0r\u00e9pandue \u00e0 profusion\u00a0\u00bb (<em>Carnets 1899-1907<\/em>, p. 215) et distribu\u00e9e \u00e0 tous les membres de la <a href=\"https:\/\/dicoaffairedreyfus.com\/index.php\/2020\/01\/09\/seconde-revision\/\" target=\"_blank\" rel=\"noopener noreferrer\">Cour de cassation<\/a>.<\/p>\r\n<p style=\"text-align: justify;\"><!--more--><br \/>Qui en \u00e9tait l\u2019auteur&nbsp;? Une enqu\u00eate fut men\u00e9e \u00e0 l\u2019occasion de la seconde r\u00e9vision pour l\u2019identifier. Elle ne put aboutir, <a href=\"https:\/\/dicoaffairedreyfus.com\/index.php\/2020\/01\/28\/charles-devos\/\" target=\"_blank\" rel=\"noopener noreferrer\">Devos<\/a>, imprimeur de <a href=\"https:\/\/dicoaffairedreyfus.com\/index.php\/2020\/01\/05\/la-libre-parole\/\" target=\"_blank\" rel=\"noopener noreferrer\"><em>La Libre Parole <\/em><\/a>et directeur de la Librairie antis\u00e9mite, qui en avait re\u00e7u le manuscrit, ayant refus\u00e9 de parler (<em>Cassation II.\u2008<\/em>II, tome 3, p. 374-377).\u2008Les auteurs en \u00e9taient-ils <a href=\"https:\/\/dicoaffairedreyfus.com\/index.php\/2020\/01\/28\/commandant-charles-corps\/\" target=\"_blank\" rel=\"noopener noreferrer\">Corps<\/a>, <a href=\"https:\/\/dicoaffairedreyfus.com\/index.php\/2020\/01\/28\/commandant-emile-martin-prevel\/\" target=\"_blank\" rel=\"noopener noreferrer\">Martin-Pr\u00e9vel<\/a> et un troisi\u00e8me dont le nom demeura tu, ainsi que le dira <a href=\"https:\/\/dicoaffairedreyfus.com\/index.php\/2020\/01\/12\/lieutenant-colonel-ferdinand-mercier-du-paty-de-clam\/\" target=\"_blank\" rel=\"noopener noreferrer\">Du Paty<\/a> (<em>Cassation II. <\/em>II, tome 1, p.\u2008370-371), <a href=\"https:\/\/dicoaffairedreyfus.com\/index.php\/2020\/01\/28\/colonel-georges-larpent\/\" target=\"_blank\" rel=\"noopener noreferrer\">Larpent <\/a>et <a href=\"https:\/\/dicoaffairedreyfus.com\/index.php\/2020\/01\/28\/colonel-frederic-delebecque\/\" target=\"_blank\" rel=\"noopener noreferrer\">Delebecque <\/a>(le fameux <a href=\"https:\/\/dicoaffairedreyfus.com\/index.php\/2020\/01\/28\/henri-dutrait-crozon\/\" target=\"_blank\" rel=\"noopener noreferrer\">Dutrait-Crozon)<\/a>, ainsi que le r\u00e9v\u00e9lera <a href=\"https:\/\/dicoaffairedreyfus.com\/index.php\/2020\/01\/07\/leon-daudet\/\" target=\"_blank\" rel=\"noopener noreferrer\">L\u00e9on Daudet<\/a> (<em>Au temps de Judas<\/em>, Paris, Nouvelle Librairie Nationale, 1902, p.\u2008192) ou le seul Delebecque (qui pourrait bien \u00eatre le troisi\u00e8me nom tu par Du Paty) ainsi que l\u2019affirmait un rapport de police qui dressait la liste des quelques personnalit\u00e9s qui en avaient assum\u00e9 le financement\u00a0? Donnons ce rapport passionnant\u00a0: \u00ab\u00a0Le <a href=\"https:\/\/dicoaffairedreyfus.com\/index.php\/2020\/01\/05\/general-auguste-mercier\/\" target=\"_blank\" rel=\"noopener noreferrer\">g\u00e9n\u00e9ral Mercier<\/a> s\u2019est inscrit pour 1 000 fcs&nbsp;; <a href=\"https:\/\/dicoaffairedreyfus.com\/index.php\/2020\/01\/05\/jules-lemaitre\/\" target=\"_blank\" rel=\"noopener noreferrer\">Jules Lemaitre<\/a>, au nom de la Patrie Fran\u00e7aise, pour 500&nbsp;; <a href=\"https:\/\/dicoaffairedreyfus.com\/index.php\/2020\/01\/05\/godefroy-cavaignac\/\" target=\"_blank\" rel=\"noopener noreferrer\">Cavaignac<\/a> pour 300\u00a0; <a href=\"https:\/\/dicoaffairedreyfus.com\/index.php\/2020\/01\/05\/henri-rochefort\/\" target=\"_blank\" rel=\"noopener noreferrer\">Rochefort<\/a> pour 300&nbsp;; le <a href=\"https:\/\/dicoaffairedreyfus.com\/index.php\/2020\/01\/12\/general-arthur-gonse\/\" target=\"_blank\" rel=\"noopener noreferrer\">g\u00e9n\u00e9ral Gonse<\/a> pour 100&nbsp;; <a href=\"https:\/\/dicoaffairedreyfus.com\/index.php\/2020\/01\/28\/henri-de-maynard-de-queilh\/\" target=\"_blank\" rel=\"noopener noreferrer\">M. de Maynard<\/a> [&#8230;] pour 600&nbsp;; et l\u2019auteur [Delebecque] pour 400.&nbsp;\u00bb (rapport Malaga du 30 juillet 1904, Archives PP, Ba 1045) Un autre rapport donne pour auteurs&nbsp;: Larpent, Delebecque, du Paty et Bertillon (AN BB<sup>19<\/sup> 116). <br \/>Cette brochure suscitera les r\u00e9futations d\u2019<a href=\"https:\/\/dicoaffairedreyfus.com\/index.php\/2020\/01\/11\/auguste-molinier\/\" target=\"_blank\" rel=\"noopener noreferrer\">Auguste Molinier<\/a>, de <a href=\"https:\/\/dicoaffairedreyfus.com\/index.php\/2020\/01\/28\/paul-painleve\/\" target=\"_blank\" rel=\"noopener noreferrer\">Paul Painlev\u00e9<\/a> et de <a href=\"https:\/\/dicoaffairedreyfus.com\/index.php\/2020\/01\/28\/maurice-bernard\/\" target=\"_blank\" rel=\"noopener noreferrer\">Maurice Bernard<\/a>.<\/p>\r\n\r\n<p>&nbsp;<\/p>\r\n<p style=\"font-size: 12px; text-align: justify;\">Sources et bibliographie&nbsp;: La brochure verte peut se lire <a href=\"https:\/\/criminocorpus.org\/fr\/bibliotheque\/doc\/1794\/\" target=\"_blank\" rel=\"noopener noreferrer\">ici<\/a>. Les r\u00e9futations de Molinier et Painlev\u00e9 seront r\u00e9unies en une brochure publi\u00e9e \u00e0 l\u2019imprimerie G. Kadar et reprises dans Cassation II. II, tome 3, p. 891-911 et 912-943. L\u2019\u00e9tude de Bernard sera publi\u00e9e sous le titre&nbsp;: \u00ab&nbsp;Le bordereau. Explication et r\u00e9futation du syst\u00e8me de M. Alphonse Bertillon et de ses commentateurs&nbsp;\u00bb, dans les num\u00e9ros des <a href=\"https:\/\/gallica.bnf.fr\/ark:\/12148\/bpt6k7457592.item\" target=\"_blank\" rel=\"noopener noreferrer\">8<\/a>, <a href=\"https:\/\/gallica.bnf.fr\/ark:\/12148\/bpt6k745761c.item\" target=\"_blank\" rel=\"noopener noreferrer\">10<\/a>, <a href=\"https:\/\/gallica.bnf.fr\/ark:\/12148\/bpt6k7457634.item\" target=\"_blank\" rel=\"noopener noreferrer\">12<\/a>, <a href=\"https:\/\/gallica.bnf.fr\/ark:\/12148\/bpt6k745764h.item\" target=\"_blank\" rel=\"noopener noreferrer\">13<\/a>, <a href=\"https:\/\/gallica.bnf.fr\/ark:\/12148\/bpt6k7457668.item\" target=\"_blank\" rel=\"noopener noreferrer\">15<\/a>, <a href=\"https:\/\/gallica.bnf.fr\/ark:\/12148\/bpt6k7457681.item\" target=\"_blank\" rel=\"noopener noreferrer\">17<\/a>, <a href=\"https:\/\/gallica.bnf.fr\/ark:\/12148\/bpt6k745770b.item\" target=\"_blank\" rel=\"noopener noreferrer\">19<\/a> et <a href=\"https:\/\/gallica.bnf.fr\/ark:\/12148\/bpt6k745771q.item\" target=\"_blank\" rel=\"noopener noreferrer\">20 avril 1904<\/a> du <em>Si\u00e8cle<\/em>. Elle sera reprise en brochure \u00ab\u00a0Aux bureaux du <em>Si\u00e8cle<\/em>\u00a0\u00bb et dans Cassation II. II, tome 3, p. 827-880. Une r\u00e9ponse \u00e0 Painlev\u00e9, Molinier et Bernard sera publi\u00e9e par <em>L\u2019Action fran\u00e7aise\u00a0<\/em>: <em>La Th\u00e9orie de M. Bertillon. R\u00e9ponses \u00e0 MM. Bernard, Molinier et Painlev\u00e9 par <a href=\"https:\/\/dicoaffairedreyfus.com\/index.php\/2020\/01\/28\/un-polytechnicien\/\" target=\"_blank\" rel=\"noopener noreferrer\">un polytechnicien<\/a><\/em>, Paris, En vente aux bureaux de <em>L\u2019Action fran\u00e7aise<\/em>, 1904 (pr\u00e9originalement publi\u00e9e dans <em>L\u2019Action fran\u00e7aise<\/em>, 1<sup>er<\/sup> et 15 juin 1904).<\/p>\r\n\r\n\r\n\r\n<p class=\"has-text-align-right\" style=\"font-size: 10px; text-align: right;\"><em>Philippe Oriol<\/em><\/p>\r\n<p><img loading=\"lazy\" decoding=\"async\" class=\"aligncenter wp-image-1541 size-full\" src=\"https:\/\/dicoaffairedreyfus.com\/wp-content\/uploads\/2020\/01\/Brochure-verte.png\" alt=\"\" width=\"600\" height=\"800\" srcset=\"https:\/\/dicoaffairedreyfus.com\/wp-content\/uploads\/2020\/01\/Brochure-verte.png 600w, https:\/\/dicoaffairedreyfus.com\/wp-content\/uploads\/2020\/01\/Brochure-verte-225x300.png 225w\" sizes=\"auto, (max-width: 600px) 100vw, 600px\" \/><\/p>","protected":false},"excerpt":{"rendered":"<p>Ancien \u00e9l\u00e8ve de l\u2019\u00c9cole Polytechnique, un. Auteur d\u2019une brochure publi\u00e9e en 1904 par l\u2019Imprimerie Hardy et Bernard et intitul\u00e9e&nbsp;: L\u2019Affaire Dreyfus.\u2008Le Bordereau.\u2008\u00c9tudes des d\u00e9positions de M.\u2008Bertillon et du capitaine Val\u00e9rio au Conseil de guerre de Rennes . Cette brochure, \u00e0 laquelle \u00e9tait joint un atlas de 20 planches, fut connue sous le nom de \u00ab&nbsp;brochure [&hellip;]<\/p>\n","protected":false},"author":1,"featured_media":0,"comment_status":"open","ping_status":"open","sticky":false,"template":"","format":"standard","meta":{"footnotes":""},"categories":[8],"tags":[87,86],"class_list":["post-1510","post","type-post","status-publish","format-standard","hentry","category-antidreyfusard","tag-affaire-dreyfus","tag-dictionnaire-de-laffaire-dreyfus"],"yoast_head":"<!-- This site is optimized with the Yoast SEO plugin v21.1 - https:\/\/yoast.com\/wordpress\/plugins\/seo\/ -->\n<title>Ancien \u00e9l\u00e8ve de l\u2019\u00c9cole Polytechnique - Dictionnaire de l&#039;affaire Dreyfus<\/title>\n<meta name=\"robots\" content=\"index, follow, max-snippet:-1, max-image-preview:large, max-video-preview:-1\" \/>\n<link rel=\"canonical\" href=\"https:\/\/dicoaffairedreyfus.com\/index.php\/2020\/01\/28\/ancien-eleve-de-lecole-polytechnique\/\" \/>\n<meta property=\"og:locale\" content=\"fr_FR\" \/>\n<meta property=\"og:type\" content=\"article\" \/>\n<meta property=\"og:title\" content=\"Ancien \u00e9l\u00e8ve de l\u2019\u00c9cole Polytechnique - Dictionnaire de l&#039;affaire Dreyfus\" \/>\n<meta property=\"og:description\" content=\"Ancien \u00e9l\u00e8ve de l\u2019\u00c9cole Polytechnique, un. Auteur d\u2019une brochure publi\u00e9e en 1904 par l\u2019Imprimerie Hardy et Bernard et intitul\u00e9e&nbsp;: L\u2019Affaire Dreyfus.\u2008Le Bordereau.\u2008\u00c9tudes des d\u00e9positions de M.\u2008Bertillon et du capitaine Val\u00e9rio au Conseil de guerre de Rennes . Cette brochure, \u00e0 laquelle \u00e9tait joint un atlas de 20 planches, fut connue sous le nom de \u00ab&nbsp;brochure [&hellip;]\" \/>\n<meta property=\"og:url\" content=\"https:\/\/dicoaffairedreyfus.com\/index.php\/2020\/01\/28\/ancien-eleve-de-lecole-polytechnique\/\" \/>\n<meta property=\"og:site_name\" content=\"Dictionnaire de l&#039;affaire Dreyfus\" \/>\n<meta property=\"article:published_time\" content=\"2020-01-28T11:55:41+00:00\" \/>\n<meta property=\"article:modified_time\" content=\"2022-01-29T13:57:39+00:00\" \/>\n<meta property=\"og:image\" content=\"https:\/\/dicoaffairedreyfus.com\/wp-content\/uploads\/2020\/01\/Brochure-verte.png\" \/>\n<meta name=\"author\" content=\"ph.oriol\" \/>\n<meta name=\"twitter:card\" content=\"summary_large_image\" \/>\n<meta name=\"twitter:label1\" content=\"\u00c9crit par\" \/>\n\t<meta name=\"twitter:data1\" content=\"ph.oriol\" \/>\n\t<meta name=\"twitter:label2\" content=\"Dur\u00e9e de lecture estim\u00e9e\" \/>\n\t<meta name=\"twitter:data2\" content=\"2 minutes\" \/>\n<script type=\"application\/ld+json\" class=\"yoast-schema-graph\">{\"@context\":\"https:\/\/schema.org\",\"@graph\":[{\"@type\":\"Article\",\"@id\":\"https:\/\/dicoaffairedreyfus.com\/index.php\/2020\/01\/28\/ancien-eleve-de-lecole-polytechnique\/#article\",\"isPartOf\":{\"@id\":\"https:\/\/dicoaffairedreyfus.com\/index.php\/2020\/01\/28\/ancien-eleve-de-lecole-polytechnique\/\"},\"author\":{\"name\":\"ph.oriol\",\"@id\":\"https:\/\/dicoaffairedreyfus.com\/#\/schema\/person\/eb6314936862b5f00f876026520b19ef\"},\"headline\":\"Ancien \u00e9l\u00e8ve de l\u2019\u00c9cole Polytechnique\",\"datePublished\":\"2020-01-28T11:55:41+00:00\",\"dateModified\":\"2022-01-29T13:57:39+00:00\",\"mainEntityOfPage\":{\"@id\":\"https:\/\/dicoaffairedreyfus.com\/index.php\/2020\/01\/28\/ancien-eleve-de-lecole-polytechnique\/\"},\"wordCount\":466,\"commentCount\":0,\"publisher\":{\"@id\":\"https:\/\/dicoaffairedreyfus.com\/#\/schema\/person\/eb6314936862b5f00f876026520b19ef\"},\"keywords\":[\"affaire Dreyfus\",\"Dictionnaire de l&#039;affaire Dreyfus\"],\"articleSection\":[\"Antidreyfusard\"],\"inLanguage\":\"fr-FR\",\"potentialAction\":[{\"@type\":\"CommentAction\",\"name\":\"Comment\",\"target\":[\"https:\/\/dicoaffairedreyfus.com\/index.php\/2020\/01\/28\/ancien-eleve-de-lecole-polytechnique\/#respond\"]}]},{\"@type\":\"WebPage\",\"@id\":\"https:\/\/dicoaffairedreyfus.com\/index.php\/2020\/01\/28\/ancien-eleve-de-lecole-polytechnique\/\",\"url\":\"https:\/\/dicoaffairedreyfus.com\/index.php\/2020\/01\/28\/ancien-eleve-de-lecole-polytechnique\/\",\"name\":\"Ancien \u00e9l\u00e8ve de l\u2019\u00c9cole Polytechnique - Dictionnaire de l&#039;affaire Dreyfus\",\"isPartOf\":{\"@id\":\"https:\/\/dicoaffairedreyfus.com\/#website\"},\"datePublished\":\"2020-01-28T11:55:41+00:00\",\"dateModified\":\"2022-01-29T13:57:39+00:00\",\"breadcrumb\":{\"@id\":\"https:\/\/dicoaffairedreyfus.com\/index.php\/2020\/01\/28\/ancien-eleve-de-lecole-polytechnique\/#breadcrumb\"},\"inLanguage\":\"fr-FR\",\"potentialAction\":[{\"@type\":\"ReadAction\",\"target\":[\"https:\/\/dicoaffairedreyfus.com\/index.php\/2020\/01\/28\/ancien-eleve-de-lecole-polytechnique\/\"]}]},{\"@type\":\"BreadcrumbList\",\"@id\":\"https:\/\/dicoaffairedreyfus.com\/index.php\/2020\/01\/28\/ancien-eleve-de-lecole-polytechnique\/#breadcrumb\",\"itemListElement\":[{\"@type\":\"ListItem\",\"position\":1,\"name\":\"Accueil\",\"item\":\"https:\/\/dicoaffairedreyfus.com\/\"},{\"@type\":\"ListItem\",\"position\":2,\"name\":\"Ancien \u00e9l\u00e8ve de l\u2019\u00c9cole Polytechnique\"}]},{\"@type\":\"WebSite\",\"@id\":\"https:\/\/dicoaffairedreyfus.com\/#website\",\"url\":\"https:\/\/dicoaffairedreyfus.com\/\",\"name\":\"Dictionnaire de l&#039;affaire Dreyfus\",\"description\":\"Tout sur l&#039;affaire Dreyfus\",\"publisher\":{\"@id\":\"https:\/\/dicoaffairedreyfus.com\/#\/schema\/person\/eb6314936862b5f00f876026520b19ef\"},\"potentialAction\":[{\"@type\":\"SearchAction\",\"target\":{\"@type\":\"EntryPoint\",\"urlTemplate\":\"https:\/\/dicoaffairedreyfus.com\/?s={search_term_string}\"},\"query-input\":\"required name=search_term_string\"}],\"inLanguage\":\"fr-FR\"},{\"@type\":[\"Person\",\"Organization\"],\"@id\":\"https:\/\/dicoaffairedreyfus.com\/#\/schema\/person\/eb6314936862b5f00f876026520b19ef\",\"name\":\"ph.oriol\",\"image\":{\"@type\":\"ImageObject\",\"inLanguage\":\"fr-FR\",\"@id\":\"https:\/\/dicoaffairedreyfus.com\/#\/schema\/person\/image\/\",\"url\":\"https:\/\/secure.gravatar.com\/avatar\/90cd184f47237a6b9abd891ba824fbed?s=96&d=mm&r=g\",\"contentUrl\":\"https:\/\/secure.gravatar.com\/avatar\/90cd184f47237a6b9abd891ba824fbed?s=96&d=mm&r=g\",\"caption\":\"ph.oriol\"},\"logo\":{\"@id\":\"https:\/\/dicoaffairedreyfus.com\/#\/schema\/person\/image\/\"},\"sameAs\":[\"http:\/\/affaire-dreyfus.com\/\"]}]}<\/script>\n<!-- \/ Yoast SEO plugin. -->","yoast_head_json":{"title":"Ancien \u00e9l\u00e8ve de l\u2019\u00c9cole Polytechnique - Dictionnaire de l&#039;affaire Dreyfus","robots":{"index":"index","follow":"follow","max-snippet":"max-snippet:-1","max-image-preview":"max-image-preview:large","max-video-preview":"max-video-preview:-1"},"canonical":"https:\/\/dicoaffairedreyfus.com\/index.php\/2020\/01\/28\/ancien-eleve-de-lecole-polytechnique\/","og_locale":"fr_FR","og_type":"article","og_title":"Ancien \u00e9l\u00e8ve de l\u2019\u00c9cole Polytechnique - Dictionnaire de l&#039;affaire Dreyfus","og_description":"Ancien \u00e9l\u00e8ve de l\u2019\u00c9cole Polytechnique, un. Auteur d\u2019une brochure publi\u00e9e en 1904 par l\u2019Imprimerie Hardy et Bernard et intitul\u00e9e&nbsp;: L\u2019Affaire Dreyfus.\u2008Le Bordereau.\u2008\u00c9tudes des d\u00e9positions de M.\u2008Bertillon et du capitaine Val\u00e9rio au Conseil de guerre de Rennes . Cette brochure, \u00e0 laquelle \u00e9tait joint un atlas de 20 planches, fut connue sous le nom de \u00ab&nbsp;brochure [&hellip;]","og_url":"https:\/\/dicoaffairedreyfus.com\/index.php\/2020\/01\/28\/ancien-eleve-de-lecole-polytechnique\/","og_site_name":"Dictionnaire de l&#039;affaire Dreyfus","article_published_time":"2020-01-28T11:55:41+00:00","article_modified_time":"2022-01-29T13:57:39+00:00","og_image":[{"url":"https:\/\/dicoaffairedreyfus.com\/wp-content\/uploads\/2020\/01\/Brochure-verte.png"}],"author":"ph.oriol","twitter_card":"summary_large_image","twitter_misc":{"\u00c9crit par":"ph.oriol","Dur\u00e9e de lecture estim\u00e9e":"2 minutes"},"schema":{"@context":"https:\/\/schema.org","@graph":[{"@type":"Article","@id":"https:\/\/dicoaffairedreyfus.com\/index.php\/2020\/01\/28\/ancien-eleve-de-lecole-polytechnique\/#article","isPartOf":{"@id":"https:\/\/dicoaffairedreyfus.com\/index.php\/2020\/01\/28\/ancien-eleve-de-lecole-polytechnique\/"},"author":{"name":"ph.oriol","@id":"https:\/\/dicoaffairedreyfus.com\/#\/schema\/person\/eb6314936862b5f00f876026520b19ef"},"headline":"Ancien \u00e9l\u00e8ve de l\u2019\u00c9cole Polytechnique","datePublished":"2020-01-28T11:55:41+00:00","dateModified":"2022-01-29T13:57:39+00:00","mainEntityOfPage":{"@id":"https:\/\/dicoaffairedreyfus.com\/index.php\/2020\/01\/28\/ancien-eleve-de-lecole-polytechnique\/"},"wordCount":466,"commentCount":0,"publisher":{"@id":"https:\/\/dicoaffairedreyfus.com\/#\/schema\/person\/eb6314936862b5f00f876026520b19ef"},"keywords":["affaire Dreyfus","Dictionnaire de l&#039;affaire Dreyfus"],"articleSection":["Antidreyfusard"],"inLanguage":"fr-FR","potentialAction":[{"@type":"CommentAction","name":"Comment","target":["https:\/\/dicoaffairedreyfus.com\/index.php\/2020\/01\/28\/ancien-eleve-de-lecole-polytechnique\/#respond"]}]},{"@type":"WebPage","@id":"https:\/\/dicoaffairedreyfus.com\/index.php\/2020\/01\/28\/ancien-eleve-de-lecole-polytechnique\/","url":"https:\/\/dicoaffairedreyfus.com\/index.php\/2020\/01\/28\/ancien-eleve-de-lecole-polytechnique\/","name":"Ancien \u00e9l\u00e8ve de l\u2019\u00c9cole Polytechnique - Dictionnaire de l&#039;affaire Dreyfus","isPartOf":{"@id":"https:\/\/dicoaffairedreyfus.com\/#website"},"datePublished":"2020-01-28T11:55:41+00:00","dateModified":"2022-01-29T13:57:39+00:00","breadcrumb":{"@id":"https:\/\/dicoaffairedreyfus.com\/index.php\/2020\/01\/28\/ancien-eleve-de-lecole-polytechnique\/#breadcrumb"},"inLanguage":"fr-FR","potentialAction":[{"@type":"ReadAction","target":["https:\/\/dicoaffairedreyfus.com\/index.php\/2020\/01\/28\/ancien-eleve-de-lecole-polytechnique\/"]}]},{"@type":"BreadcrumbList","@id":"https:\/\/dicoaffairedreyfus.com\/index.php\/2020\/01\/28\/ancien-eleve-de-lecole-polytechnique\/#breadcrumb","itemListElement":[{"@type":"ListItem","position":1,"name":"Accueil","item":"https:\/\/dicoaffairedreyfus.com\/"},{"@type":"ListItem","position":2,"name":"Ancien \u00e9l\u00e8ve de l\u2019\u00c9cole Polytechnique"}]},{"@type":"WebSite","@id":"https:\/\/dicoaffairedreyfus.com\/#website","url":"https:\/\/dicoaffairedreyfus.com\/","name":"Dictionnaire de l&#039;affaire Dreyfus","description":"Tout sur l&#039;affaire Dreyfus","publisher":{"@id":"https:\/\/dicoaffairedreyfus.com\/#\/schema\/person\/eb6314936862b5f00f876026520b19ef"},"potentialAction":[{"@type":"SearchAction","target":{"@type":"EntryPoint","urlTemplate":"https:\/\/dicoaffairedreyfus.com\/?s={search_term_string}"},"query-input":"required name=search_term_string"}],"inLanguage":"fr-FR"},{"@type":["Person","Organization"],"@id":"https:\/\/dicoaffairedreyfus.com\/#\/schema\/person\/eb6314936862b5f00f876026520b19ef","name":"ph.oriol","image":{"@type":"ImageObject","inLanguage":"fr-FR","@id":"https:\/\/dicoaffairedreyfus.com\/#\/schema\/person\/image\/","url":"https:\/\/secure.gravatar.com\/avatar\/90cd184f47237a6b9abd891ba824fbed?s=96&d=mm&r=g","contentUrl":"https:\/\/secure.gravatar.com\/avatar\/90cd184f47237a6b9abd891ba824fbed?s=96&d=mm&r=g","caption":"ph.oriol"},"logo":{"@id":"https:\/\/dicoaffairedreyfus.com\/#\/schema\/person\/image\/"},"sameAs":["http:\/\/affaire-dreyfus.com\/"]}]}},"_links":{"self":[{"href":"https:\/\/dicoaffairedreyfus.com\/index.php\/wp-json\/wp\/v2\/posts\/1510","targetHints":{"allow":["GET"]}}],"collection":[{"href":"https:\/\/dicoaffairedreyfus.com\/index.php\/wp-json\/wp\/v2\/posts"}],"about":[{"href":"https:\/\/dicoaffairedreyfus.com\/index.php\/wp-json\/wp\/v2\/types\/post"}],"author":[{"embeddable":true,"href":"https:\/\/dicoaffairedreyfus.com\/index.php\/wp-json\/wp\/v2\/users\/1"}],"replies":[{"embeddable":true,"href":"https:\/\/dicoaffairedreyfus.com\/index.php\/wp-json\/wp\/v2\/comments?post=1510"}],"version-history":[{"count":10,"href":"https:\/\/dicoaffairedreyfus.com\/index.php\/wp-json\/wp\/v2\/posts\/1510\/revisions"}],"predecessor-version":[{"id":7541,"href":"https:\/\/dicoaffairedreyfus.com\/index.php\/wp-json\/wp\/v2\/posts\/1510\/revisions\/7541"}],"wp:attachment":[{"href":"https:\/\/dicoaffairedreyfus.com\/index.php\/wp-json\/wp\/v2\/media?parent=1510"}],"wp:term":[{"taxonomy":"category","embeddable":true,"href":"https:\/\/dicoaffairedreyfus.com\/index.php\/wp-json\/wp\/v2\/categories?post=1510"},{"taxonomy":"post_tag","embeddable":true,"href":"https:\/\/dicoaffairedreyfus.com\/index.php\/wp-json\/wp\/v2\/tags?post=1510"}],"curies":[{"name":"wp","href":"https:\/\/api.w.org\/{rel}","templated":true}]}}